{"id":9996,"date":"2009-06-11T13:36:47","date_gmt":"2009-06-11T10:36:47","guid":{"rendered":"http:\/\/www.korhanyilmaz.com\/?p=9996"},"modified":"2009-06-11T13:36:47","modified_gmt":"2009-06-11T10:36:47","slug":"erkek-vahseti","status":"publish","type":"post","link":"http:\/\/www.korhanyilmaz.com\/?p=9996","title":{"rendered":"ERKEK VAHSET\u0130"},"content":{"rendered":"<p style=\"text-align: center;\"><img loading=\"lazy\" decoding=\"async\" class=\"aligncenter size-full wp-image-9997\" src=\"http:\/\/www.korhanyilmaz.com\/wp-content\/uploads\/2009\/06\/pic.php.jpg\" alt=\"\" width=\"324\" height=\"214\" \/><\/p>\n<p style=\"text-align: justify;\">Kad\u0131na y\u00f6nelik erkek \u015fiddeti s\u0131n\u0131r tan\u0131m\u0131yor. A\u0130HM\u2019in kad\u0131nlar\u0131 koruyamad\u0131\u011f\u0131 i\u00e7in mahk\u00fbm etti\u011fi T\u00fcrkiye\u2019de d\u00fcn iki kad\u0131n daha \u00f6ld\u00fcr\u00fcld\u00fc.<\/p>\n<p style=\"text-align: justify;\"><strong>HEDEFTE 19 YA\u015eINDAK\u0130 N\u0130MET VARDI<\/strong><\/p>\n<p style=\"text-align: justify;\">T\u00fcrkiye, A\u0130HM\u2019de, aile i\u00e7i \u015fiddete kar\u015f\u0131 yurtta\u015f\u0131n\u0131 koruyamad\u0131\u011f\u0131 gerek\u00e7esiyle d\u00fcn ceza alan ilk \u00fclke oldu. Aradan bir g\u00fcn ge\u00e7meden Afyonkarahisar\u2019da, yine kad\u0131na y\u00f6nelik vah\u015fet ya\u015fand\u0131. Bu sefer hedefte 19 ya\u015f\u0131ndaki Nimet G\u00fcrbunar vard\u0131. Nimet, evlili\u011fe ikna edilmek i\u00e7in yengesi ve onun 2 karde\u015fi taraf\u0131ndan ka\u00e7\u0131r\u0131ld\u0131. Kabul etmeyince tecav\u00fcze yeltenildi. Gen\u00e7 k\u0131z direnince, sopayla d\u00f6v\u00fclerek \u00f6ld\u00fcr\u00fcld\u00fc. Zanl\u0131lar, \u00e7\u0131kar\u0131ld\u0131klar\u0131 mahkemece tutuklanarak Dinar Cezaevi\u2019ne g\u00f6nderildi. <!--more--><\/p>\n<p style=\"text-align: justify;\"><strong>BU NE \u0130LK NE DE SON<\/strong><\/p>\n<p style=\"text-align: justify;\">Bu vah\u015fete maruz kalan sadece Nimet de\u011fil elbette. 27 May\u0131s\u2019ta da Sakarya\u2019n\u0131n Sapanca il\u00e7esinde be\u015f \u00e7ocuk annesi Huriye Bek\u00e7i, ayr\u0131ld\u0131\u011f\u0131 e\u015fi taraf\u0131ndan kendisini korumakla g\u00f6revli polislerin ve \u00e7ocuklar\u0131n\u0131n g\u00f6z\u00fc \u00f6n\u00fcnde kur\u015fun ya\u011fmuruna tutularak \u00f6ld\u00fcr\u00fclm\u00fc\u015ft\u00fc. 26 May\u0131s\u2019ta da, Adana\u2019da, bir kad\u0131n, evli oldu\u011funu \u00f6\u011frenince ili\u015fkisini kesti\u011fi ve savc\u0131l\u0131\u011fa su\u00e7 duyurusunda bulundu\u011fu eski ni\u015fanl\u0131s\u0131 taraf\u0131ndan, sokak ortas\u0131nda 7 yerinden b\u0131\u00e7aklanarak \u00f6ld\u00fcr\u00fclm\u00fc\u015ft\u00fc.<\/p>\n<p style=\"text-align: justify;\">Afyonkarahisar\u2019\u0131n Dinar il\u00e7esinde, 19 ya\u015f\u0131ndaki Nimet G\u00fcrbunar evlili\u011fe ikna edilmek i\u00e7in yengesi ve onun 2 karde\u015fi taraf\u0131ndan ka\u00e7\u0131r\u0131ld\u0131. Gen\u00e7 k\u0131z kabul etmeyince tecav\u00fcze yeltenildi ve sopayla d\u00f6v\u00fclerek \u00f6ld\u00fcr\u00fcld\u00fc. Olayla ilgili 3 sald\u0131rgan da tutukland\u0131<\/p>\n<p style=\"text-align: justify;\">Afyonkarahisar\u2019da, yengesi ve onun 2 karde\u015fi taraf\u0131ndan ka\u00e7\u0131r\u0131lan 19 ya\u015f\u0131ndaki gen\u00e7 k\u0131z, zanl\u0131lara direnince d\u00f6v\u00fclerek \u00f6ld\u00fcr\u00fcld\u00fc.<\/p>\n<p style=\"text-align: justify;\">Afyon\u2019un Dinar il\u00e7esine ba\u011fl\u0131 Alparslan k\u00f6y\u00fcnde oturan dedesi Mehmet G\u00fcrbunar ile g\u00fc\u00e7l\u00fckle y\u00fcr\u00fcyebilen ninesi Nimet G\u00fcrbunar\u2019\u0131n evine temizli\u011fe giden Nimet G\u00fcrbunar (19), halas\u0131n\u0131n o\u011flunun e\u015fi Fadime Alparslan ile g\u00fcn boyunca temizlik yapt\u0131.<\/p>\n<p style=\"text-align: justify;\">Ak\u015fam saatlerinde evine giden Fadime Alparslan, \u00e7ocuklar\u0131n\u0131 uyuttuktan sonra \u201cBenim az bir i\u015fim var\u201d diyerek, temizlik yapt\u0131\u011f\u0131 eve geri d\u00f6nd\u00fc. Dede Mehmet G\u00fcnbunar\u2019\u0131n yats\u0131 namaz\u0131 i\u00e7in camiye gitti\u011fi s\u0131rada kap\u0131y\u0131 \u00e7alarak Nimet G\u00fcrbunar\u2019a \u201cHal\u0131 y\u0131kad\u0131\u011f\u0131m\u0131z yerde evin anahtar\u0131n\u0131 d\u00fc\u015f\u00fcrm\u00fc\u015f\u00fcm, gel bir bakal\u0131m\u201d diyen Alparslan, gen\u00e7 k\u0131z\u0131 d\u0131\u015far\u0131 \u00e7\u0131kard\u0131. Bu s\u0131rada Fadime Alparslan\u2019\u0131n karde\u015fleri Tayfun ve Seyfi \u015eahin taraf\u0131ndan a\u011fz\u0131 kapat\u0131larak, ka\u00e7\u0131r\u0131lan Nimet G\u00fcrbunar, \u201cBizimle g\u00fczellikle gel ve ba\u011f\u0131rma\u201d diyerek sopalarla darbedildi. Zanl\u0131lar, bir otomobile bindirdikleri G\u00fcrbunar\u2019\u0131 yakla\u015f\u0131k 50 m uzakl\u0131ktaki kullan\u0131lmayan bo\u015f bir eve g\u00f6t\u00fcrd\u00fc.<\/p>\n<p style=\"text-align: justify;\"><strong>KA\u00c7IRANLARA D\u0130REND\u0130<\/strong><\/p>\n<p style=\"text-align: justify;\">Bir s\u00fcre kendisini ka\u00e7\u0131ranlara direnen gen\u00e7 k\u0131z, \u015eahin karde\u015flerin vurdu\u011fu sopa darbeleriyle kanlar i\u00e7inde yere y\u0131\u011f\u0131ld\u0131. Ald\u0131\u011f\u0131 darbeler sonucu Nimet G\u00fcrbunar olay yerinde \u00f6ld\u00fc. Gen\u00e7 k\u0131z\u0131n dedesi Mehmet G\u00fcrbunar\u2019\u0131 evin yak\u0131n\u0131nda g\u00f6ren zanl\u0131lar, panik i\u00e7inde ka\u00e7t\u0131. Bunun \u00fczerine eve giren Mehmet G\u00fcrbunar, i\u00e7eride torunu Nimet G\u00fcrbunar\u2019\u0131n cesediyle kar\u015f\u0131la\u015ft\u0131.<\/p>\n<p style=\"text-align: justify;\">Dede G\u00fcrbunar\u2019\u0131n haber vermesi \u00fczerine olay yerine gelen jandarma ekipleri, cinayet zanl\u0131s\u0131 Fadime Alparslan, Tayfun \u015eahin ve Seyfi \u015eahin\u2019i k\u0131sa s\u00fcrede yakalad\u0131. \u015eahin karde\u015flerin jandarmadaki ilk ifadelerinde \u201cBizimle gelseydi ne d\u00f6vecek ne de \u00f6ld\u00fcrecektik. G\u00fczellikle gelmedi\u011fi i\u00e7in b\u00f6yle oldu\u201d dedikleri ileri s\u00fcr\u00fcld\u00fc. Zanl\u0131lar, \u00e7\u0131kar\u0131ld\u0131klar\u0131 mahkemece tutuklanarak Dinar Cezaevi\u2019ne g\u00f6nderildi.<\/p>\n<p style=\"text-align: justify;\"><strong>YA\u015eLI DEDE OLAYI ANLATTI<\/strong><\/p>\n<p style=\"text-align: justify;\">Torununun d\u00f6v\u00fclerek \u00f6ld\u00fcr\u00fclmesinin ard\u0131ndan ya\u015fad\u0131klar\u0131n\u0131 anlatan Mehmet G\u00fcrbunar, h\u00e2l\u00e2 olay\u0131n \u015fokunu ya\u015fad\u0131\u011f\u0131n\u0131 belirterek, \u015funlar\u0131 s\u00f6yledi: \u201cFadime ile torunum ak\u015fama kadar temizlik yapt\u0131. Fadime\u2019yi namaza giderken g\u00f6rd\u00fcm, hatta \u2018Niye geri geldin\u2019 diye sordum. Ben namaz\u0131 15 dakikada k\u0131ld\u0131m geldim. Ne olduysa bu s\u00fcre i\u00e7erisinde olmu\u015f. E\u015fim zaten y\u00fcr\u00fcyemiyor, torunumun olmad\u0131\u011f\u0131n\u0131 g\u00f6r\u00fcnce sa\u011f\u0131 solu arad\u0131m. Evden \u00e7\u0131kan torunumu d\u00f6verek ve s\u00fcr\u00fckleyerek kullan\u0131lmayan k\u00f6y odas\u0131na g\u00f6t\u00fcrm\u00fc\u015fler. Burada ald\u0131\u011f\u0131 darbelerle torunum \u00f6ld\u00fc. Bunu yapanlar insan olamaz.\u201d<\/p>\n<p style=\"text-align: justify;\">\u00d6ld\u00fcr\u00fclen gen\u00e7 k\u0131z\u0131n karde\u015finin olay yerinin yak\u0131n\u0131nda oturdu\u011funu belirten dede G\u00fcrbunar, \u201cKarde\u015finin bu eve getirildi\u011fini g\u00f6rm\u00fc\u015f. Ama karanl\u0131kta kimin kimi getirdi\u011fini bilmiyor. Annesini arayarak, \u2018Anne kar\u015f\u0131daki eve bir kad\u0131n getirdiler, dedem de buralarda d\u00f6n\u00fcp duruyor\u2019 diye telefon etmi\u015f. Ondan sonra beni arad\u0131lar, ben eve girerken onlar da ka\u00e7t\u0131&#8221; dedi. Mehmet G\u00fcrbunar, kendisinin ge\u00e7 kalmas\u0131 halinde zanl\u0131lar\u0131n torununun cesedini de ortadan kald\u0131rabileceklerini \u00f6ne s\u00fcrd\u00fc.<\/p>\n<p style=\"text-align: justify;\">***<\/p>\n<p style=\"text-align: justify;\"><strong>B\u0130R C\u0130NAYET DE ANKARA\u2019DAN:<\/strong><\/p>\n<p style=\"text-align: justify;\">Ankara Ayd\u0131nl\u0131kevler\u2019de bir kad\u0131n bo\u011fularak \u00f6ld\u00fcr\u00fcld\u00fc. Kad\u0131n\u0131n bir s\u00fcre \u00f6nce ayr\u0131ld\u0131\u011f\u0131 eski e\u015fi taraf\u0131ndan \u00f6ld\u00fcr\u00fcld\u00fc\u011f\u00fc iddia edildi.<\/p>\n<p style=\"text-align: justify;\">Emniyet yetkililerine g\u00f6re, Ayd\u0131nl\u0131kevler Gar Sokak 39 numaral\u0131 binan\u0131n giri\u015f kat\u0131ndaki dairesinde Fadile Karatoprak\u2019\u0131n (23) cesedi bulundu. Olay yerine gelen polis ekipleri Fadile Karatoprak\u2019\u0131n 3 ya\u015f\u0131ndaki o\u011flu F.S\u2019nin \u201cAnnemi babam \u00f6ld\u00fcrd\u00fc\u201d \u015feklindeki s\u00f6zleri \u00fczerine ara\u015ft\u0131rma ba\u015flatt\u0131. Bu arada \u00f6ld\u00fcr\u00fclen kad\u0131n ile eski e\u015finin d\u00fcn kavga ettikleri, olay\u0131n Ayd\u0131nl\u0131kevler Polis Karakolu\u2019na yans\u0131d\u0131\u011f\u0131 ancak \u015fikayet\u00e7i olmad\u0131klar\u0131 i\u00e7in herhangi bir i\u015flem yap\u0131lmad\u0131\u011f\u0131 \u00f6\u011frenildi. Cinayet zanl\u0131s\u0131 eski e\u015fin cezaevinde h\u00fck\u00fcml\u00fc oldu\u011fu ve bir g\u00fcnl\u00fc\u011f\u00fcne izinli olarak \u00e7\u0131kt\u0131\u011f\u0131 iddia edildi. Olay\u0131n ard\u0131ndan Cinayet B\u00fcro Amirli\u011fi ekipleri, zanl\u0131n\u0131n yakalanmas\u0131 i\u00e7in \u00e7al\u0131\u015fma ba\u015flatt\u0131.<\/p>\n<p style=\"text-align: justify;\">***<\/p>\n<p style=\"text-align: justify;\"><strong>POL\u0130S\u0130N G\u00d6Z\u00dc \u00d6N\u00dcNDE \u00d6LD\u00dc<\/strong><\/p>\n<p style=\"text-align: justify;\"><strong>Eski kocadan kur\u015fun ya\u011fmuru<\/strong><\/p>\n<p style=\"text-align: justify;\">27 MayIs 2009 tarihinde Sakarya\u2019da bir kad\u0131n, ayr\u0131ld\u0131\u011f\u0131 e\u015fi taraf\u0131ndan kendisini korumakla g\u00f6revli polislerin ve \u00e7ocuklar\u0131n\u0131n g\u00f6z\u00fc \u00f6n\u00fcnde kur\u015fun ya\u011fmuruna tutularak \u00f6ld\u00fcr\u00fcld\u00fc. Sakarya\u2019n\u0131n Sapanca il\u00e7esinde, velayeti babalar\u0131nda olan \u00fc\u00e7 \u00e7ocu\u011funu g\u00f6rmek i\u00e7in iki polis memuru e\u015fli\u011finde geldi\u011fi yerde, eski e\u015fi taraf\u0131ndan \u00e7ocuklar\u0131n da i\u00e7inde bulundu\u011fu takside tabancayla vurularak \u00f6ld\u00fcr\u00fclen Huriye Bek\u00e7i, geride 5 \u00f6ks\u00fcz \u00e7ocuk b\u0131rakt\u0131.<\/p>\n<p style=\"text-align: justify;\">26 May\u0131s\u2019da da, Adana\u2019da, bir kad\u0131n, evli oldu\u011funu \u00f6\u011frenince ayr\u0131ld\u0131\u011f\u0131 ve savc\u0131l\u0131\u011fa su\u00e7 duyurusunda bulundu\u011fu eski ni\u015fanl\u0131s\u0131 taraf\u0131ndan, sokak ortas\u0131nda b\u0131\u00e7aklanarak \u00f6ld\u00fcr\u00fcld\u00fc.<\/p>\n<p style=\"text-align: justify;\">***<\/p>\n<p style=\"text-align: justify;\"><strong>A\u0130HM KARARININ DUMANI T\u00dcT\u00dcYOR<\/strong><\/p>\n<p style=\"text-align: justify;\">T\u00fcrkiye kad\u0131nlara ayr\u0131mc\u0131l\u0131k yap\u0131yor<\/p>\n<p style=\"text-align: justify;\">\u00d6NCEK\u0130 g\u00fcn a\u00e7\u0131klanan dava sonucuna g\u00f6re, T\u00fcrkiye A\u0130HM\u2019de, aile i\u00e7i \u015fiddete kar\u015f\u0131 yurtta\u015f\u0131n\u0131 koruyamad\u0131\u011f\u0131 gerek\u00e7esiyle ceza alan ilk \u00fclke olmu\u015ftu. Aile i\u00e7i \u015fiddet konusunda Ankara\u2019ya kar\u015f\u0131 a\u00e7\u0131lm\u0131\u015f ilk davay\u0131 sonu\u00e7land\u0131ran A\u0130HM, T\u00fcrkiye\u2019nin, \u015fiddet g\u00f6ren Nahide Opuz\u2019u, savc\u0131l\u0131\u011fa ba\u015fvurdu\u011fu halde, kocas\u0131ndan koruyamayarak ayr\u0131mc\u0131l\u0131k yapt\u0131\u011f\u0131na h\u00fckmetmi\u015fti. Ankara\u2019n\u0131n, Nahide Opuz\u2019a 36 bin 500 euro \u00f6demesine karar verilmi\u015f ve b\u00f6ylece Avrupa\u2019da ilk defa bir devlet A\u0130HM \u00f6n\u00fcnde kad\u0131n yurtta\u015flar\u0131na ayr\u0131mc\u0131l\u0131ktan h\u00fck\u00fcm giymi\u015fti.<\/p>\n<p style=\"text-align: justify;\"><span style=\"color: #888888;\">Kaynak : Birg\u00fcn<\/span><\/p>\n","protected":false},"excerpt":{"rendered":"<p style=\"text-align: center;\">\n<p style=\"text-align: justify;\">Kad\u0131na y\u00f6nelik erkek \u015fiddeti s\u0131n\u0131r tan\u0131m\u0131yor. A\u0130HM\u2019in kad\u0131nlar\u0131 koruyamad\u0131\u011f\u0131 i\u00e7in mahk\u00fbm etti\u011fi T\u00fcrkiye\u2019de d\u00fcn iki kad\u0131n daha \u00f6ld\u00fcr\u00fcld\u00fc.<\/p>\n<p style=\"text-align: justify;\">HEDEFTE 19 YA\u015eINDAK\u0130 N\u0130MET VARDI<\/p>\n<p style=\"text-align: justify;\">T\u00fcrkiye, A\u0130HM\u2019de, aile i\u00e7i \u015fiddete kar\u015f\u0131 yurtta\u015f\u0131n\u0131 koruyamad\u0131\u011f\u0131 gerek\u00e7esiyle d\u00fcn ceza alan ilk \u00fclke oldu. Aradan bir g\u00fcn ge\u00e7meden Afyonkarahisar\u2019da, yine kad\u0131na y\u00f6nelik <\/p>\n","protected":false},"author":1,"featured_media":0,"comment_status":"open","ping_status":"closed","sticky":false,"template":"","format":"standard","meta":{"footnotes":""},"categories":[105],"tags":[],"class_list":["post-9996","post","type-post","status-publish","format-standard","hentry","category-gundem","odd"],"_links":{"self":[{"href":"http:\/\/www.korhanyilmaz.com\/index.php?rest_route=\/wp\/v2\/posts\/9996","targetHints":{"allow":["GET"]}}],"collection":[{"href":"http:\/\/www.korhanyilmaz.com\/index.php?rest_route=\/wp\/v2\/posts"}],"about":[{"href":"http:\/\/www.korhanyilmaz.com\/index.php?rest_route=\/wp\/v2\/types\/post"}],"author":[{"embeddable":true,"href":"http:\/\/www.korhanyilmaz.com\/index.php?rest_route=\/wp\/v2\/users\/1"}],"replies":[{"embeddable":true,"href":"http:\/\/www.korhanyilmaz.com\/index.php?rest_route=%2Fwp%2Fv2%2Fcomments&post=9996"}],"version-history":[{"count":0,"href":"http:\/\/www.korhanyilmaz.com\/index.php?rest_route=\/wp\/v2\/posts\/9996\/revisions"}],"wp:attachment":[{"href":"http:\/\/www.korhanyilmaz.com\/index.php?rest_route=%2Fwp%2Fv2%2Fmedia&parent=9996"}],"wp:term":[{"taxonomy":"category","embeddable":true,"href":"http:\/\/www.korhanyilmaz.com\/index.php?rest_route=%2Fwp%2Fv2%2Fcategories&post=9996"},{"taxonomy":"post_tag","embeddable":true,"href":"http:\/\/www.korhanyilmaz.com\/index.php?rest_route=%2Fwp%2Fv2%2Ftags&post=9996"}],"curies":[{"name":"wp","href":"https:\/\/api.w.org\/{rel}","templated":true}]}}