{"id":9983,"date":"2009-06-12T09:17:06","date_gmt":"2009-06-12T06:17:06","guid":{"rendered":"http:\/\/www.korhanyilmaz.com\/?p=9983"},"modified":"2009-06-12T09:17:06","modified_gmt":"2009-06-12T06:17:06","slug":"basbakana-cinsiyet-egitimi-verilmeli","status":"publish","type":"post","link":"http:\/\/www.korhanyilmaz.com\/?p=9983","title":{"rendered":"&#039;Ba\u015fbakan&#039;a cinsiyet e\u011fitimi verilmeli&#039;"},"content":{"rendered":"<p style=\"text-align: center;\"><img loading=\"lazy\" decoding=\"async\" class=\"aligncenter size-full wp-image-9984\" src=\"http:\/\/www.korhanyilmaz.com\/wp-content\/uploads\/2009\/06\/fft28_mf188750.Jpeg\" alt=\"\" width=\"306\" height=\"204\" \/><\/p>\n<p style=\"text-align: justify;\"><strong>Avrupa \u0130nsan Haklar\u0131 Mahkemesi&#8217;nin (A\u0130HM) &#8216;kad\u0131na y\u00f6nelik \u015fiddet&#8217; nedeniyle T\u00fcrkiye&#8217;yi cezaland\u0131rmas\u0131n\u0131 kad\u0131n \u00f6rg\u00fctlerin temsilcileri &#8216;olumlu&#8217; kar\u015f\u0131lad\u0131. <\/strong><\/p>\n<p style=\"text-align: justify;\">\u00c7ok say\u0131da kad\u0131n \u00f6rg\u00fct\u00fcn\u00fcn bir araya gelerek olu\u015fturdu\u011fu T\u00fcrk Ceza Kanunu Kad\u0131n Platformu \u00fcyeleri d\u00fcn bir bas\u0131n toplant\u0131s\u0131 d\u00fczenleyerek A\u0130HM\u2019nin kad\u0131na y\u00f6nelik \u015fiddetle ilgili T\u00fcrkiye hakk\u0131nda verdi\u011fi karar\u0131 de\u011ferlendirdi. Toplant\u0131da s\u00f6z alan \u00f6rg\u00fct temsilcileri \u015f\u00f6yle konu\u015ftu:<\/p>\n<p style=\"text-align: justify;\">Kad\u0131n Adaylar\u0131 Destekleme ve E\u011fitme Derne\u011fi (KA-DER) Genel Ba\u015fkan\u0131 H\u00fclya G\u00fclbahar: Kad\u0131na kar\u015f\u0131 \u015fiddet k\u00fcresel boyutta ve T\u00fcrkiye \u00f6l\u00e7e\u011finde inan\u0131lmaz derecede artt\u0131, kitlesel k\u0131y\u0131m boyutuna ula\u015ft\u0131. \u0130nsanlar bir \u015fiddet olay\u0131 ile kar\u015f\u0131la\u015ft\u0131\u011f\u0131nda ya Mardin olay\u0131nda oldu\u011fu gibi panikliyor ya iki g\u00fcn sonra unutuyor ya da \u2018Tekildir, toplumu genelini ilgilendirmez\u2019 mant\u0131\u011f\u0131 ile deve ku\u015fu gibi ba\u015f\u0131n\u0131 kuma g\u00f6m\u00fcyor. Cumhurba\u015fkan\u0131 ve Ba\u015fbakan dahil \u00fcst d\u00fczeyde toplumsal cinsiyet e\u011fitimi verilmeli. <!--more--><\/p>\n<p style=\"text-align: justify;\">Kad\u0131n\u0131n \u0130nsan Haklar\u0131 Yeni \u00c7\u00f6z\u00fcmler Derne\u011fi kurucular\u0131ndan P\u0131nar \u0130lkkaracan: A\u0130HM kararlar\u0131 sadece tekil ki\u015fileri ilgilendirmez. H\u00fck\u00fcmet, karardaki somut \u00f6nlemleri ve mekanizmalar\u0131 kad\u0131nlar ad\u0131na ya\u015fama ge\u00e7irmekle y\u00fck\u00fcml\u00fcd\u00fcr. Bu kapsamda s\u0131\u011f\u0131nma evlerinin say\u0131s\u0131n\u0131n art\u0131r\u0131lmas\u0131, polisin aile i\u00e7i \u015fiddet vakalar\u0131nda nas\u0131l davranmas\u0131 gerekti\u011finin protokollere ba\u011flanmas\u0131 laz\u0131m. T\u00fcrkiye\u2019nin karara itiraz etmesi sevindirici geli\u015fme. \u0130tiraz kabul edilirse o zaman dava b\u00fcy\u00fck daireye gidecek. Biz oradan T\u00fcrkiye aleyhine \u00e7ok daha kapsaml\u0131 bir karar \u00e7\u0131kaca\u011f\u0131n\u0131 d\u00fc\u015f\u00fcn\u00fcyoruz.<\/p>\n<p style=\"text-align: justify;\">Mor \u00c7at\u0131 Kad\u0131n S\u0131\u011f\u0131nma Vakf\u0131ndan avukat Canan Ar\u0131n: (TBMM Kad\u0131n-Erkek F\u0131rsat E\u015fitli\u011fi Komisyonu Ba\u015fkan\u0131 G\u00fcldal Ak\u015fit\u2019in \u2018Bir tek talihsiz olaya g\u00f6re de\u011ferlendirip ceza \u00f6ng\u00f6rmek T\u00fcrkiye\u2019ye haks\u0131zl\u0131k, karar d\u00fczeltilmeli\u2019 s\u00f6zlerine kar\u015f\u0131) Bir tek bile olsa insan ya\u015fam\u0131 de\u011ferlidir. Kad\u0131nlar da vatanda\u015ft\u0131r. Can g\u00fcvenli\u011fi, i\u015f \u00f6nceli\u011fi tan\u0131nmal\u0131d\u0131r. Bu olay \u2018bir tek\u2019 denilerek ge\u00e7i\u015ftirilemez. Olay g\u00f6sterilmeye \u00e7al\u0131\u015f\u0131ld\u0131\u011f\u0131 gibi m\u00fcnferit ve \u00f6nemsiz de\u011fil, sistematik ve \u00e7ok \u00f6nemlidir.<\/p>\n<p style=\"text-align: justify;\">\u0130stanbul Valili\u011fi \u0130nsan Haklar\u0131 Masas\u0131 Ba\u015fkan\u0131 avukat Vildan Yirmibe\u015fo\u011flu: Valilik, emniyet m\u00fcd\u00fcrl\u00fc\u011f\u00fcne \u2018\u015fiddet nedeniyle ba\u015fvuran kad\u0131nlar\u0131 s\u0131\u011f\u0131nma evlerine, s\u0131\u011f\u0131nma evleri olmad\u0131\u011f\u0131 yerde misafirhanelere, misafirhane olmad\u0131\u011f\u0131 yerde de otele yerle\u015ftirin. Kad\u0131nlar\u0131n sorunlar\u0131n\u0131 \u00e7\u00f6zmek i\u00e7in gayret edin\u2019 diyor ama olmuyor. Baz\u0131 koltuklar\u0131 i\u015fgal edenler diren\u00e7 g\u00f6steriyor. Bug\u00fcn s\u0131\u011f\u0131nma evlerinin kapasitesi eskiye oranla da az.<\/p>\n<p style=\"text-align: justify;\"><span style=\"color: #888888;\">Kaynak : Radikal<\/span><\/p>\n","protected":false},"excerpt":{"rendered":"<p style=\"text-align: center;\">\n<p style=\"text-align: justify;\">Avrupa \u0130nsan Haklar\u0131 Mahkemesi&#8217;nin (A\u0130HM) &#8216;kad\u0131na y\u00f6nelik \u015fiddet&#8217; nedeniyle T\u00fcrkiye&#8217;yi cezaland\u0131rmas\u0131n\u0131 kad\u0131n \u00f6rg\u00fctlerin temsilcileri &#8216;olumlu&#8217; kar\u015f\u0131lad\u0131. <\/p>\n<p style=\"text-align: justify;\">\u00c7ok say\u0131da kad\u0131n \u00f6rg\u00fct\u00fcn\u00fcn bir araya gelerek olu\u015fturdu\u011fu T\u00fcrk Ceza Kanunu Kad\u0131n Platformu \u00fcyeleri d\u00fcn bir bas\u0131n toplant\u0131s\u0131 d\u00fczenleyerek A\u0130HM\u2019nin kad\u0131na y\u00f6nelik \u015fiddetle ilgili T\u00fcrkiye hakk\u0131nda verdi\u011fi karar\u0131 de\u011ferlendirdi. Toplant\u0131da s\u00f6z <\/p>\n","protected":false},"author":1,"featured_media":0,"comment_status":"open","ping_status":"closed","sticky":false,"template":"","format":"standard","meta":{"footnotes":""},"categories":[105],"tags":[],"class_list":["post-9983","post","type-post","status-publish","format-standard","hentry","category-gundem","odd"],"_links":{"self":[{"href":"http:\/\/www.korhanyilmaz.com\/index.php?rest_route=\/wp\/v2\/posts\/9983","targetHints":{"allow":["GET"]}}],"collection":[{"href":"http:\/\/www.korhanyilmaz.com\/index.php?rest_route=\/wp\/v2\/posts"}],"about":[{"href":"http:\/\/www.korhanyilmaz.com\/index.php?rest_route=\/wp\/v2\/types\/post"}],"author":[{"embeddable":true,"href":"http:\/\/www.korhanyilmaz.com\/index.php?rest_route=\/wp\/v2\/users\/1"}],"replies":[{"embeddable":true,"href":"http:\/\/www.korhanyilmaz.com\/index.php?rest_route=%2Fwp%2Fv2%2Fcomments&post=9983"}],"version-history":[{"count":0,"href":"http:\/\/www.korhanyilmaz.com\/index.php?rest_route=\/wp\/v2\/posts\/9983\/revisions"}],"wp:attachment":[{"href":"http:\/\/www.korhanyilmaz.com\/index.php?rest_route=%2Fwp%2Fv2%2Fmedia&parent=9983"}],"wp:term":[{"taxonomy":"category","embeddable":true,"href":"http:\/\/www.korhanyilmaz.com\/index.php?rest_route=%2Fwp%2Fv2%2Fcategories&post=9983"},{"taxonomy":"post_tag","embeddable":true,"href":"http:\/\/www.korhanyilmaz.com\/index.php?rest_route=%2Fwp%2Fv2%2Ftags&post=9983"}],"curies":[{"name":"wp","href":"https:\/\/api.w.org\/{rel}","templated":true}]}}