{"id":9978,"date":"2009-06-12T09:08:59","date_gmt":"2009-06-12T06:08:59","guid":{"rendered":"http:\/\/www.korhanyilmaz.com\/?p=9978"},"modified":"2009-06-12T09:08:59","modified_gmt":"2009-06-12T06:08:59","slug":"artik-kurtce-propaganda-yapma-ozgurlugu-var","status":"publish","type":"post","link":"http:\/\/www.korhanyilmaz.com\/?p=9978","title":{"rendered":"&#039;Art\u0131k K\u00fcrt\u00e7e propaganda yapma \u00f6zg\u00fcrl\u00fc\u011f\u00fc var&#039;"},"content":{"rendered":"<p style=\"text-align: center;\"><img loading=\"lazy\" decoding=\"async\" class=\"aligncenter size-full wp-image-9979\" src=\"http:\/\/www.korhanyilmaz.com\/wp-content\/uploads\/2009\/06\/fft28_mf188746.Jpeg\" alt=\"\" width=\"306\" height=\"204\" \/><\/p>\n<p style=\"text-align: justify;\">DTP&#8217;lileri &#8216;K\u00fcrt\u00e7e propaganda&#8217; su\u00e7undan soru\u015fturan Digor savc\u0131s\u0131 hat\u0131rlatt\u0131: &#8216;Ba\u015fbakan ve devlet y\u00f6neticileri de halka K\u00fcrt\u00e7e seslendi. Art\u0131k b\u00f6yle bir su\u00e7 olamaz&#8217;<\/p>\n<p style=\"text-align: justify;\">ANKARA &#8211; Se\u00e7im \u00e7al\u0131\u015fmalar\u0131nda K\u00fcrt\u00e7e konu\u015ftuklar\u0131 gerek\u00e7esiyle TBMM\u2019ye haklar\u0131nda y\u00fcze yak\u0131n fezleke g\u00f6nderilen DTP\u2019lilerin y\u00fcz\u00fcn\u00fc g\u00fcld\u00fcrecek \u2018emsal karar\u2019 Kars\u2019\u0131n Digor \u0130l\u00e7esi Cumhuriyet Ba\u015fsavc\u0131l\u0131\u011f\u0131\u2019ndan geldi. Digor Cumhuriyet Savc\u0131s\u0131 \u00d6mer T\u00fct\u00fcnc\u00fc, se\u00e7im b\u00fcrosu a\u00e7\u0131l\u0131\u015f\u0131nda K\u00fcrt\u00e7e konu\u015fuldu\u011fu iddias\u0131yla a\u00e7\u0131lan soru\u015fturmayla ilgili karar\u0131nda; Ba\u015fbakan Tayyip Erdo\u011fan\u2019\u0131n TRT 6\u2019n\u0131n a\u00e7\u0131l\u0131\u015f\u0131nda yapt\u0131\u011f\u0131 K\u00fcrt\u00e7e selamlamaya at\u0131fta bulunarak kovu\u015fturmaya yer olmad\u0131\u011f\u0131na h\u00fckmetti.<!--more--><\/p>\n<p style=\"text-align: justify;\">Kars\u2019\u0131n Digor il\u00e7esinde yerel se\u00e7imler \u00f6ncesi 9 \u015eubat 2009 g\u00fcn\u00fc DTP se\u00e7im b\u00fcrosu a\u00e7\u0131ld\u0131. DTP\u2019li Da\u011fp\u0131nar Belediye Ba\u015fkan\u0131 Ayhan Erkmen, DTP Kars \u0130l Ba\u015fkan\u0131 Veli M\u00fckyen ve DTP Genel Merkez y\u00f6neticisi Cemal Co\u015fkun\u2019a b\u00fcro a\u00e7\u0131l\u0131\u015f\u0131nda K\u00fcrt\u00e7e konu\u015ftuklar\u0131 gerek\u00e7esiyle Digor Cumhuriyet Savc\u0131l\u0131\u011f\u0131 taraf\u0131ndan soru\u015fturma a\u00e7\u0131ld\u0131. Soru\u015fturmay\u0131 y\u00fcr\u00fcten Cumhuriyet Savc\u0131s\u0131 \u00d6mer T\u00fct\u00fcnc\u00fc, DTP\u2019li milletvekilleri ve parti y\u00f6neticilerini \u2018K\u00fcrt\u00e7e propaganda\u2019 ile ilgili a\u00e7\u0131lan onlarca davadan kurtaracak emsal niteli\u011finde bir karar verdi.<\/p>\n<p style=\"text-align: justify;\"><strong>\u2018Bu yasalar uygulanamaz\u2019<\/strong><\/p>\n<p style=\"text-align: justify;\">298 say\u0131l\u0131 Se\u00e7imlerin Temel H\u00fck\u00fcmleri ve Se\u00e7men K\u00fct\u00fckleri Hakk\u0131ndaki Kanun ile 2820 Say\u0131l\u0131 Siyasi Partiler Kanunu\u2019nu an\u0131msatan T\u00fct\u00fcnc\u00fc, 25 May\u0131s 2009 tarihinde verdi\u011fi karar\u0131nda \u201cHer ne kadar kanun i\u00e7eri\u011finde T\u00fcrk\u00e7e\u2019den ba\u015fka dil ve yaz\u0131 kullan\u0131lmas\u0131 yasaklanm\u0131\u015f ise de TRT \u015eE\u015e ad\u0131 alt\u0131nda K\u00fcrt\u00e7e diliyle yay\u0131n hayat\u0131na ba\u015fland\u0131\u011f\u0131 gibi medya organlar\u0131nda da g\u00f6r\u00fcld\u00fc\u011f\u00fc \u00fczere devletin y\u00f6netici ve b\u00fcrokratlar\u0131 K\u00fcrt \u0131rk\u0131na mensup T\u00fcrkiye Cumhuriyeti vatanda\u015flar\u0131 ile g\u00f6r\u00fc\u015fmeleri s\u0131ras\u0131nda K\u00fcrt\u00e7e diliyle hitap ettikleri ger\u00e7e\u011fi kar\u015f\u0131s\u0131nda art\u0131k bu iki kanunun \u2018T\u00fcrk\u00e7e\u2019den ba\u015fka dil kullan\u0131lmas\u0131 yasakt\u0131r\u2019 h\u00fckm\u00fcn\u00fc ta\u015f\u0131yan maddelerinin h\u00fck\u00fcms\u00fcz kald\u0131\u011f\u0131 ve uygulama olana\u011f\u0131n\u0131n bulunmad\u0131\u011f\u0131 kabul\u00fc gerekmekle, \u015f\u00fcpheliler hakk\u0131nda CMK 172 ve 173 maddeleri gere\u011fince kovu\u015fturmaya yer olmad\u0131\u011f\u0131na&#8230;\u201d de\u011ferlendirmesinde bulundu.<\/p>\n<p style=\"text-align: justify;\">DTP milletvekilleri hakk\u0131nda bug\u00fcne kadar TBMM\u2019ye g\u00f6nderilen 227 dokunulmazl\u0131k fezlekesinden 100\u2019e yak\u0131n\u0131, \u2018Se\u00e7im \u00e7al\u0131\u015fmalar\u0131nda K\u00fcrt\u00e7e\u2019 kullan\u0131lmas\u0131ndan dolay\u0131 su\u00e7lamalar. Hatta DTP\u2019li S\u0131rr\u0131 Sak\u0131k hakk\u0131nda bir se\u00e7im konu\u015fmas\u0131 s\u0131ras\u0131nda arkas\u0131na d\u00f6nerek K\u00fcrt\u00e7e, \u201cSu getir\u201d dedi\u011fi i\u00e7in Meclis\u2019e g\u00f6nderilen fezleke de var.<\/p>\n<p style=\"text-align: justify;\"><span style=\"color: #888888;\">Kaynak : Rifat Ba\u015faran &#8211; Radikal<\/span><\/p>\n","protected":false},"excerpt":{"rendered":"<p style=\"text-align: center;\">\n<p style=\"text-align: justify;\">DTP&#8217;lileri &#8216;K\u00fcrt\u00e7e propaganda&#8217; su\u00e7undan soru\u015fturan Digor savc\u0131s\u0131 hat\u0131rlatt\u0131: &#8216;Ba\u015fbakan ve devlet y\u00f6neticileri de halka K\u00fcrt\u00e7e seslendi. Art\u0131k b\u00f6yle bir su\u00e7 olamaz&#8217;<\/p>\n<p style=\"text-align: justify;\">ANKARA &#8211; Se\u00e7im \u00e7al\u0131\u015fmalar\u0131nda K\u00fcrt\u00e7e konu\u015ftuklar\u0131 gerek\u00e7esiyle TBMM\u2019ye haklar\u0131nda y\u00fcze yak\u0131n fezleke g\u00f6nderilen DTP\u2019lilerin y\u00fcz\u00fcn\u00fc g\u00fcld\u00fcrecek \u2018emsal karar\u2019 Kars\u2019\u0131n Digor \u0130l\u00e7esi Cumhuriyet Ba\u015fsavc\u0131l\u0131\u011f\u0131\u2019ndan geldi. Digor Cumhuriyet Savc\u0131s\u0131 <\/p>\n","protected":false},"author":1,"featured_media":0,"comment_status":"open","ping_status":"closed","sticky":false,"template":"","format":"standard","meta":{"footnotes":""},"categories":[105],"tags":[],"class_list":["post-9978","post","type-post","status-publish","format-standard","hentry","category-gundem","odd"],"_links":{"self":[{"href":"http:\/\/www.korhanyilmaz.com\/index.php?rest_route=\/wp\/v2\/posts\/9978","targetHints":{"allow":["GET"]}}],"collection":[{"href":"http:\/\/www.korhanyilmaz.com\/index.php?rest_route=\/wp\/v2\/posts"}],"about":[{"href":"http:\/\/www.korhanyilmaz.com\/index.php?rest_route=\/wp\/v2\/types\/post"}],"author":[{"embeddable":true,"href":"http:\/\/www.korhanyilmaz.com\/index.php?rest_route=\/wp\/v2\/users\/1"}],"replies":[{"embeddable":true,"href":"http:\/\/www.korhanyilmaz.com\/index.php?rest_route=%2Fwp%2Fv2%2Fcomments&post=9978"}],"version-history":[{"count":0,"href":"http:\/\/www.korhanyilmaz.com\/index.php?rest_route=\/wp\/v2\/posts\/9978\/revisions"}],"wp:attachment":[{"href":"http:\/\/www.korhanyilmaz.com\/index.php?rest_route=%2Fwp%2Fv2%2Fmedia&parent=9978"}],"wp:term":[{"taxonomy":"category","embeddable":true,"href":"http:\/\/www.korhanyilmaz.com\/index.php?rest_route=%2Fwp%2Fv2%2Fcategories&post=9978"},{"taxonomy":"post_tag","embeddable":true,"href":"http:\/\/www.korhanyilmaz.com\/index.php?rest_route=%2Fwp%2Fv2%2Ftags&post=9978"}],"curies":[{"name":"wp","href":"https:\/\/api.w.org\/{rel}","templated":true}]}}