{"id":9969,"date":"2009-06-11T17:15:55","date_gmt":"2009-06-11T14:15:55","guid":{"rendered":"http:\/\/www.korhanyilmaz.com\/?p=9969"},"modified":"2009-06-11T17:15:55","modified_gmt":"2009-06-11T14:15:55","slug":"kanadoglunun-akp-davasi-dustu","status":"publish","type":"post","link":"http:\/\/www.korhanyilmaz.com\/?p=9969","title":{"rendered":"Kanado\u011flu&#039;nun AKP davas\u0131 d\u00fc\u015ft\u00fc"},"content":{"rendered":"<p style=\"text-align: center;\"><img loading=\"lazy\" decoding=\"async\" class=\"aligncenter size-full wp-image-9970\" src=\"http:\/\/www.korhanyilmaz.com\/wp-content\/uploads\/2009\/06\/120620090237327608608.jpg\" alt=\"\" width=\"329\" height=\"210\" \/><\/p>\n<p style=\"text-align: justify;\">Anayasa Mahkemesi, Yarg\u0131tay Ba\u015fsavc\u0131l\u0131\u011f\u0131&#8217;n\u0131n ihtar\u0131na uymayan partilerin, hazine yard\u0131m\u0131ndan mahrum b\u0131rak\u0131lmas\u0131na ili\u015fkin d\u00fczenlemeyi k\u0131smen iptal etti.<\/p>\n<p style=\"text-align: justify;\">ANKARA &#8211; Anayasa Mahkemesi&#8217;nden beklenen karar \u00e7\u0131kt\u0131.<\/p>\n<p style=\"text-align: justify;\">Y\u00fcksek Mahkeme, Yarg\u0131tay Cumhuriyet Ba\u015fsavc\u0131l\u0131\u011f\u0131&#8217;n\u0131n ihtar\u0131na ra\u011fmen, ihtar\u0131n gerekliliklerini yerine getirmeyen siyasi partilere para cezas\u0131n\u0131 \u00f6ng\u00f6ren d\u00fczenlemeyi iptal etti.<\/p>\n<p style=\"text-align: justify;\">Bu kararla birlikte, Ba\u015fsavc\u0131l\u011f\u0131n ihtar yetkisinin cezai m\u00fceyyidesi ortadan kalkt\u0131. Y\u00fcksek Mahkeme karar\u0131, 2&#8217;ye kar\u015f\u0131 9 \u00fcyenin oyuyla ald\u0131.<\/p>\n<p style=\"text-align: justify;\">B\u00f6ylece, siyasi partilerin Anayasa&#8217;ya ya da yasalara uymamas\u0131 halinde ne gibi yapt\u0131r\u0131mlar uygulanaca\u011f\u0131 konusunda da yasal bir bo\u015fluk olu\u015ftu.<!--more--><\/p>\n<p style=\"text-align: justify;\"><strong>KANADO\u011eLU&#8217;NUN AKP DAVASI<\/strong><\/p>\n<p style=\"text-align: justify;\">\u0130ptal edilen d\u00fczenlemeyle ilgili 2002 y\u0131l\u0131nda AKP, CHP ve TKP hakk\u0131nda a\u00e7\u0131lan davalar var.<\/p>\n<p style=\"text-align: justify;\">D\u00f6nemin Yarg\u0131tay Cumhuriyet Ba\u015fsavc\u0131s\u0131 Sabih Kanado\u011flu, Siirt&#8217;te yapt\u0131\u011f\u0131 konu\u015fma nedeniye 10 ay hapis cezas\u0131na \u00e7arpt\u0131r\u0131lan Ba\u015fbakan Recep Tayyip Erdo\u011fan&#8217;\u0131n AKP&#8217;den ihrac\u0131n\u0131 istemi\u015fti.<\/p>\n<p style=\"text-align: justify;\">Partinin, Erdo\u011fan&#8217;\u0131n \u00fcyeli\u011fini d\u00fc\u015f\u00fcrmemesi \u00fczerine de Kanado\u011flu, Anayasa Mahkemesi&#8217;ne ba\u015fvurmu\u015f ve AKP&#8217;nin hazine yard\u0131m\u0131ndan k\u0131smen ya da tamamen mahrum b\u0131rak\u0131lmas\u0131n\u0131 istemi\u015fti.<\/p>\n<p style=\"text-align: justify;\">Y\u00fcksek Mahkeme&#8217;nin son karar\u0131 ile bu dava da ortadan kalkm\u0131\u015f oldu.<\/p>\n<p style=\"text-align: justify;\">Yarg\u0131tay Cumhuriyet Ba\u015fsavc\u0131l\u0131\u011f\u0131&#8217;n\u0131n iki m\u00fceyyide yetkisi bulunuyor. Kapatma davas\u0131 a\u00e7mak ve ihtar yetkisi. Anayasa Mahkemesi&#8217;nin karar\u0131 ile, ihtar yetkisinin cezai m\u00fceyyidesi ortadan kalkm\u0131\u015f oldu.<\/p>\n<p style=\"text-align: justify;\"><strong>\u0130PTAL ED\u0130LEN D\u00dcZENLEME<\/strong><\/p>\n<p style=\"text-align: justify;\">2820 say\u0131l\u0131 Siyasi Partiler Kanunu&#8217;nun 104. maddesinin 4778 say\u0131l\u0131 Yasa&#8217;n\u0131n 12. maddesiyle de\u011fi\u015ftirilen ikinci f\u0131kras\u0131 ikinci t\u00fcmcesi \u015f\u00f6yleydi: &#8216;&#8230; Bu yaz\u0131n\u0131n tebli\u011fi tarihinden itibaren alt\u0131 ay i\u00e7inde ayk\u0131r\u0131l\u0131k giderilmedi\u011fi takdirde, Cumhuriyet Ba\u015fsavc\u0131l\u0131\u011f\u0131 o siyasi partinin Devlet yard\u0131m\u0131ndan k\u0131smen veya tamamen yoksun b\u0131rak\u0131lmas\u0131 i\u00e7in Anayasa Mahkemesi&#8217;ne resen dava a\u00e7abilir.&#8217;<\/p>\n<p style=\"text-align: justify;\"><span style=\"color: #888888;\">Kaynak : Vatan<\/span><\/p>\n","protected":false},"excerpt":{"rendered":"<p style=\"text-align: center;\">\n<p style=\"text-align: justify;\">Anayasa Mahkemesi, Yarg\u0131tay Ba\u015fsavc\u0131l\u0131\u011f\u0131&#8217;n\u0131n ihtar\u0131na uymayan partilerin, hazine yard\u0131m\u0131ndan mahrum b\u0131rak\u0131lmas\u0131na ili\u015fkin d\u00fczenlemeyi k\u0131smen iptal etti.<\/p>\n<p style=\"text-align: justify;\">ANKARA &#8211; Anayasa Mahkemesi&#8217;nden beklenen karar \u00e7\u0131kt\u0131.<\/p>\n<p style=\"text-align: justify;\">Y\u00fcksek Mahkeme, Yarg\u0131tay Cumhuriyet Ba\u015fsavc\u0131l\u0131\u011f\u0131&#8217;n\u0131n ihtar\u0131na ra\u011fmen, ihtar\u0131n gerekliliklerini yerine getirmeyen siyasi partilere para cezas\u0131n\u0131 \u00f6ng\u00f6ren d\u00fczenlemeyi iptal etti.<\/p>\n<p style=\"text-align: justify;\">Bu kararla <\/p>\n","protected":false},"author":1,"featured_media":0,"comment_status":"open","ping_status":"closed","sticky":false,"template":"","format":"standard","meta":{"footnotes":""},"categories":[105],"tags":[],"class_list":["post-9969","post","type-post","status-publish","format-standard","hentry","category-gundem","odd"],"_links":{"self":[{"href":"http:\/\/www.korhanyilmaz.com\/index.php?rest_route=\/wp\/v2\/posts\/9969","targetHints":{"allow":["GET"]}}],"collection":[{"href":"http:\/\/www.korhanyilmaz.com\/index.php?rest_route=\/wp\/v2\/posts"}],"about":[{"href":"http:\/\/www.korhanyilmaz.com\/index.php?rest_route=\/wp\/v2\/types\/post"}],"author":[{"embeddable":true,"href":"http:\/\/www.korhanyilmaz.com\/index.php?rest_route=\/wp\/v2\/users\/1"}],"replies":[{"embeddable":true,"href":"http:\/\/www.korhanyilmaz.com\/index.php?rest_route=%2Fwp%2Fv2%2Fcomments&post=9969"}],"version-history":[{"count":0,"href":"http:\/\/www.korhanyilmaz.com\/index.php?rest_route=\/wp\/v2\/posts\/9969\/revisions"}],"wp:attachment":[{"href":"http:\/\/www.korhanyilmaz.com\/index.php?rest_route=%2Fwp%2Fv2%2Fmedia&parent=9969"}],"wp:term":[{"taxonomy":"category","embeddable":true,"href":"http:\/\/www.korhanyilmaz.com\/index.php?rest_route=%2Fwp%2Fv2%2Fcategories&post=9969"},{"taxonomy":"post_tag","embeddable":true,"href":"http:\/\/www.korhanyilmaz.com\/index.php?rest_route=%2Fwp%2Fv2%2Ftags&post=9969"}],"curies":[{"name":"wp","href":"https:\/\/api.w.org\/{rel}","templated":true}]}}