{"id":9965,"date":"2009-06-12T08:12:16","date_gmt":"2009-06-12T05:12:16","guid":{"rendered":"http:\/\/www.korhanyilmaz.com\/?p=9965"},"modified":"2009-06-12T08:12:16","modified_gmt":"2009-06-12T05:12:16","slug":"cerrah-gonderildi","status":"publish","type":"post","link":"http:\/\/www.korhanyilmaz.com\/?p=9965","title":{"rendered":"\u0130stanbul Emniyet M\u00fcd\u00fcr Cerrah, Osmaniye Valisi olarak atand\u0131."},"content":{"rendered":"<p><img loading=\"lazy\" decoding=\"async\" class=\"aligncenter size-full wp-image-9989\" src=\"http:\/\/www.korhanyilmaz.com\/wp-content\/uploads\/2009\/06\/fft27_mf188760.Jpeg\" alt=\"\" width=\"322\" height=\"97\" \/><\/p>\n<p style=\"text-align: justify;\"><strong>\u0130stanbul Emniyet M\u00fcd\u00fcr Cerrah, Osmaniye Valisi olarak atand\u0131. <\/strong><\/p>\n<p style=\"text-align: justify;\">\u0130\u00e7i\u015fleri Bakanl\u0131\u011f\u0131n\u0131n 10.06.2009 tarihli 10030 numaral\u0131 yaz\u0131s\u0131 ve Bakanlar Kurulunun 11.06.2009 tarihli karar\u0131yla 22 ilin valisi de\u011fi\u015fti.<\/p>\n<p style=\"text-align: justify;\">Resmi Gazetede yay\u0131nlanan ve internet sitesine de konulan kararnameye g\u00f6re, \u0130stanbul Emniyet M\u00fcd\u00fcr\u00fc Celalettin Cerrah, Osmaniye Valili\u011fine atand\u0131. Ayn\u0131 kararnamede se\u00e7im d\u00f6neminde ad\u0131 s\u0131k\u00e7a g\u00fcndeme gelen Tunceli Valisi Mustafa Yaman, Giresun Valili\u011fine atand\u0131. Kararnameye g\u00f6re, 8 ilin valisi merkeze al\u0131nd\u0131.<\/p>\n<p style=\"text-align: justify;\"><strong>Merkeze al\u0131nan isimler \u015f\u00f6yle;<\/strong><\/p>\n<p style=\"text-align: justify;\">Bal\u0131kesir Valisi Selahattin Hatipo\u011flu, Hatay Valisi Nusret Miro\u011flu, K\u0131r\u015fehir Valisi M. L\u00fctfullah Bilgin, Nev\u015fehir Valisi M. As\u0131m Hac\u0131mustafao\u011flu, Sivas Valisi Veysel Dalmaz, \u015eanl\u0131urfa Valisi Yusuf Yava\u015fcan, U\u015fak Valisi M. M. Kayhan Kavas ve K\u0131r\u0131kkale Valisi M. Bahrettin. <!--more--><strong><\/strong><\/p>\n<p style=\"text-align: justify;\"><strong>G\u00f6rev yerleri de\u011fi\u015ftirilen 13 valinin isimleri ve yeri g\u00f6rev yerleri de \u015fu \u015fekilde oldu; <\/strong><\/p>\n<p style=\"text-align: justify;\">Amasya Valisi M. Celalettin Lekesiz, Hatay&#8217;a, Artvin Valisi Cengiz Aydo\u011fdu, K\u0131rklareli&#8217;ne, Giresun Valisi Mustafa Ta\u015fkesen, Tunceli&#8217;ye, Kars Valisi Mehmet Ufuk Erden, K\u0131r\u015fehir&#8217;e, K\u0131rklareli Valisi H\u00fcseyin Avni Co\u015f, Ayd\u0131n&#8217;a, Konya Valisi Osman Ayd\u0131n, Nev\u015fehir&#8217;e, Malatya Valisi Halil \u0130brahim Da\u015f\u00f6z, Amasya&#8217;ya, Tekirda\u011f Valisi Ayd\u0131n Nezih Do\u011fan, Konya&#8217;ya, Trabzon Valisi Nuri Okutan, \u015eanl\u0131urfa&#8217;ya, Tunceli Valisi Mustafa Yaman, Giresun&#8217;a, Van Valisi \u00d6zdemir \u00c7akacak, U\u015fak&#8217;a, Batman Valisi Dr. Recep K\u0131z\u0131lc\u0131k, Trabzon&#8217;a, Osmaniye Valisi Z\u00fcbeyir Kemelek, Tekirda\u011f&#8217;a, atand\u0131. 9 ilin valisi de \u00e7e\u015fitli g\u00f6revlerdeki y\u00f6neticilerden atand\u0131. Buna g\u00f6re, Develi Kaymakam\u0131 Ahmet Turhan, Batman&#8217;a, Nizip Kaymakam\u0131 Hakan Yusuf G\u00fcner, K\u0131r\u0131kkale&#8217;ye, M\u00fclkiye Ba\u015fm\u00fcfetti\u015fi Ahmet Kara, Kars&#8217;a, Kocaeli B\u00fcy\u00fck\u015fehir Belediyesi Genel Sekreteri M\u00fcnir Karalo\u011flu, Van&#8217;a, Emniyet Genel M\u00fcd\u00fcr Yard\u0131mc\u0131s\u0131 Ali Kolat, Sivas&#8217;a, M\u00fclkiye Ba\u015fm\u00fcfetti\u015fi Y\u0131lmaz Arslan, Bal\u0131kesir&#8217;e, M\u00fclkiye Ba\u015fm\u00fcfetti\u015fi Do\u00e7. Dr. M. Ulvi Saran, Malatya&#8217;ya, M\u00fclkiye Ba\u015fm\u00fcfetti\u015fi Mustafa Yemlihal\u0131o\u011flu da Artvin&#8217;e atand\u0131.<\/p>\n<p style=\"text-align: justify;\"><span style=\"color: #888888;\">Kaynak : Vatan<\/span><\/p>\n","protected":false},"excerpt":{"rendered":"<\/p>\n<p style=\"text-align: justify;\">\u0130stanbul Emniyet M\u00fcd\u00fcr Cerrah, Osmaniye Valisi olarak atand\u0131. <\/p>\n<p style=\"text-align: justify;\">\u0130\u00e7i\u015fleri Bakanl\u0131\u011f\u0131n\u0131n 10.06.2009 tarihli 10030 numaral\u0131 yaz\u0131s\u0131 ve Bakanlar Kurulunun 11.06.2009 tarihli karar\u0131yla 22 ilin valisi de\u011fi\u015fti.<\/p>\n<p style=\"text-align: justify;\">Resmi Gazetede yay\u0131nlanan ve internet sitesine de konulan kararnameye g\u00f6re, \u0130stanbul Emniyet M\u00fcd\u00fcr\u00fc Celalettin Cerrah, Osmaniye Valili\u011fine atand\u0131. Ayn\u0131 kararnamede se\u00e7im d\u00f6neminde <\/p>\n","protected":false},"author":1,"featured_media":0,"comment_status":"open","ping_status":"closed","sticky":false,"template":"","format":"standard","meta":{"footnotes":""},"categories":[105],"tags":[],"class_list":["post-9965","post","type-post","status-publish","format-standard","hentry","category-gundem","odd"],"_links":{"self":[{"href":"http:\/\/www.korhanyilmaz.com\/index.php?rest_route=\/wp\/v2\/posts\/9965","targetHints":{"allow":["GET"]}}],"collection":[{"href":"http:\/\/www.korhanyilmaz.com\/index.php?rest_route=\/wp\/v2\/posts"}],"about":[{"href":"http:\/\/www.korhanyilmaz.com\/index.php?rest_route=\/wp\/v2\/types\/post"}],"author":[{"embeddable":true,"href":"http:\/\/www.korhanyilmaz.com\/index.php?rest_route=\/wp\/v2\/users\/1"}],"replies":[{"embeddable":true,"href":"http:\/\/www.korhanyilmaz.com\/index.php?rest_route=%2Fwp%2Fv2%2Fcomments&post=9965"}],"version-history":[{"count":0,"href":"http:\/\/www.korhanyilmaz.com\/index.php?rest_route=\/wp\/v2\/posts\/9965\/revisions"}],"wp:attachment":[{"href":"http:\/\/www.korhanyilmaz.com\/index.php?rest_route=%2Fwp%2Fv2%2Fmedia&parent=9965"}],"wp:term":[{"taxonomy":"category","embeddable":true,"href":"http:\/\/www.korhanyilmaz.com\/index.php?rest_route=%2Fwp%2Fv2%2Fcategories&post=9965"},{"taxonomy":"post_tag","embeddable":true,"href":"http:\/\/www.korhanyilmaz.com\/index.php?rest_route=%2Fwp%2Fv2%2Ftags&post=9965"}],"curies":[{"name":"wp","href":"https:\/\/api.w.org\/{rel}","templated":true}]}}