{"id":9960,"date":"2009-06-11T13:47:04","date_gmt":"2009-06-11T11:47:04","guid":{"rendered":"http:\/\/www.korhanyilmaz.com\/?p=9960"},"modified":"2009-06-11T13:47:04","modified_gmt":"2009-06-11T11:47:04","slug":"imf-olmazsa-olmeyiz","status":"publish","type":"post","link":"http:\/\/www.korhanyilmaz.com\/?p=9960","title":{"rendered":"&quot;IMF olmazsa \u00f6lmeyiz&quot;"},"content":{"rendered":"<p style=\"text-align: center;\"><img loading=\"lazy\" decoding=\"async\" class=\"aligncenter size-full wp-image-9961\" src=\"http:\/\/www.korhanyilmaz.com\/wp-content\/uploads\/2009\/06\/490714008750.jpg\" alt=\"\" width=\"333\" height=\"175\" \/><\/p>\n<p style=\"text-align: justify;\"><strong>Ba\u015fbakan Recep Tayyip Erdo\u011fan, g\u00fcndemdeki pek \u00e7ok konuyla ilgili \u00e7arp\u0131c\u0131 a\u00e7\u0131klamalarda bulundu.<\/strong><\/p>\n<p style=\"text-align: justify;\">\nErdo\u011fan, NTV&#8217;nin canl\u0131 yay\u0131n\u0131nda Ankara Temsilcisi Murat Akg\u00fcn&#8217;\u00fcn sorular\u0131n\u0131 yan\u0131tlad\u0131.\n<\/p>\n<p style=\"text-align: justify;\">Ter\u00f6rle m\u00fccadele ve K\u00fcrt sorunuyla ilgili olarak \u00e7\u00f6z\u00fcm s\u00fcrecine y\u00f6nelik olumlu mesajlar\u0131 verildi\u011finin belirtilerek, yeni s\u00fcreci h\u0131zland\u0131r\u0131c\u0131 bir inisiyatif d\u00fc\u015f\u00fcn\u00fcp d\u00fc\u015f\u00fcnmedi\u011fi sorusuna Erdo\u011fan, 2005&#8217;te Diyarbak\u0131r&#8217;a bir seyahatinin oldu\u011funu an\u0131msatt\u0131.<\/p>\n<p style=\"text-align: justify;\">K\u00fcrt k\u00f6kenli vatanda\u015flar\u0131n meselesinin, &#8221;benim meselem&#8221; oldu\u011funu diyerek ortaya koydu\u011funu belirten Erdo\u011fan, bu konuya partilerini kurarken, programlar\u0131nda \u00f6zel yer verdiklerini anlatt\u0131.<!--more--><\/p>\n<p style=\"text-align: justify;\">&#8221;Bu konuya ister &#8216;K\u00fcrt meselesi&#8217;, &#8216;K\u00fcrt sorunu&#8217; diyin, &#8216;ister G\u00fcneydo\u011fu sorunu&#8217; diyin, bu soruna y\u00f6nelik olarak partimizin program\u0131ndaki yeri budur&#8221; diyen Erdo\u011fan, bunun sosyoekonomik \u00e7\u00f6z\u00fcm\u00fcnden tutun, sosyok\u00fclt\u00fcrel sorunlar\u0131n \u00e7\u00f6z\u00fcm\u00fcne var\u0131ncaya kadar konuyu ele ald\u0131klar\u0131n\u0131 vurgulad\u0131.<br \/>\n2005&#8217;te Diyarbak\u0131r&#8217;a gitti\u011finde o ana kadar \u00f6zelikle ekonomik alanda att\u0131klar\u0131 ad\u0131mlar\u0131 a\u00e7\u0131klad\u0131\u011f\u0131n\u0131 belirten Erdo\u011fan, bundan sonraki s\u00fcrecin de nas\u0131l devam edece\u011fini ifade etti\u011fini an\u0131msatt\u0131. 79 y\u0131ll\u0131k tarihe bak\u0131ld\u0131\u011f\u0131nda, b\u00f6lgede kendilerinin yapt\u0131klar\u0131 yat\u0131r\u0131m\u0131n, kendilerinden \u00f6nce d\u00f6nemle k\u0131yaslanamayaca\u011f\u0131n\u0131 bildiren Erdo\u011fan, bu yat\u0131r\u0131mlar\u0131n her alan\u0131 kapsad\u0131\u011f\u0131n\u0131 belirtti.\n<\/p>\n<p style=\"text-align: justify;\">&#8221;Kendilerinin de bu noktada farkl\u0131 yerlere kanalize edilen bir psikolojik bask\u0131 alt\u0131nda tutulduklar\u0131n\u0131 g\u00f6r\u00fcyoruz&#8221; diyen Erdo\u011fan, Akg\u00fcn&#8217;\u00fcn, &#8221;kendileri derken&#8221; s\u00f6zleri \u00fczerine, &#8221;oradaki K\u00fcrt k\u00f6kenli vatanda\u015flar\u0131m\u0131n&#8230; Nedir, kimlik siyaseti noktas\u0131nda, kimlikleri tan\u0131nm\u0131yor, bir defa b\u00f6yle bir \u015fey s\u00f6z konusu de\u011fil&#8221; dedi.<\/p>\n<p style=\"text-align: justify;\">Bu noktada, kendisini alt kimlik olarak T\u00fcrkiye&#8217;yi olu\u015fturan t\u00fcm etnik unsurlar\u0131 her zaman sayg\u0131yla kar\u015f\u0131lad\u0131\u011f\u0131n\u0131 s\u00f6yledi\u011fini, bunu da AK Parti&#8217;nin politikas\u0131 oldu\u011funu belirten Erdo\u011fan, &#8221;\u00dcst kimlik olarak da T\u00fcrkiye Cumhuriyeti vatanda\u015fl\u0131\u011f\u0131n\u0131 hep beraber benimseyece\u011fiz, T\u00fcrkiye Cumhuriyeti vatanda\u015fl\u0131\u011f\u0131 da bizim \u00e7at\u0131m\u0131zd\u0131r, burada b\u00fct\u00fcnle\u015fece\u011fiz. Ama benim, T\u00fcrk karde\u015fim, K\u00fcrt karde\u015fim, Laz, \u00c7erkez, G\u00fcrc\u00fc, Abaza, Arnavut, Bo\u015fnak, akl\u0131n\u0131za ne gelirse, \u00fclkemde ya\u015fayan her etnik unsur sayg\u0131nd\u0131r. Bunu b\u00fct\u00fcn etnik unsurlar da b\u00f6yle anlamal\u0131d\u0131r&#8221; dedi.&#8221;Yarad\u0131lan\u0131, yaratandan \u00f6t\u00fcr\u00fc severiz&#8221; anlay\u0131\u015f\u0131na i\u015faret eden Ba\u015fbakan Erdo\u011fan, bu anlay\u0131\u015f\u0131 da hep ifade etti\u011fini s\u00f6yledi.<br \/>\n<strong><br \/>\n&#8221;B\u00d6LGEYE \u00c7OK RAHAT VE SIK G\u0130DER\u0130M&#8221;<br \/>\n<\/strong><br \/>\nB\u00f6lgeye de \u00e7ok s\u0131k ve rahat giden bir siyasi parti lideri oldu\u011funu anlatan Ba\u015fbakan Erdo\u011fan, \u015f\u00f6yle konu\u015ftu:\n<\/p>\n<p style=\"text-align: justify;\">&#8221;Biliyorsunuz, en son TRT 6 ile \u00f6nemli bir ad\u0131m at\u0131ld\u0131. Dillerini \u00f6\u011frenme noktas\u0131nda \u00f6nemli ad\u0131m at\u0131ld\u0131, kurslar\u0131n a\u00e7\u0131lmas\u0131 v.s. \u00d6rne\u011fin, cezaevlerinde kendi ana dillerini konu\u015famad\u0131klar\u0131n\u0131 s\u00f6ylediler. Bunu \u00e7\u00f6zm\u00fc\u015f bulunuyoruz. Bakanlar Kurulu karar\u0131 \u00e7\u0131km\u0131\u015f vaziyette, b\u00f6yle bir durum var. B\u00fct\u00fcn bunlarla beraber, bu eksikleri, bu s\u0131k\u0131nt\u0131lar\u0131 gideren bir iktidar i\u015f ba\u015f\u0131nda.<\/p>\n<p style=\"text-align: justify;\">K\u00fcrt k\u00f6kenli vatanda\u015f\u0131m, benim karde\u015fimin. \u015eu anda onun meselesi, onun sorunu benim meselem, iktidar\u0131m\u0131n meselesi. Bizler bir\u00e7ok \u015feyleri yapt\u0131k. Ama \u015fu anda &#8216;Ben k\u00fcrt k\u00f6kenli vatanda\u015flar\u0131m\u0131n temsilcisiyim&#8217; diye ortaya \u00e7\u0131kanlar acaba bu u\u011furda neler yapt\u0131lar? Bunu sormak laz\u0131m.&#8221; DTP &#8221;DTP&#8217;yi kastediyorsunuz de\u011fil mi?&#8221; diye sorulmas\u0131 \u00fczerine &#8221;mesela&#8221; diyen Erdo\u011fan, \u015f\u00f6yle devam etti:<br \/>\n&#8221;Neler yapt\u0131lar, ne gibi ekstra art\u0131 de\u011ferler getirdiler. Bunlar\u0131 sormak laz\u0131m. Fakat biz, laf \u00fcretmek yerine, i\u015f \u00fcretmek suretiyle bu \u00e7al\u0131\u015fmalar\u0131m\u0131z s\u00fcrd\u00fcr\u00fcyoruz.\n<\/p>\n<p style=\"text-align: justify;\">Ben de \u015funu s\u00f6yl\u00fcyorum, burada muhalefet olarak parlamentonun \u00e7at\u0131s\u0131 alt\u0131nda bulunan DTP \u015funu yapmal\u0131; iktidara bu konuda ben nas\u0131l yard\u0131mc\u0131 olurum, gerek b\u00f6lgeye hizmet g\u00f6t\u00fcrmede, gerek K\u00fcrt k\u00f6kenli vatanda\u015flar\u0131ma hizmet g\u00f6t\u00fcrmede. Bunu d\u00fc\u015f\u00fcnmesi laz\u0131m.<\/p>\n<p style=\"text-align: justify;\">Ama onlar bunu d\u00fc\u015f\u00fcnm\u00fcyorlar. Onlar g\u00fcnlerini eylemler \u00fczerinden nemalanmak suretiyle ge\u00e7irmeye \u00e7al\u0131\u015f\u0131yorlar. Bir huzursuzluk ortam\u0131n tahrik etmek suretiyle ge\u00e7irmeye \u00e7al\u0131\u015f\u0131yorlar. \u00d6b\u00fcr taraftan &#8216;bar\u0131\u015f \u00e7i\u00e7e\u011fi uzatt\u0131k&#8217; diyorlar, nas\u0131l bar\u0131\u015f \u00e7i\u00e7e\u011fi? Molotofkokteyliyle bar\u0131\u015f \u00e7i\u00e7e\u011fi olur mu? Yap\u0131lan toplant\u0131larda bu kadar \u00f6zg\u00fcrl\u00fckler \u015funlar bunlar deniliyor, bak\u0131yorsunuz baz\u0131 yerlere yapt\u0131\u011f\u0131m\u0131z ziyaretlerde farkl\u0131 bir m\u00fccadelenin, farkl\u0131 bir eylemin i\u00e7ine giriyorlar. \u015eehir halk\u0131n\u0131 sindirme politikalar\u0131yla b\u00f6yle bir yakla\u015f\u0131m bar\u0131\u015f i\u00e7in olur mu?&#8221;<br \/>\n<strong><br \/>\n&#8221;AHMET T\u00dcRK \u0130LE G\u00d6R\u00dc\u015eME&#8230;&#8221;<br \/>\n<\/strong><br \/>\nErdo\u011fan, &#8221;Ahmet T\u00fcrk ile g\u00f6r\u00fc\u015fme olas\u0131l\u0131\u011f\u0131n\u0131z s\u00f6z konusuydu. Bu g\u00f6r\u00fc\u015fme tamamen g\u00fcndemden kalkt\u0131 m\u0131? Yoksa \u015fu veya bu olursa olabilir mi?&#8221; sorusuna da \u015fu yan\u0131t\u0131 verdi:<\/p>\n<p style=\"text-align: justify;\">&#8221;Hay\u0131r. Ben g\u00fcndemimden filan d\u00fc\u015f\u00fcrm\u00fc\u015f de\u011filim. B\u00f6yle bir talep geldi. Ge\u00e7en yine bir tv kanal\u0131nda bana soruldu, orada da cevab\u0131n\u0131 verdim. Biz kendimizi bu noktada bir g\u00f6r\u00fc\u015fmeye haz\u0131rlad\u0131\u011f\u0131m\u0131z esnada, bak\u0131yorsunuz ertesi g\u00fcn bir haber. \u015eehitlerimiz&#8230; Tekrar bir s\u00fcre\u00e7, tekrar bak\u0131yorsunuz, 6 \u015fehidimiz&#8230; Buralarda kalk\u0131p da bunu k\u0131nayan DTP, k\u0131narken bir \u015feyi s\u00f6yleyemiyor. Bunu ben Meclis&#8217;te ilk girdikleri d\u00f6nemde s\u00f6yledim. Gelin&#8230;&#8217;\u00c7\u00fcnk\u00fc, Ba\u015fbakan bizi kabul etmiyor&#8217; diyorlar. Ben de diyorum ki kendilerine, gelin PKK \u00f6rg\u00fct\u00fcn\u00fc, ter\u00f6r \u00f6rg\u00fct\u00fc olarak, d\u00fcnya ilan etti. ABD&#8217;si, AB&#8217;si&#8230; Her yer ilan etti.<br \/>\nSiz de bunu bir ter\u00f6r \u00f6rg\u00fct\u00fc olarak ilan edin. \u0130lan etti\u011finiz andan itibaren bir\u00e7ok g\u00f6r\u00fc\u015fmenin, \u00e7ok daha farkl\u0131 bir zemine oturaca\u011f\u0131n\u0131 g\u00f6receksiniz, bunu bu kadar a\u00e7\u0131k s\u00f6yl\u00fcyorum. Ama bunu s\u00f6yleyemediler. Tam aksine avukatl\u0131\u011f\u0131na soyundular. Tabii i\u015fi zorla\u015ft\u0131r\u0131yor.\n<\/p>\n<p style=\"text-align: justify;\">Mesela, &#8216;taraflar silah b\u0131rakmal\u0131&#8217; diyorlar. Ne demek taraflar silah b\u0131rakmal\u0131. Yani bir \u00fclkenin g\u00fcvenlik g\u00fcc\u00fc, silah b\u0131rak\u0131r m\u0131? Silah\u0131 olmayan bir g\u00fcvenlik g\u00fcc\u00fc d\u00fc\u015f\u00fcn\u00fclebilir mi? B\u00f6yle bir \u015fey olur mu? Yap\u0131lmas\u0131 gereken nedir? Ter\u00f6riste silah b\u0131rak demektir.&#8221;<\/p>\n<p style=\"text-align: justify;\">&#8221;Siz o zaman PKK&#8217;dan tek yanl\u0131 bir \u00e7a\u011fr\u0131 bekliyorsunuz?&#8221; sorusuna Erdo\u011fan, &#8221;Tabii. Bu konularla ilgili olarak bu \u00e7a\u011fr\u0131y\u0131 tek yanl\u0131 yapmas\u0131 laz\u0131m. G\u00fcvenlik g\u00fcc\u00fcn\u00fcn g\u00f6revi, i\u00e7erde de d\u0131\u015farda da sald\u0131r\u0131lara kar\u015f\u0131, \u00fclkemizin can, mal g\u00fcvenli\u011fini sa\u011flamakt\u0131r&#8221; yan\u0131t\u0131n\u0131 verdi.<\/p>\n<p style=\"text-align: justify;\">&#8221;Silah ter\u00f6r\u00fcn, ortadan kald\u0131r\u0131lmas\u0131nda tek yol mudur? Diye s\u00f6yl\u00fcyorsan\u0131z. Bunun tek yol oldu\u011funu hi\u00e7bir zaman iddia etmedim&#8221; diyen Erdo\u011fan, bu i\u015fin diplomatik, siyasi, sosyo-ekonomik, sosyopsikolojik boyutunun bulundu\u011funu ifade etti. AF KONUSU &#8221;Bu konunu af boyutu var m\u0131? Hani ad\u0131 af olmasa bile&#8230;&#8221; s\u00f6zleri \u00fczerine Ba\u015fbakan Erdo\u011fan, g\u00f6reve geldikten sonra &#8221;Eve D\u00f6n\u00fc\u015f Yasas\u0131&#8221;n\u0131 haz\u0131rlad\u0131klar\u0131n\u0131 ve bu yasan\u0131n y\u00fcr\u00fcrl\u00fckte oldu\u011funu hat\u0131rlatt\u0131. Bu yasan\u0131n \u00f6n\u00fcn\u00fc de yine &#8221;kendilerinin kesti\u011fini&#8221; ifade eden Ba\u015fbakan Erdo\u011fan, &#8221;Bunu te\u015fvik etmi\u015f olsalar. Belki binlerce \u015fu anda bu konuda T\u00fcrkiye Cumhuriyeti vatanda\u015f\u0131 olan bu insanlar, bundan istifade edecekler. Ama bunu da istemiyorlar. \u00c7\u00fcnk\u00fc b\u00f6yle bir \u015fey ba\u015flad\u0131\u011f\u0131nda, bir yerde ter\u00f6r \u00f6rg\u00fct\u00fcn\u00fc nemalanma yollar\u0131 kapanm\u0131\u015f olacak&#8221; diye konu\u015ftu.<br \/>\nBir soru \u00fczerine, &#8221;Eve D\u00f6n\u00fc\u015f Yasas\u0131&#8221; \u00fczerinde &#8221;oynamalar yap\u0131labilece\u011fini&#8221; ifade eden Ba\u015fbakan Erdo\u011fan, &#8221;Ne bileyim daha faydal\u0131 hale getirilebilir. Ama biz \u015fu anda yeterlidir&#8217; diyoruz&#8221; dedi.<br \/>\nTer\u00f6rle m\u00fccadelede kurulacak yeni m\u00fcste\u015farl\u0131\u011f\u0131n ba\u015f\u0131na bir valinin gelece\u011finin ifade edildi\u011finin an\u0131msat\u0131lmas\u0131 \u00fczerine Erdo\u011fan, &#8221;\u015eu anda \u015fudur, demem yanl\u0131\u015f olur. Gerek \u0130\u00e7i\u015fleri Bakan\u0131m\u0131z, gerek bu konuyla ilgili \u00e7al\u0131\u015fmay\u0131 yapan arkada\u015flar\u0131m\u0131z\u0131n \u00fczerinde d\u00fc\u015f\u00fcnd\u00fckleri baz\u0131 isimler var. Onlar bir havuz olarak de\u011ferlendiriliyor. Sonra bana takdim edilecek sonra karar\u0131m\u0131z\u0131 verece\u011fiz&#8221; diye konu\u015ftu. <!--nextpage-->\n<\/p>\n<p style=\"text-align: justify;\">&#8220;<strong>TEMMUZ AYINDA \u00c7ALI\u015eAB\u0130L\u0130R&#8221; <\/strong><\/p>\n<p style=\"text-align: justify;\">Bir ba\u015fka soru \u00fczerine, &#8221;muhalefetin TBMM&#8217;yi \u00e7al\u0131\u015ft\u0131rmad\u0131\u011f\u0131n\u0131&#8221; ifade eden Erdo\u011fan, bundan dolay\u0131 da belki Meclis&#8217;i Temmuz ay\u0131nda kapatt\u0131rmayacaklar\u0131n\u0131 s\u00f6yledi. Erdo\u011fan, &#8221;A\u011fustos ay\u0131na sarkabilir. \u00c7\u0131karmam\u0131z gereken yasalar var. M\u00fccadelemizi bu noktada veriyoruz. Muhalefet yasama organ\u0131n\u0131 \u00e7al\u0131\u015ft\u0131rmamak i\u00e7in gayret ediyor, biz de \u00e7al\u0131\u015ft\u0131rmak i\u00e7in&#8230; \u00d6nergelerle s\u00fcrekli \u00f6n t\u0131k\u0131yorlar. \u00c7al\u0131\u015ft\u0131raca\u011f\u0131z&#8221; diye konu\u015ftu.<\/p>\n<p style=\"text-align: justify;\">Ba\u015fbakan Recep Tayyip Erdo\u011fan, &#8221;IMF olmazsa biz \u00f6lecek miyiz? Hi\u00e7 \u00f6yle bir derdimiz yok&#8221; dedi.Ba\u015fbakan Erdo\u011fan, NTV canl\u0131 yay\u0131n\u0131nda Ankara Temsilcisi Murat Akg\u00fcn&#8217;\u00fcn \u00e7e\u015fitli konulardaki sorular\u0131 yan\u0131tlad\u0131.<\/p>\n<p style=\"text-align: justify;\">&#8221;IMF ile ili\u015fkiler ne zaman netle\u015fecek?&#8221; \u015feklindeki soruya Erdo\u011fan, \u015fu yan\u0131t\u0131 verdi: &#8221;Biz, di\u011fer iktidarlar gibi de\u011filiz, \u00fclkemizin menfaatlerine ters bir \u015fey oldu\u011fu s\u00fcrece biz b\u00f6yle bir \u015feye imza atmay\u0131z. Ben, IMF Ba\u015fkan\u0131&#8217;na da s\u00f6yledim, yard\u0131mc\u0131s\u0131na da s\u00f6yledim, IMF Ba\u015fkan\u0131 ile 3 kez g\u00f6r\u00fc\u015fme yapt\u0131m. \u015eimdi yard\u0131mc\u0131s\u0131 yine gelecek. Kendileriyle g\u00f6r\u00fc\u015fme yapt\u0131m ve s\u00f6yledim. &#8216;Bak\u0131n&#8217; dedim&#8230; \u015eimdi Say\u0131n Baykal diyor &#8216;Ne istediler de siz bu i\u015fi oyal\u0131yorsunuz?&#8217; S\u00f6yl\u00fcyorum ama anlam\u0131yor. \u00c7\u00fcnk\u00fc i\u015ftigal alan\u0131 bu de\u011fil, farkl\u0131. Ben diyorum ki bak\u0131n bizden talep ettikleri \u015feyler, baz\u0131lar\u0131n\u0131 \u00f6rnek olarak veriyorum. Nedir? &#8216;Gelir \u0130daresi Ba\u015fkanl\u0131\u011f\u0131 (G\u0130B) \u00f6zerk kurulu\u015f haline gelsin&#8217;. Olamaz, b\u00f6yle bir \u015feyi biz kabullenmeyiz. B\u0131rak\u0131n o i\u015fi biz yapal\u0131m. Biz \u015fu anda reforme ederiz ama \u00f6zerk hale getirmeyiz.<br \/>\nB\u00f6yle bir \u015feyimiz yok. Reforme etmek i\u00e7in \u00e7al\u0131\u015fmalar\u0131m\u0131z var. Bu konuda say\u0131n Baykal ve di\u011fer muhalefet bize yard\u0131mc\u0131 olsunlar.&#8221;\n<\/p>\n<p style=\"text-align: justify;\">&#8221;\u015eu anda G\u0130B&#8217;in i\u00e7inde 4 ayr\u0131 ba\u015f&#8221; bulundu\u011funu ifade eden Ba\u015fbakan Erdo\u011fan, kurumda m\u00fcfetti\u015fler, vergi denetmenleri, hesap uzmanlar\u0131 bulundu\u011funu belirterek, bunu tek hale getirmek istediklerini s\u00f6yledi.Hepsinin m\u00fcfetti\u015f veya hesap uzman\u0131 olmas\u0131n\u0131 istediklerini anlatan Ba\u015fbakan Erdo\u011fan, s\u00f6zlerini \u015f\u00f6yle s\u00fcrd\u00fcrd\u00fc:<\/p>\n<p style=\"text-align: justify;\">&#8221;Bunlar tek ba\u015f olarak say\u0131 yeterli de\u011fil, az. Bu say\u0131y\u0131 daha da art\u0131ral\u0131m. Denetimleri \u00e7ok daha kaliteli yapal\u0131m ve bunu yaparken vergi denetmenleri, bu noktada daha \u00e7ok k\u00fc\u00e7\u00fck esnafla u\u011fra\u015f\u0131yorlar. Ama as\u0131l gelinmesi gereken yerler bo\u015f b\u0131rak\u0131l\u0131yor. Yani b\u00fcy\u00fck t\u00fcccarlar diyelim. Onlar\u0131n denetimini her y\u0131l sa\u011fl\u0131kl\u0131 yap\u0131lmas\u0131 laz\u0131m. \u015eimdi b\u00fcy\u00fck t\u00fcccarlarla konu\u015ftu\u011fumuz zaman da diyorlar ki &#8216;i\u015fte bu t\u00fcr kontroller bizi \u00fcrk\u00fct\u00fcyor&#8217;. \u015eimdi sizin her \u015feyiniz sa\u011flam y\u00fcr\u00fcyorsa sizi niye \u00fcrk\u00fcts\u00fcn.<\/p>\n<p style=\"text-align: justify;\">Ama \u015fu anda bak\u0131yorsunuz, kay\u0131t alt\u0131nda y\u00fczde 50 diyelim art\u0131k ortalama olarak, y\u00fczde 50 gibi bir kay\u0131t d\u0131\u015f\u0131 var. Bu kay\u0131t d\u0131\u015f\u0131n\u0131 kay\u0131t alt\u0131na almak durumunday\u0131z ki T\u00fcrkiye \u015fu s\u0131k\u0131nt\u0131lar\u0131 atlats\u0131n. Ama kendileriyle bir araya geldi\u011finiz zaman, &#8216;\u015fu vergiyi d\u00fc\u015f\u00fcr, vergiyi KDV&#8217;yi&#8217; diyorsun, tamam bunu d\u00fc\u015f\u00fcrelim, &#8216;kurumlar vergisini d\u00fc\u015f\u00fcr&#8217; diyorsun. Peki, onu, bunu d\u00fc\u015f\u00fcr de T\u00fcrkiye&#8217;yi nas\u0131l y\u00f6netece\u011fiz? Bu yat\u0131r\u0131mlar\u0131 nas\u0131l yapaca\u011f\u0131z? Bunun da y\u00f6ntemini g\u00f6sterin. &#8221;<br \/>\n<strong><br \/>\nIMF-T\u00dcRK\u0130YE \u0130L\u0130\u015eK\u0130S\u0130<br \/>\n<\/strong><br \/>\nT\u00fcrkiye&#8217;nin, IMF ile y\u00fcr\u00fctt\u00fc\u011f\u00fc g\u00f6r\u00fc\u015fmelerin ne zaman sonu\u00e7lanaca\u011f\u0131na y\u00f6nelik soru \u00fczerine Erdo\u011fan, &#8221;Biz buna mecbur de\u011filiz ki IMF olmazsa biz \u00f6lecek miyiz? Hi\u00e7 \u00f6yle bir derdimiz yok&#8221; dedi.\n<\/p>\n<p style=\"text-align: justify;\">Akg\u00fcn&#8217;\u00fcn, &#8221;Masadan da kalkm\u0131yorsunuz&#8221; s\u00f6zlerine kar\u015f\u0131l\u0131k olarak da Erdo\u011fan, &#8221;Hay\u0131r. Biz onlara s\u00f6yl\u00fcyoruz, bize a\u00e7\u0131k a\u00e7\u0131k \u015funu s\u00f6yleyin &#8216;biz sizinle beraber \u00e7al\u0131\u015faca\u011f\u0131z, \u00e7al\u0131\u015fmayaca\u011f\u0131z&#8217; bunu s\u00f6yleyin. Bizi, a\u00e7\u0131klamak zorunda b\u0131rak\u0131rs\u0131n\u0131z. \u0130cab\u0131nda gerekirse deriz ki &#8216;Karde\u015fim kusura bakma madem ki olmuyor bu i\u015f, hay\u0131rl\u0131 olsun&#8217;. Bunu da diyebiliriz. T\u00fcrkiye&#8217;de bu g\u00fc\u00e7 var&#8221; dedi.<\/p>\n<p style=\"text-align: justify;\">Brezilya&#8217;n\u0131n dedi\u011fi gibi T\u00fcrkiye&#8217;nin de bunu diyebilece\u011fini ifade eden Ba\u015fbakan Erdo\u011fan, &#8221;Ama bizi bu noktaya getirmeyin&#8221; diye konu\u015ftu.<\/p>\n<p style=\"text-align: justify;\">Akg\u00fcn&#8217;\u00fcn, &#8221;Ama siz \u015fu anda IMF&#8217;den a\u00e7\u0131klama bekliyorsunuz&#8221; s\u00f6zleri \u00fczerine de Erdo\u011fan, &#8221;\u015eu anda g\u00f6r\u00fc\u015fmelerimiz devam ediyor, \u015fu yeni g\u00f6r\u00fc\u015fmeleri de bir yapal\u0131m. Yeni ekonomik koordinasyon kurulumuz, ba\u015fta Ali Bey olmak \u00fczere \u00e7al\u0131\u015fmalar\u0131n\u0131 yaps\u0131nlar. Onlar\u0131 bir g\u00f6relim, \u00e7ok daha fazla bu i\u015fleri uzatmay\u0131 d\u00fc\u015f\u00fcnm\u00fcyoruz&#8221; de\u011ferlendirmesini yapt\u0131.<\/p>\n<p style=\"text-align: justify;\">Murat Akg\u00fcn&#8217;\u00fcn, &#8221;IMF ile ili\u015fkiler yak\u0131n bir s\u00fcre\u00e7te son bulacak&#8221; s\u00f6zleri \u00fczerine Erdo\u011fan, &#8221;Son bulmal\u0131, \u015f\u00f6yle ya da b\u00f6yle&#8230; Ve art\u0131 veya eksi&#8230; Bunlar\u0131 bir g\u00f6r\u00fc\u015f\u00fcp, biz hele hele siyasi dayatma asla kabullenemeyiz&#8221; derken, bu yaz sonuna kadar s\u00fcrecin tamamlan\u0131p tamamlanmayaca\u011f\u0131 sorusuna da &#8221;Temenni ederim ki bitsin&#8221; kar\u015f\u0131l\u0131\u011f\u0131n\u0131 verdi.<br \/>\n<strong><br \/>\n&#8221;SA\u011eIR DUYMAZ UYDURUR&#8221;<br \/>\n<\/strong><br \/>\nAkg\u00fcn&#8217;\u00fcn, baz\u0131 \u00e7evrelerin, h\u00fck\u00fcmetin, &#8221;gelecek se\u00e7imleri d\u00fc\u015f\u00fcnerek IMF ile ba\u011flay\u0131c\u0131 anla\u015fmay\u0131 d\u00fc\u015f\u00fcnmedi\u011fi&#8221; \u015feklinde iddialar\u0131n\u0131n bulundu\u011funu ifade etmesi \u00fczerine Erdo\u011fan, \u015f\u00f6yle konu\u015ftu:\n<\/p>\n<p style=\"text-align: justify;\">&#8221;Bunlar\u0131n hepsi uydurma, sa\u011f\u0131r duymaz uydurur. Sa\u011f\u0131r karde\u015flerim g\u00fccenmesin, onlar\u0131 ben \u00e7ok severim, asla b\u00f6yle bir \u015feyi kabul edemeyiz. \u00d6yle bir \u015fey s\u00f6z konusu de\u011fil. Biz bu g\u00fcne kadar siyasi etik a\u00e7\u0131s\u0131ndan, siyasi eti\u011fe s\u0131\u011fmayan hi\u00e7bir uygulama yapmad\u0131k. Bug\u00fcn de yapmay\u0131z, yar\u0131n da yapmay\u0131z. Olmas\u0131 gereken ne ise ger\u00e7ekler ne ise ger\u00e7ekleri uygular\u0131z. Hi\u00e7 kimseye bu noktada bir borcumuz yok. Siyasetimizin ilkelerini biz belirleriz. Ve ilkeli siyaset bizim i\u00e7in bir fazilet m\u00fccadelesidir. Bu fazilet m\u00fccadelesini de vermeye devam edece\u011fiz.&#8221;<\/p>\n<p style=\"text-align: justify;\">&#8221;O zaman \u015f\u00f6yle diyebilir miyiz? Art\u0131s\u0131yla eksisiyle IMF ile ili\u015fkiler son bahara kadar bir yere gelecek&#8221; s\u00f6zlerine Erdo\u011fan, &#8221;\u0130n\u015fallah, in\u015fallah&#8221; kar\u015f\u0131l\u0131\u011f\u0131n\u0131 verdi.<\/p>\n<p style=\"text-align: justify;\">Ba\u015fbakan Recep Tayyip Erdo\u011fan, CHP Genel Ba\u015fkan\u0131 Deniz Baykal&#8217;\u0131n kendisine y\u00f6nelik s\u00f6zleriyle ilgili olarak &#8221;Ben merdim ama kar\u015f\u0131mda mert olan insan ar\u0131yorum. Ama kendisi namertse bilemem&#8221; dedi.<br \/>\nErdo\u011fan, NTV&#8217;nin canl\u0131 yay\u0131n\u0131nda Ankara Temsilcisi Murat Akg\u00fcn&#8217;\u00fcn sorular\u0131n\u0131 yan\u0131tlad\u0131. Baykal&#8217;\u0131n, Irak Devlet Ba\u015fkan\u0131 Celal Talabani taraf\u0131ndan Ba\u011fdat&#8217;a davet edilmesine ili\u015fkin bir soruya Erdo\u011fan, &#8221;Ben T\u00fcrkiye Cumhuriyeti&#8217;nin bir ana muhalefet lideri olarak Say\u0131n Baykal&#8217;\u0131n Say\u0131n Talabani taraf\u0131ndan davet edilmesini normal kar\u015f\u0131l\u0131yorum. Temenni ederim ki T\u00fcrkiye-Irak ili\u015fkilerine g\u00fc\u00e7 katacak g\u00f6r\u00fc\u015fmeler olur&#8221; kar\u015f\u0131l\u0131\u011f\u0131n\u0131 verdi.\n<\/p>\n<p style=\"text-align: justify;\">Ba\u015fbakan Erdo\u011fan, Akg\u00fcn&#8217;\u00fcn, &#8221;Say\u0131n Baykal ile ili\u015fkiniz olduk\u00e7a gerilimli bir atmosferde devam ediyor. Say\u0131n Baykal size y\u00f6nelik (Ben samimiyetimden \u00f6t\u00fcr\u00fc O&#8217;na sen diyorum) dedi. Ard\u0131ndan da sizi kaba buldu\u011funu ifade etti. Ne dersiniz Say\u0131n Baykal ile ile ili\u015fkileriniz hep bu d\u00fczeyde mi devam edecek?&#8221; sorusuna \u015fu yan\u0131t\u0131 verdi:<\/p>\n<p style=\"text-align: justify;\">&#8221;Kabay\u0131 da m\u0131 samimiyetinden s\u00f6yl\u00fcyor? \u015eimdi &#8216;Sen&#8217;i samimiyetinden s\u00f6yl\u00fcyor. Hadi anlad\u0131k. Nas\u0131l bir samimiyetse! Peki, T\u00fcrkiye Cumhuriyeti Ba\u015fbakan\u0131na, (T\u00fcrkiye Cumhuriyeti&#8217;nin gelmi\u015f ge\u00e7mi\u015f en kaba ba\u015fbakan\u0131d\u0131r) derken, bunu da m\u0131 samimiyetinden \u00f6t\u00fcr\u00fc s\u00f6yl\u00fcyor. Bunun nezaket kurallar\u0131 i\u00e7erisinde yeri nedir acaba? Ben bunu anlamakta zorluk \u00e7ekiyorum.<\/p>\n<p style=\"text-align: justify;\">Bak\u0131n, benim se\u00e7im \u00f6ncesi, ba\u015fbakan oldu\u011fum s\u00fcre, daha \u00f6ncesini al\u0131n inceleyin. Hi\u00e7bir zaman Say\u0131n Baykal&#8217;\u0131n \u015fahs\u0131yla ilgili bir hakaret g\u00f6rmeyeceksiniz. Say\u0131n Baykal&#8217;\u0131n benim \u015fahs\u0131mla ilgili hakaretini her zaman g\u00f6receksiniz. Kampanyalar\u0131n\u0131 hep bunun \u00fczerine bina etmi\u015ftir, hep hakaret \u00fczerine bina etmi\u015ftir. T\u00fcrkiye Cumhuriyeti Ba\u015fbakan\u0131 olarak bu bulundu\u011fum makamda bu t\u00fcr hakaretlerin bir genel ba\u015fkan taraf\u0131ndan yap\u0131lmas\u0131n\u0131n ne denli sa\u011fl\u0131kl\u0131 olaca\u011f\u0131n\u0131, ne denli yak\u0131\u015f\u0131k alaca\u011f\u0131n\u0131 d\u00fc\u015f\u00fcnm\u00fcyorsun. Fakat o sayg\u0131s\u0131zl\u0131\u011f\u0131na vars\u0131n devam etsin. Ben kendisine bu t\u00fcr sayg\u0131s\u0131zl\u0131\u011f\u0131 yapmayaca\u011f\u0131m. \u00c7\u00fcnk\u00fc benim ald\u0131\u011f\u0131m edep, adap dersleri buna m\u00fcsaade etmez. Ben yine &#8216;Siz&#8217; derim, &#8216;Say\u0131n&#8217; derim. Yani bazen belki a\u011fz\u0131m\u0131zdan ka\u00e7arak &#8216;Sen&#8217; demi\u015f olabilirim. Ama ben zihniyeti ele\u015ftiririm, ben yap\u0131lan\u0131 ele\u015ftiririm. Asla \u015fahs\u0131yla u\u011fra\u015fmam.<\/p>\n<p style=\"text-align: justify;\">Ge\u00e7enlerde yine oldu. Kendilerine Anayasa Mahkemesinin vermi\u015f oldu\u011fu 1 trilyona yak\u0131n cezay\u0131 ele\u015ftirdim. O kalkt\u0131 yine ba\u015fka yere i\u015fi g\u00f6t\u00fcr\u00fcyor. Vak\u0131flardan ald\u0131\u011f\u0131 yard\u0131mlar meselesini g\u00fcndeme getiriyor. Vak\u0131flar ile ilgili ald\u0131\u011f\u0131, almad\u0131\u011f\u0131 yard\u0131mlar\u0131 ben dile getirmedim. Bunlar gazetelerin yazd\u0131\u011f\u0131 \u015feyler.<\/p>\n<p style=\"text-align: justify;\">Siz Hazine&#8217;den ald\u0131\u011f\u0131n\u0131z 1 trilyon liral\u0131k yard\u0131m\u0131n hesab\u0131n\u0131 veremediniz ve Anayasa Mahkemesi de sizi mahkum etti. Gittiniz bu paray\u0131 \u00f6demek durumunda kald\u0131n\u0131z. Bunun hesab\u0131n\u0131 verin. Nereye \u00f6dediniz bu paray\u0131. As\u0131l yolsuzluk burada. Naylon fatura m\u0131, \u015fu mu, bu mu? Bunlar nedir? Bunlar yolsuzluk de\u011fil mi? Bu paray\u0131 nereye ka\u00e7\u0131rd\u0131n\u0131z? Hazine&#8217;nin size vermi\u015f oldu\u011fu para. Bunu ispat edin. Kulland\u0131\u011f\u0131 ifade; (ispat edemezsen namertsin). Anayasa Mahkemesi tescil etmi\u015f bunu. Benim ba\u015fka bir \u015fey s\u00f6ylememe gerek yok ki&#8230; Ben merdim ama kar\u015f\u0131mda mert olan insan ar\u0131yorum. Ama kendisi namertse bilemem.&#8221;<br \/>\n<strong><br \/>\n&#8221;BU BA\u015eBAKANIN YAPTI\u011eI H\u0130\u00c7 HAYIRLI \u0130\u015e YOK MU YA?&#8221;<br \/>\n<\/strong><br \/>\nErdo\u011fan, &#8221;Sizin baz\u0131 \u00e7\u0131k\u0131\u015flar\u0131n\u0131z, a\u00e7\u0131klamalar\u0131n\u0131zla ilgili olarak fazla sinirli, gergin oldu\u011funuza dair yorumlar da var. Siz ak\u015fam eve gitti\u011finiz zaman (ke\u015fke bunu s\u00f6ylemeseydim, biraz fazla sert ka\u00e7m\u0131\u015f falan dedi\u011finiz oluyor mu?&#8221; sorusu \u00fczerine \u015funlar\u0131 s\u00f6yledi:\n<\/p>\n<p style=\"text-align: justify;\">&#8221;Dedi\u011fim anlar da olabilir tabi. Her \u015feyden \u00f6nce insan\u0131m. Kald\u0131 ki bulundu\u011fum makam sebebiyle ben bir ki\u015fiyle, on ki\u015fiyle muhatap olmuyor, y\u00fczlerce, binlerce ki\u015fiyle muhatap oluyorum. Hedefte olan tek insans\u0131n\u0131z. Siyasetteki t\u00fcm siyasi partiler size sald\u0131r\u0131yor. Bunu 29 Mart se\u00e7imlerinde de ya\u015fad\u0131k. \u0130rili ufakl\u0131 b\u00fct\u00fcn siyasi partiler size sald\u0131r\u0131yor. Do\u011fru, yanl\u0131\u015f \u00f6nemli de\u011fil. \u015eimdi yine pazar g\u00fcn\u00fc yap\u0131lan se\u00e7imlerde de ayn\u0131 \u015feyi ya\u015fad\u0131k. Yine irili ufakl\u0131 hepsi size sald\u0131r\u0131yor. Ama ben mesela bu se\u00e7imlerde ne il\u00e7e ne beldede hi\u00e7birine kat\u0131lmad\u0131m. Sa\u011folsun bakan, milletvekili arkada\u015flar\u0131m oralara gittiler. Se\u00e7imlerin neticesi de ortada.<\/p>\n<p style=\"text-align: justify;\">Biraz da tabi sa\u011folsun medya bu i\u015fi kar\u0131\u015ft\u0131r\u0131yor. Yani ben burada basit bir \u00f6rnek vereyim. Bu da \u00e7ok \u00e7ok \u00f6nemli. S\u00fcrekli s\u00f6yl\u00fcyorlar siyasette \u00fcslup sorunu, vesaire gibi&#8230; Bunlar\u0131 s\u00f6ylerken tabi bize yap\u0131lan sald\u0131r\u0131lar noktas\u0131nda kimsenin bir \u015feyi yok.<\/p>\n<p style=\"text-align: justify;\">Bak\u0131yorsunuz bir k\u00f6\u015fe yazar\u0131 \u00e7\u0131k\u0131yor. Bug\u00fcne kadar benim \u015fahs\u0131mla ilgili hakaret i\u00e7eren oran y\u00fczde 90&#8217;\u0131 buluyor. Bu ba\u015fbakan\u0131n yapt\u0131\u011f\u0131 hi\u00e7 hay\u0131rl\u0131 i\u015f yok mu ya? Hakaretten ba\u015fka sizin yaz\u0131lar\u0131n\u0131zda yer alacak ba\u015fka bir \u015fey yok mu? Bir g\u00fcn da Allah a\u015fk\u0131na &#8216;Ya bu Ba\u015fbakan \u015fu hay\u0131rl\u0131 i\u015fi yapt\u0131, \u015furada \u015fu okullar\u0131 a\u00e7t\u0131, \u015furada \u015fu hastaneleri a\u00e7t\u0131, \u015furada adalat saraylar\u0131n\u0131 a\u00e7t\u0131&#8230;&#8217; Bunlar\u0131 g\u00f6rmeyecek misiniz? Tar\u0131mda, enerjide at\u0131lan ad\u0131mlar\u0131 g\u00f6rmeyecek misiniz? Bu kadar yap\u0131lan a\u00e7\u0131l\u0131\u015flar var. Bunlar\u0131n hi\u00e7bir tanesinin bunlar\u0131n k\u00f6\u015fesinde yer ald\u0131\u011f\u0131n\u0131 g\u00f6remezsiniz. \u0130nan\u0131n belki bu yap\u0131lanlar\u0131n hi\u00e7birinden haberleri de yok. \u0130nsan bunlar\u0131 da biraz g\u00f6rs\u00fcn be. Bu da bir insaf ister. Biz de \u00fclkemiz ad\u0131na bu t\u00fcr \u015feylerin de\u011ferlendirilmesini isteriz. Ne gazetelerinde bunu g\u00f6r\u00fcrs\u00fcn\u00fcz, ne televizyonlar\u0131nda g\u00f6r\u00fcrs\u00fcn\u00fcz.&#8221; <!--nextpage--><br \/>\n<strong><br \/>\n&#8221;BEN\u0130M KAR\u015eISINDA DURDU\u011eUM KONU HAKARETT\u0130R, ELE\u015eT\u0130R\u0130 DE\u011e\u0130LD\u0130R&#8221;<br \/>\n<\/strong><br \/>\nBa\u015fbakan Erdo\u011fan, Murat Akg\u00fcn&#8217;\u00fcn &#8221;Peki karikat\u00fcrlerinize ni\u00e7in \u00e7ok sinirliyorsunuz?&#8221; sorusuna ise &#8221;Karikat\u00fcrlerin de belli bir insaf \u00e7izgisi i\u00e7erisinde olmas\u0131n\u0131 isterim. Yani latife, n\u00fckte ta\u015f\u0131yan bir \u015fey oldu\u011fu zaman buna eyvallah. Ama kalk\u0131p da hakikaten bir insan\u0131n de\u011ferlerine sald\u0131r\u0131 niteli\u011fi ta\u015f\u0131yorsa bu karikat\u00fcr de olsa ben \u015fahsen ona kalkar\u0131m ele\u015ftirimi yapar\u0131m&#8221; yan\u0131t\u0131n\u0131 verdi.\n<\/p>\n<p style=\"text-align: justify;\">Erdo\u011fan, &#8221;Peki b\u00fct\u00fcn d\u00fcnyada ba\u015fbakanlar\u0131n benzeri bir sald\u0131r\u0131 veyahut sald\u0131r\u0131 demeyeyim de ele\u015ftiri kampanyas\u0131 i\u00e7erisinde oldu\u011funu d\u00fc\u015f\u00fcnm\u00fcyor musunuz? Mesela \u0130talya Ba\u015fbakan\u0131 Berlusconi son zamanlarda son derece zor durumda. Asl\u0131nda ba\u015fbakanlar\u0131n kaderi de mi bir yandan da ele\u015ftiri bombard\u0131man\u0131na tutulmak?&#8221; sorusu \u00fczerine, \u015f\u00f6yle konu\u015ftu:<\/p>\n<p style=\"text-align: justify;\">&#8221;\u015eimdi hangi ba\u015fbakan neler sebebiyle ele\u015ftiriliyor veya hakarete u\u011fruyor? Bunlar \u00f6nemli. Bak\u0131n ben ele\u015ftiriden bahsetmiyorum. Ben hakaretten bahsediyorum. Benim kar\u015f\u0131s\u0131nda durdu\u011fum konu hakarettir, ele\u015ftiri de\u011fildir. Ele\u015ftiri yap\u0131labilir.<\/p>\n<p style=\"text-align: justify;\">Say\u0131n Berlusconi benim dostumdur ama Berlusconi hangi y\u00f6nleriyle ele\u015ftiriliyor, Tayyip Erdo\u011fan hangi y\u00f6nleriyle ele\u015ftiriliyor buna bakman\u0131z laz\u0131m. Ben diyorum ki bunca \u015feyler yap\u0131l\u0131yor, bunca \u015feyler yap\u0131l\u0131yor olmas\u0131na ra\u011fmen, ni\u00e7in bunlar hi\u00e7 konu\u015fulmuyor da Erdo\u011fan&#8217;\u0131n yapmad\u0131\u011f\u0131 \u015feylerle tan\u0131t\u0131lmas\u0131 g\u00fcndeme getiriliyor? Neymi\u015f? (\u00dcslubu sert). Olabilir. Benim \u00fcslubum sert olabilir, bir ba\u015fkas\u0131n\u0131n sert olabilir. Yani (Herkesin \u00fcslubu yumu\u015fakt\u0131r) diye bir \u015fey yok. Ama ben de halk\u0131m\u0131n kar\u015f\u0131s\u0131na b\u00f6yle \u00e7\u0131km\u0131\u015f\u0131m, b\u00f6yle \u00e7\u0131k\u0131yorum. Halk\u0131m beni bu halimle kabul etmi\u015f. E\u011fer beni b\u00f6yle sert g\u00f6r\u00fcyorlarsa, ben sert oldu\u011fumu kabul etmiyorum. Kendi \u00e7evremde arkada\u015flar\u0131m beni bu noktada \u00e7ok daha iyi tan\u0131rlar. Tan\u0131d\u0131klar\u0131 i\u00e7indir ki \u0130stanbul gibi bir yerde belediye ba\u015fkan\u0131 se\u00e7erken de beni bu yap\u0131mla se\u00e7tiler. Partimizi kurup da bu g\u00fcnlere geldi\u011fimizde de beni bu halimle se\u00e7tiler, buralara geldik. Ge\u00e7mi\u015fte de liderlerin i\u00e7esinde de \u00e7e\u015fitli \u00fcslup i\u00e7erisinde olanlar olmu\u015ftur, vard\u0131r.<\/p>\n<p style=\"text-align: justify;\">B\u00fct\u00fcn mesele \u00fcsluptan \u00f6te \u00fcslubun i\u00e7eri\u011finde ne var? bu \u00e7ok \u00f6nemli. e\u011fer i\u00e7erikte bu \u00fclkelerin de\u011ferleri savunuluyorsa, bu \u00fclkenin de\u011ferlerine sayg\u0131 varsa bunu kimsenin ele\u015ftirme hakk\u0131 yok. \u00dcslubunuz \u00e7ok yumu\u015fak olur ama bu \u00fclkenin de\u011ferlerini yok sayars\u0131n\u0131z bu mudur olmas\u0131 gereken? Veya bu \u00fclkenin halk\u0131na haks\u0131zl\u0131k, bu \u00fclkenin halk\u0131n\u0131n haklar\u0131n\u0131 yok farz etmek yani e\u011fer bunu bu \u00fcslupla koruyor veya o \u015fekilde bunu ge\u00e7i\u015ftiriyorsan\u0131z herhalde hi\u00e7 kimse o \u00fcslubu takdir etmez. Bug\u00fcne kadar gelenleri takdir etmedi\u011fi gibi.<\/p>\n<p style=\"text-align: justify;\">\u00dcslubumda zaman zaman bu t\u00fcr sertlikler olmu\u015fsa bile bunlar, o andaki belki haleti ruhiye sebebiyle olabilir ama hi\u00e7bir zaman benim asli karakterimin tezah\u00fcr\u00fc de\u011fildir.&#8221; Ba\u015fbakan Recep Tayyip Erdo\u011fan, &#8221;Zahit Bey \u00fczerinden bir \u00e7atlak olu\u015fturma gayreti i\u00e7erisine girmek \u00e7ok yanl\u0131\u015f. B\u00fclent Bey b\u00f6yle bir yakla\u015f\u0131m i\u00e7erisinde bulunabilir. O onun ki\u015fisel kanaatidir. Yani bizim h\u00fck\u00fcmetimizin, ba\u015fta \u015fahs\u0131m\u0131n kanaati de\u011fildir. Bunu b\u00f6yle bilelim&#8221; dedi.<\/p>\n<p style=\"text-align: justify;\">NTV&#8217;nin canl\u0131 yay\u0131n\u0131nda sorular\u0131 yan\u0131tlayan Ba\u015fbakan Erdo\u011fan, &#8221;RT\u00dcK Ba\u015fkan\u0131 Zahid Akman&#8217;a y\u00f6nelik ele\u015ftirilerden \u00f6t\u00fcr\u00fc \u015fahs\u0131n\u0131z\u0131n, partinizin, h\u00fck\u00fcmetinizin y\u0131prand\u0131\u011f\u0131n\u0131 d\u00fc\u015f\u00fcn\u00fcyor musunuz?&#8221; sorusu \u00fczerine, &#8221;Bak\u0131n\u0131z, Zahit Bey&#8217;e yap\u0131lan ele\u015ftiriler veya hakk\u0131nda s\u00f6ylenenler Zahit Bey&#8217;le alakal\u0131 konulard\u0131r. Benim partimle alakal\u0131 de\u011fil. Bir defa Zahit Bey \u00fczerinden partimi vurmaya \u00e7al\u0131\u015fmak ciddi bir haks\u0131zl\u0131kt\u0131r. \u0130\u015fte orada ben derim ki o konuyla ilgili partimi ilintili hale getirmek namertliktir. \u00c7\u00fcnk\u00fc benim partimin hi\u00e7bir zaman kasas\u0131na hi\u00e7bir yerden kay\u0131t d\u0131\u015f\u0131 para girmemi\u015ftir, girmez&#8221; dedi.<\/p>\n<p style=\"text-align: justify;\">Ba\u015fbakan Erdo\u011fan, &#8221;Ama Say\u0131n Akman sizin partinizin kontenjan\u0131ndan se\u00e7ildi. Bu \u015fekilde ba\u011flant\u0131 kuruluyor&#8221; hat\u0131rlatmas\u0131 \u00fczerine de &#8221;Se\u00e7ilebilir. Ona mani bir hal yok ki. Bunu se\u00e7en neresi? TBMM se\u00e7iyor. Biz bu arkada\u015f\u0131m\u0131z\u0131 \u015fu ana kadar tan\u0131d\u0131\u011f\u0131m\u0131z, bildi\u011fimiz kadar\u0131yla temiz bir arkada\u015f\u0131m\u0131z olarak bildik, biliyoruz. Adaylar aras\u0131na koyduk ve TBMM&#8217;den de se\u00e7ildi. \u015eu anda da RT\u00dcK \u00fcyesi&#8221; diye konu\u015ftu.<br \/>\nErdo\u011fan, &#8221;Say\u0131n B\u00fclent Ar\u0131n\u00e7 da Zahid Akman&#8217;\u0131n istifa etmesi gerekti\u011fini s\u00f6yledi. Hatta bas\u0131nda da size atfen Zahit Bey&#8217;e &#8216;\u0130stifa etme. Temmuz&#8217;da yeniden adayl\u0131\u011f\u0131n\u0131 koymazs\u0131n&#8217; dedi\u011finiz s\u00f6ylendi. Do\u011fru mudur bunlar?&#8221; sorusuna, &#8221;Bir defa Zahid Bey \u00fczerinden bir \u00e7atlak olu\u015fturma gayreti i\u00e7erisine girmek \u00e7ok yanl\u0131\u015f. B\u00fclent Bey b\u00f6yle bir yakla\u015f\u0131m i\u00e7erisinde bulunabilir. O onun ki\u015fisel kanaatidir. Yani bizim h\u00fck\u00fcmetimizin, ba\u015fta \u015fahs\u0131m\u0131n kanaati de\u011fildir. Bunu b\u00f6yle bilelim. Kald\u0131 ki Zahid Bey kendisi de a\u00e7\u0131klamas\u0131n\u0131 yapm\u0131\u015ft\u0131r. Ba\u015fkanl\u0131k s\u00fcresi 15 Temmuz&#8217;da doluyor. Dolduktan sonra da zaten ba\u015fkanl\u0131\u011fa aday olmayaca\u011f\u0131n\u0131, ondan sonra 3 y\u0131l gibi bir s\u00fcre de \u00fcyelik s\u00fcresi var. D\u00fcn de nitekim yapt\u0131klar\u0131 toplant\u0131da de\u011ferlendirme yap\u0131ld\u0131. Be\u015fe, \u00fc\u00e7 CHP&#8217;nin m\u00fcracaat\u0131 veya dilek\u00e7esi reddedildi. \u015eimdi burada g\u00f6r\u00fclen bir ger\u00e7ek var. Zaten s\u00fcre burada yakla\u015fm\u0131\u015f. \u015eurada bir ay kadar gibi zaman var. Bir ay sonra da zaten aday olmayaca\u011f\u0131n\u0131 \u00e7ok net a\u00e7\u0131k\u00e7a ortaya koydu. Burada f\u0131rt\u0131nalar koparman\u0131n bir anlam\u0131 var m\u0131?&#8221; yan\u0131t\u0131n\u0131 verdi.\n<\/p>\n<p style=\"text-align: justify;\">Ba\u015fbakan Recep Tayyip Erdo\u011fan, &#8221;Diyorlar ki &#8216;bak Ba\u015fbakan sinirli&#8217;&#8230; Dertliyim ben dertli, sinirli de\u011fil&#8230;&#8221; dedi.Ba\u015fbakan Erdo\u011fan, NTV canl\u0131 yay\u0131n\u0131nda Ankara Temsilcisi Murat Akg\u00fcn&#8217;\u00fcn \u00e7e\u015fitli konulardaki sorular\u0131n\u0131 yan\u0131tlad\u0131.&#8221;Avrupa Parlamentosu se\u00e7im sonu\u00e7lar\u0131ndan sonra T\u00fcrkiye&#8217;nin i\u015fi AB yolunda biraz daha zorla\u015ft\u0131 m\u0131?&#8221; sorusunu yan\u0131tlarken, Erdo\u011fan, AB yolundaki s\u00fcre\u00e7 nas\u0131lsa bundan sonra da \u00f6yle devam edece\u011fini s\u00f6yledi.<\/p>\n<p style=\"text-align: justify;\">Orada \u00e7ok fazla bir de\u011fi\u015fiklik olmayaca\u011f\u0131n\u0131, bunun a\u011f\u0131rl\u0131kl\u0131 olarak AB \u00fcyesi \u00fclkelerin y\u00f6netimleriyle alakal\u0131 oldu\u011funu anlatan Erdo\u011fan, \u015f\u00f6yle devam etti:<\/p>\n<p style=\"text-align: justify;\">&#8221;\u015eu ana kadar biz bu noktada iyi bir durumday\u0131z. Her \u015feyden \u00f6nce bizim bir kararl\u0131l\u0131\u011f\u0131m\u0131z var. Bu kararl\u0131l\u0131\u011f\u0131m\u0131z\u0131 biz aynen s\u00fcrd\u00fcr\u00fcyoruz. Fas\u0131llar \u00fczerindeki \u00e7al\u0131\u015fmalar\u0131m\u0131z aynen devam ediyor. Bak\u0131n, i\u015fte y\u0131l ba\u015f\u0131nda bir ba\u015fm\u00fczakereci atamas\u0131 yapt\u0131k. Bug\u00fcne kadar bu yoktu. Bunu ilk defa biz getirdik. Getirmemizin sebebi daha yak\u0131n bir markaja bu i\u015fi alal\u0131m. Bu i\u015fte vaktini tamam\u0131yla buna tahsis eden bir arkada\u015f\u0131m\u0131z\u0131 devlet bakan\u0131 olarak tahsis ettik. Egemen Bey bu i\u015fi g\u00f6t\u00fcr\u00fcyor.<br \/>\n\u015eimdi AB Genel Sekreterli\u011fiyle ilgili yeni bir yap\u0131sal de\u011fi\u015fikli\u011fe gidiyoruz. Bu yeni yap\u0131sal de\u011fi\u015fiklikle de AB Genel Sekreterli\u011fimiz daha etkin bir hale gelecektir. Bir de Br\u00fcksel&#8217;de bir daimi temsilcilik binas\u0131 sat\u0131n ald\u0131k. \u00c7ok m\u00fckemmel bir yer oldu bu. \u015eimdi oras\u0131 da tamamen donan\u0131m\u0131yla b\u00fcy\u00fck\u00e7e, m\u00fcstakil, tam da merkezde bir bina. O merkezde \u00e7ok daha etkin bir hale gelece\u011fiz. Fas\u0131llar\u0131 iyi de\u011ferlendirecek bir ekiple bu \u00e7al\u0131\u015fmalar\u0131 s\u00fcrd\u00fcr\u00fcyoruz.&#8221;<br \/>\n<strong><br \/>\n&#8221;HEP JESTLER B\u0130ZDEN M\u0130 OLACAK?&#8221;<\/strong><\/p>\n<p style=\"text-align: justify;\"><strong><\/strong>Ba\u015fbakan Erdo\u011fan, AB ile ili\u015fkilerde limanlar\u0131n ve ruhban okulunun a\u00e7\u0131lmas\u0131 gibi deme\u00e7lerin verildi\u011fi s\u0131k\u0131nt\u0131l\u0131 bir d\u00f6nemin sinyallerinin geldi\u011finin ifade edilmesi \u00fczerine, \u015f\u00f6yle konu\u015ftu:<br \/>\n&#8221;Limanlar\u0131n a\u00e7\u0131l\u0131p a\u00e7\u0131lmamas\u0131 yeni bir mesele de\u011fil. Bu Finlandiya&#8217;n\u0131n d\u00f6nem ba\u015fkanl\u0131\u011f\u0131nda da g\u00fcndeme geldi. Biz kendilerine dedik ki &#8216;Limanlar\u0131n a\u00e7\u0131l\u0131p a\u00e7\u0131lmamas\u0131 meselesinde biz buna kar\u015f\u0131l\u0131kl\u0131 olarak evet deriz. G\u00fcney, Kuzey ve T\u00fcrkiye&#8230; Ama G\u00fcney bunu ba\u015fta Ercan Havaalan\u0131 olmak \u00fczere a\u00e7mak durumunda, kar\u015f\u0131l\u0131kl\u0131 olarak. M\u00fctekabiliyet neyi gerektiriyorsa buna var\u0131z.&#8217;<br \/>\nT\u00fcrkiye, Kuzey bunu yaps\u0131n da G\u00fcney bir \u015fey yapmas\u0131n. B\u00f6yle bir \u015feyin i\u00e7erisinde biz yokuz. Her iki taraf da m\u00fc\u015fterek bu i\u015fe girerse buna biz de yard\u0131mc\u0131 oluruz. Bak\u0131n biz G\u00fcney&#8217;e vize uygulamas\u0131 kald\u0131rd\u0131k. Onlar bu noktada ciddi bir ad\u0131m atamad\u0131lar. Sadece &#8216;G\u00fczel bir \u015fey oldu, jest oldu, \u015fu oldu, bu oldu&#8230;&#8217; tamam da hep bu jestler bizden mi olacak? Hani kar\u015f\u0131 taraf\u0131n jesti. Lokmac\u0131 Kap\u0131s\u0131 ile ilgili bir tak\u0131m \u015feyler oldu, yine biz ad\u0131m att\u0131k. Onlardan yine bu noktada sa\u011fl\u0131kl\u0131 geli\u015fmeler olmad\u0131. Tamam da bu bir yere kadar.&#8221;<br \/>\n<strong><br \/>\nRUHBAN OKULU VE PATR\u0130K SE\u00c7\u0130M\u0130<br \/>\n<\/strong><br \/>\nRuhban Okulu konusunun da tart\u0131\u015f\u0131labilece\u011fini, konu\u015fulabilece\u011fini ifade eden Erdo\u011fan, asl\u0131nda Ruhban Okulunun 1972 y\u0131llar\u0131na dayanan bir konu oldu\u011funu, bunun \u00e7ok da \u00f6nemli bir konu olmad\u0131\u011f\u0131n\u0131 dile getirdi. Erdo\u011fan, s\u00f6zlerini \u015f\u00f6yle s\u00fcrd\u00fcrd\u00fc:<\/p>\n<p style=\"text-align: justify;\">&#8221;Ben bunlar\u0131 yetkililere her zaman s\u00f6yledim, s\u00f6yl\u00fcyorum. Ama siz ne yap\u0131yorsunuz? Sen \u015fimdi kalk\u0131p da Bat\u0131 Trakya&#8217;da hala benim oradaki vatanda\u015flar\u0131m\u0131n se\u00e7mi\u015f oldu\u011fu bir m\u00fcft\u00fcye, resmi olarak &#8216;seni tan\u0131yorum&#8217; demezsen kendin atad\u0131\u011f\u0131n bir ki\u015fiyi m\u00fcft\u00fc olarak kabul edersen kusura bakma arkada\u015f.<br \/>\nBurada patri\u011fi kim se\u00e7er? Sensinot Meclisi se\u00e7er. Sensinot Meclisinde olanlar, tamamen bizim vatanda\u015f\u0131m\u0131z\u0131n olmas\u0131 gerekir, Lozan&#8217;a g\u00f6re. \u015eu anda Sensinot Meclisi \u00fcyeleri bizim vatanda\u015f\u0131m\u0131z de\u011fil. Biz burada da anlay\u0131\u015f g\u00f6sterdik. Ben kendileriyle a\u00e7\u0131k konu\u015fuyorum. Hi\u00e7 olmazsa vatanda\u015fl\u0131k m\u00fcracaat\u0131 yaps\u0131nlar da b\u00f6yle bir yanl\u0131\u015f\u0131n i\u00e7inde olmay\u0131n. Bunu dahi s\u00f6yledim. Rahat\u0131z bu noktada. Ama siz ne yapt\u0131n\u0131z? Onlar\u0131n yapt\u0131\u011f\u0131 bir \u015fey yok. Bat\u0131 Trakya&#8217;ya bir T\u00fcrk kelimesine tahamm\u00fcl edemiyorlar ya. \u00d6yle \u015fey olur mu? En sonunda mahkeme karar\u0131n\u0131 verdi, \u015fimdi ne yapaca\u011f\u0131z diye bir tela\u015f\u0131n i\u00e7ine d\u00fc\u015ft\u00fcler, bunu yapacaks\u0131n. Bir defa az\u0131nl\u0131klar\u0131n hukukuna her yerde ayn\u0131 \u015fekilde sayg\u0131 duyacaks\u0131n.&#8221;<br \/>\nBa\u015fbakan Erdo\u011fan, Atina&#8217;ya k\u0131sa bir s\u00fcre sonra ger\u00e7ekle\u015ftirmesi planlanan ziyaret an\u0131msat\u0131larak y\u00f6neltilen &#8221;Bunlar\u0131 Yunanistan Ba\u015fbakan\u0131 Kostas Karamanlis&#8217;e dile getirecek misiniz?&#8221; sorusu \u00fczerine, &#8221;Bunu Karamanlis dostuma \u00e7ok s\u00f6yledim. Ben bunu Say\u0131n Dora&#8217;ya D\u0131\u015fi\u015fleri Bakan\u0131, Say\u0131n Kostas&#8217;a bunlar\u0131 anlatt\u0131m s\u00fcrekli. Onlar savunam\u0131yorlar kendilerini bu noktada. &#8216;Yapaca\u011f\u0131z, edece\u011fiz, filan falan&#8217; diyorlar. Ama orada da i\u015fte medyan\u0131n bask\u0131s\u0131ndan \u00e7ok korkuyorlar. Onlar\u0131n mahalli bask\u0131s\u0131 ileri derecede medyad\u0131r&#8221; \u015feklinde konu\u015ftu.<!--nextpage--><br \/>\n<strong><br \/>\nA\u0130HM&#8217;\u0130N A\u0130LE \u0130\u00c7\u0130 \u015e\u0130DDET KARARI<br \/>\n<\/strong><br \/>\nBa\u015fbakan Erdo\u011fan, &#8221;A\u0130HM&#8217;in T\u00fcrkiye a\u00e7\u0131s\u0131ndan utan\u00e7 verici bir karar\u0131 var. Aile i\u00e7inde \u015fiddetin \u00f6nlenememesine y\u00f6nelik? Bu karar hakk\u0131nda ne d\u00fc\u015f\u00fcn\u00fcyorsunuz?&#8221; sorusu \u00fczerine, \u015funlar\u0131 s\u00f6yledi:<br \/>\n&#8221;Siz cevab\u0131 verdiniz, utan\u00e7 verici. Tekil bir olay\u0131 kalk\u0131p da T\u00fcrkiye geneline fatura etmek \u00e7ok ciddi bir yanl\u0131\u015f. Bu tekil olaylar\u0131n hepsi kendilerinde de var. Sanki T\u00fcrkiye&#8217;nin her yerinde bu t\u00fcr \u015feyler oluyormu\u015f gibi bunu de\u011ferlendirmek \u00e7ok \u00e7ok yanl\u0131\u015f bir \u015fey. Bu konuyla ilgili zaten yarg\u0131 gerekli olan kararlar\u0131 her zaman vermektedir. G\u00fcvenlik g\u00fc\u00e7leri bu t\u00fcr \u015feylerin \u00fczerine \u00e7ok ciddi, kararl\u0131 gitmektedir. Yasalar\u0131m\u0131z bu i\u015fte zaten yeterlidir.<\/p>\n<p style=\"text-align: justify;\">Y\u00fcr\u00fctme de bir yere kadar belli \u015feylerde muvaffak olabiliyor. Siz diyebilir misiniz &#8216;ben \u00fclkemde ya\u015fayan b\u00fct\u00fcn insanlar\u0131n can g\u00fcvenli\u011fini d\u00f6rt d\u00f6rtl\u00fck sa\u011flayabilirim&#8217;. Tarihin hangi d\u00f6neminde bu olmu\u015f? Bug\u00fcn d\u00fcnyan\u0131n en ileri \u00fclkesi Amerika&#8217;y\u0131 d\u00fc\u015f\u00fcn\u00fcn, Japonya&#8217;s\u0131n\u0131 d\u00fc\u015f\u00fcn\u00fcn. Ba\u015farabiliyor mu? Buralarda hi\u00e7 bu t\u00fcr olaylar olmuyor mu? Adam girmi\u015f, bak\u0131yorsun b\u00fct\u00fcn okulu tar\u0131yor. Niye taratt\u0131rd\u0131n arkada\u015f, ver bakal\u0131m hesab\u0131n\u0131. Diyebiliyorlar m\u0131 yani Amerika&#8217;da b\u00f6yle bir \u015fey vard\u0131r?&#8221;<br \/>\n<strong><br \/>\n&#8221;MEDYA B\u0130R OLAYI G\u00dcNLERCE REYT\u0130NG U\u011eRUNA G\u00dcNDEM\u0130NDE TUTARSA&#8230;&#8221;<\/strong><\/p>\n<p style=\"text-align: justify;\"><strong><\/strong>&#8221;Mardin&#8217;de 44 vatanda\u015f\u0131n katledilmesi, zorla evlendirilmek istenen bir ki\u015finin evinden ka\u00e7arken yak\u0131nlar\u0131nca \u00f6ld\u00fcr\u00fclmesi, tecav\u00fcze u\u011frayanlar var. Sanki toplum olarak \u015fiddete e\u011filimimiz biraz art\u0131yor. H\u00fck\u00fcmet olarak yapmay\u0131 planlad\u0131\u011f\u0131n\u0131z herhangi bir \u015fey var m\u0131?&#8221; sorusuna, Erdo\u011fan \u015fu kar\u015f\u0131l\u0131\u011f\u0131 verdi:<br \/>\n&#8221;Bizim bu g\u00fcne kadar baz\u0131 \u00e7al\u0131\u015fmalar\u0131m\u0131z oldu. \u015eu anda Kad\u0131n ve Aileden Sorumlu Devlet Bakanl\u0131\u011f\u0131m\u0131z\u0131n bu konuyla ilgili \u00e7al\u0131\u015fmalar\u0131 var. Bu konunun zeminini daha da geni\u015fletiyorlar. Politik hayat\u0131n i\u00e7inde olanlardan tutun da akademisyenlere kadar geni\u015f bir \u00e7al\u0131\u015fma. Ara\u015ft\u0131rma gruplar\u0131yla beraber bunlar\u0131n hepsi yap\u0131l\u0131yor. Bunlar zaten bizim sorumluluk alan\u0131m\u0131z. Nerede ne t\u00fcr eksiklikler var? Yasal de\u011fi\u015fiklikler mi gerekir, kurumsal yap\u0131da baz\u0131 de\u011fi\u015fiklikler mi gerekir, takviyeler mi gerekir? Ne gerekiyorsa bunlar\u0131n \u00fczerinde duraca\u011f\u0131z.<\/p>\n<p style=\"text-align: justify;\">Burada, bizim en \u00f6nemli deste\u011fimiz yaz\u0131l\u0131 ve g\u00f6rsel medya olmas\u0131 laz\u0131m. \u015eimdi yaz\u0131l\u0131 ve g\u00f6rsel medya bir olay\u0131 al\u0131r da allayarak pullayarak g\u00fcnlerce reyting u\u011fruna g\u00fcndeminde tutarsa biz T\u00fcrkiye&#8217;yi adeta bu i\u015flerin bir nirengi noktas\u0131na getirmi\u015f oluruz.&#8221;<br \/>\n<strong><br \/>\n&#8221;E\u011eER UNUTTURMAZSAK TRAVMA MEYDANA GET\u0130R\u0130R&#8221;<br \/>\n<\/strong><br \/>\nMardin&#8217;de 44 ki\u015finin katledilmesinin an\u0131msat\u0131lmas\u0131 \u00fczerine, Erdo\u011fan, s\u00f6zlerini \u015f\u00f6yle s\u00fcrd\u00fcrd\u00fc:<br \/>\n&#8221;Tamam, bir kere, iki kere, \u00fc\u00e7 kere olur ama T\u00fcrkiye&#8217;de her ki\u015finin ba\u015f\u0131na bir g\u00fcvenlik\u00e7i koyabilir misiniz? Koyamazs\u0131n\u0131z. Oras\u0131 korucu k\u00f6y\u00fc malum. Herkes o anda toplu hale geliyor. Olay\u0131 daha sonra hep beraber \u00f6\u011frendik. B\u00f6yle bir \u015feyi yap\u0131yorlar. Bunun ak\u0131lla mant\u0131kla izah\u0131 m\u00fcmk\u00fcn de\u011fil ki. Bu ak\u0131l d\u0131\u015f\u0131, mant\u0131k d\u0131\u015f\u0131 bir olay. Ne olacakt\u0131r, tabii ki onlar bunun kar\u015f\u0131l\u0131\u011f\u0131n\u0131 bulacaklard\u0131r. Can\u0131m\u0131z\u0131 da\u011flayan, y\u00fcre\u011fimizi yakan bir olay. Bunun dinle imanla \u015funla bunla alakas\u0131 yok. Bunun e\u011fitimle filan alakas\u0131 yok. Yap\u0131lanlar\u0131n hepsi ortada. Bazen \u00f6yle \u015feyler g\u00f6r\u00fcyoruz ki bak\u0131yorsunuz e\u011fitimli insanlar neler yap\u0131yorlar. Yani buna psikolojik mi, ak\u0131l tutulmas\u0131 m\u0131, ne derseniz deyin. Bir \u00e7ok \u015fey bunun i\u00e7inde.<br \/>\nOnun \u00e7al\u0131\u015fmalar\u0131n\u0131 en geni\u015f manada \u015fu anda arkada\u015flar\u0131m\u0131z yap\u0131yorlar, ondan sonra bunun \u00fczerine gidilecek. Televizyon Yay\u0131nc\u0131lar\u0131 Derne\u011fiyle bir toplant\u0131m oldu. Onlara da s\u00f6yledim. &#8216;Bu konuda bize yard\u0131mc\u0131 olun&#8217; dedim. Mesela, y\u00fcz g\u00fcn oldu bir olay ya\u015fad\u0131k biliyorsunuz. Bu olay hala baz\u0131 televizyon kanallar\u0131nda yay\u0131nlan\u0131yor. Babas\u0131, annesi \u00e7\u0131kar\u0131l\u0131yor, ayn\u0131 \u015feyler tekrar tekrar g\u00fcndeme getiriliyor. Televizyon kanallar\u0131m\u0131z\u0131 \u00e7ocuklar\u0131m\u0131z seyrediyor. Tahrik unsuru olabilir. Bunlar \u00e7ocuklar\u0131n gelece\u011fe olan umudunu k\u00f6reltir.&#8221;<\/p>\n<p style=\"text-align: justify;\">Ba\u015fbakan Erdo\u011fan, bunlar\u0131n unutturulmamas\u0131n\u0131n daha yararl\u0131 olup olmayaca\u011f\u0131 sorusuna da, &#8221;Tam aksine \u00e7ok \u00e7ok zararl\u0131 olur. Bir \u00e7ok \u015feyi bir defa unutturman\u0131n gayreti i\u00e7erisinde olmal\u0131y\u0131z. E\u011fer unutturmazsak travma meydana getirir. Ama unutturursak gelece\u011fe umudumuz artar. Onun i\u00e7in mecburuz bunlar\u0131 unutturmaya. Ba\u015far\u0131 unutturulmaz&#8221; kar\u015f\u0131l\u0131\u011f\u0131n\u0131 verdi.<br \/>\nKonuyla ilgili birimlerin sorumlular\u0131 arad\u0131\u011f\u0131n\u0131 belirten Erdo\u011fan, bunun i\u00e7in bir tim kuruldu\u011funu, i\u015fi k\u0131rm\u0131z\u0131 b\u00fcltenle \u0130nterpol&#8217;e aktard\u0131klar\u0131n\u0131, bunun takibinin yap\u0131ld\u0131\u011f\u0131n\u0131 anlatt\u0131. Erdo\u011fan, &#8221;Pe\u015findeyiz, b\u0131rakamay\u0131z. Er veya ge\u00e7 in\u015fallah bu i\u015f \u00e7\u00f6z\u00fcme kavu\u015fturulacak. Mecburuz buna. Ba\u015fta benim Bakan\u0131m\u0131n, t\u00fcm ge\u00e7lerimizin ortak sorumlulu\u011fu. Bundan ka\u00e7mam\u0131z m\u00fcmk\u00fcn de\u011fil&#8221; dedi.<br \/>\n<strong><br \/>\n&#8221;BEN\u0130MLE MEZARA G\u0130DER&#8221;<br \/>\n<\/strong><br \/>\nErdo\u011fan, eski Genelkurmay Ba\u015fkan\u0131 emekli Orgeneral Ya\u015far B\u00fcy\u00fckan\u0131t ile Dolmabah\u00e7e&#8217;de yapt\u0131\u011f\u0131 g\u00f6r\u00fc\u015fmeye ili\u015fkin CHP Konya Milletvekili Atilla Kart&#8217;\u0131n TBMM&#8217;ye verdi\u011fi soru \u00f6nergesi an\u0131msat\u0131larak, &#8221;Soru \u00f6nergesine yan\u0131t\u0131n\u0131z detayl\u0131 m\u0131 olacak?&#8221; sorusu \u00fczerine, \u015f\u00f6yle konu\u015ftu:<br \/>\n&#8221;Bunun herhangi bir detay\u0131 filan yok. Bunlar bu soru \u00f6nergelerini \u00e7ok basite al\u0131yor. Utanmasalar, s\u0131k\u0131lmasalar, aile mahremiyetlerini bile TBMM&#8217;ye ta\u015f\u0131y\u0131p orada soru \u00f6nergeleriyle onlar\u0131n da cevab\u0131n\u0131 isteyecekler. &#8216;Aran\u0131zda ne konu\u015ftunuz?&#8217; \u00d6yle \u015fey olur mu? Yani burada biz iki yetkili, Genelkurmay Ba\u015fkan\u0131 ile Ba\u015fbakan bir araya gelmi\u015fiz. Bir mahrem g\u00f6r\u00fc\u015fme yap\u0131yoruz. Bunlar\u0131 a\u00e7\u0131klamaya mecbur muyuz?<\/p>\n<p style=\"text-align: justify;\">Ge\u00e7en ak\u015fam yine s\u00f6yledim, bu benimle mezara gider. \u0130nan\u0131yorum ki Say\u0131n B\u00fcy\u00fckan\u0131t da b\u00f6yle d\u00fc\u015f\u00fcn\u00fcyor. Say\u0131n B\u00fcy\u00fckan\u0131t&#8217;\u0131n b\u00f6yle bir \u015fey yapaca\u011f\u0131na ihtimal vermiyorum, a\u00e7\u0131klamaya kalkarsa o zaman ben de tabii yapt\u0131\u011f\u0131m\u0131z g\u00f6r\u00fc\u015fmeyle ilgili \u015feyleri a\u00e7\u0131klar\u0131m. Ama, ben b\u00f6yle bir \u015feye ihtimal vermiyorum. \u0130kili bir g\u00f6r\u00fc\u015fmemizdir, \u00f6zeldir.&#8221;Yak\u0131n \u00e7evresinden biriyle bu g\u00f6r\u00fc\u015fmede konu\u015fulanlar\u0131 payla\u015f\u0131p payla\u015fmad\u0131\u011f\u0131 sorusuna da Erdo\u011fan, &#8221;Asla&#8221; yan\u0131t\u0131n\u0131 verdi.<br \/>\n<strong><br \/>\nMAYINLARIN TEM\u0130ZLENMES\u0130<br \/>\n<\/strong><br \/>\nBa\u015fbakan Erdo\u011fan, &#8221;May\u0131nlar\u0131n temizlenmesine ili\u015fkin yasan\u0131n Cumhurba\u015fkan\u0131 Abdullah G\u00fcl taraf\u0131ndan onaylanmayaca\u011f\u0131na ili\u015fkin bir endi\u015feniz var m\u0131?&#8221; sorusunu yan\u0131tlarken \u015funlar\u0131 s\u00f6yledi:<br \/>\n&#8221;Do\u011frusu ben b\u00f6yle bir endi\u015fe ta\u015f\u0131m\u0131yorum. Ta\u015f\u0131yamam \u00e7\u00fcnk\u00fc \u00fczerinde \u00e7ok \u00e7al\u0131\u015ft\u0131k. \u00dczerinde \u00e7ok \u00e7al\u0131\u015ft\u0131ktan sonra Meclis&#8217;e getirdik. Muhalefet sadece her zamanki karaya beyaz, beyaza kara deme mant\u0131\u011f\u0131yla hareket ederek buna kar\u015f\u0131 \u00e7\u0131km\u0131\u015ft\u0131r. \u015eu yasan\u0131n i\u00e7erisinde olmayan \u015feyleri konu\u015fmu\u015flard\u0131r. Burada ihaleyle alakal\u0131 -ki ikinci safhas\u0131d\u0131r ihale- \u0130srail&#8217;e sipari\u015f edilmesine y\u00f6nelik bir ifade mi var? Ge\u00e7en g\u00fcn yine 26 fabrikan\u0131n a\u00e7\u0131l\u0131\u015f\u0131n\u0131 yapt\u0131m. Orada da sanayiciler dedi ki &#8216;Biz haz\u0131r\u0131z&#8217;. OST\u0130M de dedi ayn\u0131 \u015fekilde, &#8216;Biz haz\u0131r\u0131z&#8217;. NATO&#8217;da bu i\u015flerle ilgili kurulu\u015f bu i\u015fe girebilir. Bize gelen \u015fartlar uygun d\u00fc\u015ferse bunu da yapt\u0131r\u0131r\u0131z.<\/p>\n<p style=\"text-align: justify;\">Ama, biz bu i\u015fi \u00f6ncelikle silahl\u0131 kuvvetlerimize yapt\u0131rmak istedik. Silahl\u0131 kuvvetlere istedikleri \u00f6dene\u011fi ay\u0131rd\u0131k. Ama daha sonra bunu yapamayacaklar\u0131n\u0131 bize s\u00f6ylediler, \u00e7e\u015fitli nedenler bize ifade ettiler, \u00f6dene\u011fi bize geri iade ettiler. Bunun \u00fczerine Maliye Bakanl\u0131\u011f\u0131yla bu i\u015fi yapma yoluna gittik.&#8221;<br \/>\n<strong><br \/>\n&#8216;DERTL\u0130Y\u0130M BEN DERTL\u0130, S\u0130N\u0130RL\u0130 DE\u011e\u0130L&#8221;<br \/>\n<\/strong><br \/>\nBa\u015fbakan Erdo\u011fan, T\u00fcrkiye ile Suriye aras\u0131nda 200 metre derinli\u011finde bir g\u00fcvenlik s\u0131n\u0131r\u0131n\u0131n yine mevcut olaca\u011f\u0131n\u0131 anlatarak, \u015f\u00f6yle konu\u015ftu:<\/p>\n<p style=\"text-align: justify;\">&#8221;Yani 200 metre Suriye g\u00fcvenlik s\u0131n\u0131r\u0131, dikkat edin \u0130srail s\u0131n\u0131r\u0131 de\u011fil. Suriye \u015fu anda kendi s\u0131n\u0131rlar\u0131nda b\u00fct\u00fcn temizliklerini yapm\u0131\u015f vaziyette. Asker bile doland\u0131rm\u0131yor oralarda. Aram\u0131z \u015fu anda gayet iyi, Allah bozmas\u0131n, bu \u015fekilde devam ediyoruz. 200 metre derinlikteki g\u00fcvenlik s\u0131n\u0131r\u0131m\u0131z yine silahl\u0131 kuvvetlerimiz taraf\u0131ndan korunmaya devam ediyor. Onun d\u0131\u015f\u0131nda olan b\u00f6lge may\u0131nlardan temizlenmek suretiyle bu b\u00f6lgede organik tar\u0131ma y\u00f6nelik ad\u0131mlar at\u0131lacak. Burada yer alt\u0131 madenleriyle ilgili &#8216;bunlar\u0131 kime pe\u015fke\u015f \u00e7ekeceksiniz&#8217; diyorlar. Yer alt\u0131 madenleriyle ilgili petrol zaten verilmi\u015f. 1990&#8217;l\u0131 y\u0131llardan itibaren buralar verilmi\u015f, onlar orada \u00e7al\u0131\u015f\u0131yor. TPAO&#8217;nun orada ara\u015ft\u0131rmalar\u0131 var, T\u00fcrk firmalar\u0131n\u0131n ara\u015ft\u0131rmalar\u0131 var&#8230;<br \/>\nPetrol aramalar\u0131 yap\u0131l\u0131yor o b\u00f6lgelerde. Bizim b\u00f6lgemizde petrol var. Bunu \u00e7\u0131karacak olanlar varsa biz bunlarla oturup anla\u015fmaz m\u0131y\u0131z? diyoruz ki &#8216;y\u00fczde 50&#8217;ye, 50, 50&#8217;si sizin, 50&#8217;si bizim&#8230;&#8217; bu t\u00fcr anla\u015fmalar\u0131m\u0131z var, bunlar yap\u0131l\u0131yor. \u015eu anda Karadeniz de ayn\u0131 \u015fekilde. Kendi masraf\u0131n\u0131 kendisi yap\u0131yor. Ondan sonra, &#8216;\u00e7\u0131kan\u0131n y\u00fczde 50&#8217;si senin, y\u00fczde 50&#8217;si benim&#8217; diyor. B\u00f6yle \u015feyler yapt\u0131k, yap\u0131yoruz, yapmaya da mecburuz. Nerede ne kaynaklar\u0131m\u0131z var, bunlar\u0131 meydana \u00e7\u0131karmam\u0131z laz\u0131m, yer alt\u0131 yer \u00fcst\u00fc&#8230;&#8221;\n<\/p>\n<p style=\"text-align: justify;\"><strong>&#8221;MESELE GALATAPORT&#8221;<\/strong><\/p>\n<p style=\"text-align: justify;\">&#8221;Ama bunlar\u0131n derdi bu de\u011fil&#8221; diyen Erdo\u011fan, s\u00f6zlerini \u015f\u00f6yle s\u00fcrd\u00fcrd\u00fc:<br \/>\n&#8221;Derdi bu \u00fclkede imkanlar\u0131m\u0131z\u0131 nas\u0131l baltalayal\u0131m, nas\u0131l engelleyelim, nas\u0131l perdeleyelim. Hep dertleri bu&#8230; Yani bir yerde siz hay\u0131rl\u0131 bir i\u015fe giriyorsunuz. Bir yat\u0131r\u0131m yapacaks\u0131n\u0131z, bak\u0131yorsunuz bu \u00f6n\u00fcn\u00fcze geliyor, &#8216;bu yabanc\u0131 sermaye&#8217;&#8230; Yerlisi yapm\u0131yorsa yabanc\u0131 geliyor, yabanc\u0131 yaps\u0131n. K\u00fcresel sermayeyi \u00fclkemize \u00e7ekmek kadar ba\u015far\u0131 olabilir mi? Kim olursa olsun. \u0130\u015fte \u0130stanbul&#8217;da Galataport&#8230; Bak\u0131n 4 y\u0131ldan \u00f6nceydi, oran\u0131n ihalesi yap\u0131ld\u0131. \u00c7e\u015fitli yollardan maalesef ba\u011f\u0131rd\u0131lar, \u00e7a\u011f\u0131rd\u0131lar, medya da bu i\u015fe bula\u015ft\u0131. Ve Dan\u0131\u015ftay, o zaman y\u00fcr\u00fctmeyi durdurma verdi. \u015eimdi yeniden haz\u0131rl\u0131k yap\u0131yoruz. O ayr\u0131 mesele&#8230;<br \/>\nAma o zaman ba\u015flam\u0131\u015f olsayd\u0131, \u015fu anda Tophane bug\u00fcnk\u00fc haliyle olmayacakt\u0131&#8230;<\/p>\n<p style=\"text-align: justify;\">S\u00f6yledikleri tek \u015fey var&#8230; Gelip de burada binay\u0131 al\u0131p g\u00f6t\u00fcr\u00fcyor mu? Bina burada. Kimler \u00e7al\u0131\u015facak orada? Benim evlad\u0131m, vatanda\u015f\u0131m \u00e7al\u0131\u015facak. Bir taraftan &#8216;i\u015fsizlik&#8217; diyoruz, bir taraftan &#8216;istihdam meydana getirelim&#8217; diyoruz. Hizmet sekt\u00f6r\u00fcnde meydana getirilen bu imkan\u0131, nereden yakalar\u0131z. Bizim petrol kuyular\u0131m\u0131z yok. biz ihracata dayal\u0131 bir ekonomiyi benimsemi\u015fiz, turizm gibi bir kayna\u011f\u0131 elde edelim istiyoruz, geldi\u011fimizde 10 milyar dolar dolay\u0131ndayd\u0131 turizm gelirimiz, \u015fimdi 22 milyar dolara \u00e7\u0131kt\u0131.<br \/>\nBen b\u00f6yle konu\u015funca, diyorlar ki &#8216;bak ba\u015fbakan sinirli&#8217;. Dertliyim ben dertli, sinirli de\u011fil.&#8221;<br \/>\nBa\u015fbakan Recep Tayyip Erdo\u011fan, &#8221;(Almanya&#8217;da) yarg\u0131 bir karar verdi\u011fi zaman T\u00fcrklerle ilgili, b\u0131rakm\u0131yorsunuz da sizin bir vatanda\u015f\u0131n\u0131z burada su\u00e7 i\u015fledi\u011fi zaman, benim yarg\u0131m b\u00f6yle karar verdi\u011fi zaman ni\u00e7in rahats\u0131z oluyorsunuz? Yarg\u0131ya l\u00fctfen sayg\u0131 duyun&#8221; dedi.Ba\u015fbakan Erdo\u011fan, NTV&#8217;nin canl\u0131 yay\u0131n\u0131nda sorular\u0131 yan\u0131tlad\u0131.\n<\/p>\n<p style=\"text-align: justify;\">Erdo\u011fan, RT\u00dcK Ba\u015fkan\u0131 Zahit Akman ile ilgili sorulan bir soru \u00fczerine konunun yarg\u0131 s\u00fcrecinde oldu\u011funu s\u00f6yledi.Ba\u015fbakan Erdo\u011fan, \u015funlar\u0131 kaydetti:<\/p>\n<p style=\"text-align: justify;\">&#8221;Benim burada \u00fcz\u00fcld\u00fc\u011f\u00fcm bir \u015fey var. Alman mahkemeleri kalk\u0131p T\u00fcrkiye&#8217;den bu noktada bir talepte bulunuyorlar ve an\u0131nda buradan tabi bir karar \u00e7\u0131k\u0131yor. Bu karar\u0131n \u00e7\u0131kmas\u0131 Alman mahkemesinin talebi \u00fczerine. T\u00fcrkiye&#8217;nin i\u00e7erisinde olan bir konu de\u011fil. Fakat T\u00fcrk yarg\u0131s\u0131 Alman yarg\u0131s\u0131ndan bir talepte bulunuyor, Alman yarg\u0131s\u0131 hala T\u00fcrk yarg\u0131s\u0131na cevap vermiyor. Bu da enteresan. \u015eimdi burada dengeyi iyi korumak laz\u0131m. Benim yarg\u0131m\u0131n bu noktadaki duru\u015funa oradan sayg\u0131 duyulmayacak ama onlar talep etti\u011fi zaman an\u0131nda biz oraya cevap yeti\u015ftirmenin gayreti i\u00e7erisine girece\u011fiz. Burada bir defa dengeleri iyi korumak laz\u0131m.<\/p>\n<p style=\"text-align: justify;\">Zaman zaman mesela kalk\u0131yor Almanlar, Alman iktidar\u0131 veya y\u00f6netimi, T\u00fcrkiye&#8217;deki T\u00fcrk yarg\u0131s\u0131 onlar\u0131n herhangi bir vatanda\u015f\u0131n\u0131n burada i\u015fledi\u011fi bir su\u00e7la ilgili bizim yarg\u0131m\u0131z\u0131n vermi\u015f oldu\u011fu karar\u0131 ele\u015ftirmeye, ve yahutta bize m\u00fcracaat ederek (b\u0131rak\u0131ls\u0131n, \u015fu olsun, bu olsun). Yani sizde yarg\u0131 bir karar verdi\u011fi zaman T\u00fcrklerle ilgili b\u0131rakm\u0131yorsunuz da sizin bir vatanda\u015f\u0131n\u0131z burada su\u00e7 i\u015fledi\u011fi zaman, benim yarg\u0131m b\u00f6yle karar verdi\u011fi zaman ni\u00e7in rahats\u0131z oluyorsunuz? Yarg\u0131ya l\u00fctfen sayg\u0131 duyun. \u0130\u015fte Marco olay\u0131 biliyorsunuz. Neler yapt\u0131lar, neler yapt\u0131lar&#8230; Dedik ki yarg\u0131n\u0131n verdi\u011fi karar ne olacaksa buna sayg\u0131 duyacaks\u0131n\u0131z, yarg\u0131n\u0131n tarafs\u0131zl\u0131\u011f\u0131na sayg\u0131 duyacaks\u0131n\u0131z ve verilen karara sizler de tabi olacaks\u0131n\u0131z. Burada i\u015fin bu yan\u0131n\u0131 da ihmal etmeyelim. Bunun \u00fczerinden vurma gayreti i\u00e7erisine girmeyelim. Bu bir yarg\u0131 s\u00fcrecidir, devam ediyor. Bitti\u011finde de zaten herkes kar\u015f\u0131l\u0131\u011f\u0131 neyse bu kar\u015f\u0131l\u0131\u011f\u0131n\u0131 bulacakt\u0131r.&#8221;<!--nextpage--><br \/>\n<strong><br \/>\n&#8221;SAYGI BEKLER\u0130M&#8230;&#8221;<\/strong><\/p>\n<p style=\"text-align: justify;\">Ba\u015fbakan Erdo\u011fan, &#8221;Almanya&#8217;dan iktidar\u0131n\u0131za kar\u015f\u0131 bir tav\u0131r m\u0131 sezinliyorsunuz?&#8221; sorusu \u00fczerine, &#8221;Ben iktidar\u0131ma kar\u015f\u0131 olay\u0131 g\u00f6rmek istemem ama \u00fclkeme kar\u015f\u0131 sayg\u0131 beklerim. Ben bunu Say\u0131n Merkel&#8217;in kendisine de s\u00f6yledim. \u00dclkeme kar\u015f\u0131 sayg\u0131 beklerim. Oradaki vatanda\u015flar\u0131ma kar\u015f\u0131 sayg\u0131 beklerim&#8221; dedi. Erdo\u011fan, konuyla ilgili bir soru \u00fczerine bunu Avrupa Birli\u011fi ba\u011flam\u0131nda s\u00f6yledi\u011fini dile getirdi.<br \/>\nAB konusunda imtiyazl\u0131 ortakl\u0131k konusunu, mevcut Alman y\u00f6netiminin g\u00fcndeme getirdi\u011fini kaydeden Erdo\u011fan, eski Almanya Ba\u015fbakan\u0131 Gerhard Schr\u00f6der d\u00f6neminde b\u00f6yle bir konunun olmad\u0131\u011f\u0131n\u0131 ifade etti.<br \/>\nErdo\u011fan, \u015f\u00f6yle devam etti:\n<\/p>\n<p style=\"text-align: justify;\">&#8221;AB m\u00fcktesebat\u0131nda da b\u00f6yle bir \u015fey yok. D\u00fcn, Almanya D\u0131\u015fi\u015fleri Bakan\u0131 Steinmeier&#8217;in a\u00e7\u0131klamas\u0131 oldu. &#8216;Ben bunu anlam\u0131yorum&#8217; dedi. \u015eimdi ayn\u0131 h\u00fck\u00fcmetin i\u00e7inde, d\u0131\u015fi\u015fleri bakan\u0131&#8230; &#8216;Ben bunu anlam\u0131yorum&#8217; diyor. Anlamak m\u00fcmk\u00fcn de\u011fil ki. \u00c7\u00fcnk\u00fc AB m\u00fcktesebat\u0131 i\u00e7erisinde b\u00f6yle bir \u015fey yok. Ama Merkel, tutturmu\u015f &#8216;imtiyazl\u0131 ortakl\u0131\u011f\u0131&#8217; g\u00fcndeme getiriyor. Yan\u0131nda da Sarkozy, o da \u00e7\u0131km\u0131\u015f ayn\u0131 \u015feyi \u015fu anda s\u00f6yleyip duruyor. Bir taraftan da Fransa&#8217;da T\u00fcrkiye g\u00fcnleri gibi bir \u015feyi g\u00fcya bize l\u00fctfediyorlar. Mesela ben \u015fu anda onun \u00fczerinde d\u00fc\u015f\u00fcn\u00fcyorum, yap\u0131p yapmamay\u0131, gidip gitmemeyi de\u011fil. Arkada\u015flar\u0131ma, &#8216;bir de\u011ferlendirelim bu i\u015fi&#8217; dedim. \u00c7\u00fcnk\u00fc, T\u00fcrkiye&#8217;ye b\u00f6yle yakla\u015fan bir y\u00f6netim ile b\u00f6yle bir konuda ne yapabiliriz? Fransa halk\u0131n\u0131n ne kadar\u0131 gelecekte bu tan\u0131t\u0131mdan istifade edecek ve yahut da gelip bu tan\u0131t\u0131m\u0131 yerinde g\u00f6recek? \u015eimdi tabii farkl\u0131 baz\u0131 y\u00f6nleri de var. Bundan dolay\u0131 de\u011ferlendirmesini yap\u0131yoruz.<\/p>\n<p style=\"text-align: justify;\">Baz\u0131 \u015feylerin g\u00f6r\u00fclmesi laz\u0131m. T\u00fcrkiye k\u00fc\u00e7\u00fck bir \u00fclke de\u011fil, s\u0131radan bir \u00fclke de\u011fil. Yani T\u00fcrkiye&#8217;yi bir defa herkes bulundu\u011fu yerde kabullenmek durumunda. T\u00fcrkiye, NATO&#8217;nun, OECD&#8217;nin bir \u00fclkesi. NATO&#8217;nun en g\u00fc\u00e7l\u00fc \u00fclkelerinden bir tanesi. Sen T\u00fcrkiye&#8217;yi nas\u0131l yok farz edersin? T\u00fcrkiye&#8217;yi bir kenara nas\u0131l atmaya kalkars\u0131n? Kalk\u0131yorsun, 500 bin, 600 bin n\u00fcfusu olan, 1 milyon, 1.5 milyon n\u00fcfusu olanlar, AB&#8217;ye girebilir, kalk\u0131p da 71.5 milyon n\u00fcfusu olan T\u00fcrkiye girerse acaba ne olur? \u015eimdi g\u00fcndeme gelen bu, tart\u0131\u015ft\u0131klar\u0131 konu bu. B\u00fct\u00fcn bunlara ra\u011fmen, AB i\u00e7erisinde T\u00fcrkiye dostlar\u0131 \u00fclkeler de var. Bunlarla tabii dostlu\u011fumuz gayet iyi. Fakat Say\u0131n Sarkozy, yapt\u0131klar\u0131ndan er ya da ge\u00e7 pi\u015fman olacakt\u0131r. &#8221;<br \/>\n<strong><br \/>\n\u0130ST\u0130KLAL MAR\u015eINI OKUYAN AFR\u0130KALI \u00c7OCUKLAR<br \/>\n<\/strong><br \/>\n&#8221;Hafta sonunda da Kayseri&#8217;de iki tane Afrikal\u0131 gen\u00e7 size \u0130stiklal Mar\u015f\u0131 okumu\u015f, g\u00f6zleriniz doldu, duyguland\u0131n\u0131z ho\u015funuza gitti galiba&#8221; \u015feklindeki s\u00f6zler \u00fczerine Ba\u015fbakan Erdo\u011fan, \u015funlar\u0131 s\u00f6yledi:<br \/>\n&#8221;Nas\u0131l gitmesin, onlar Ankara&#8217;da okumu\u015flard\u0131, Ankara&#8217;da ben yeti\u015fememi\u015ftim. Onlar\u0131n, Kayseri \u015eehir Stad\u0131&#8217;nda programlar\u0131 varm\u0131\u015f ve stat t\u0131kl\u0131m t\u0131kl\u0131m dolmu\u015f. O g\u00fcn, o program \u00f6ncesi, ben Ankara&#8217;ya d\u00f6nerken yolumuzu \u00e7ocuklar a\u011f\u0131rl\u0131kl\u0131 olarak kesiyorlard\u0131. Bir bakt\u0131m onlarda bir grubun i\u00e7erisindeydiler. \u00d6nce tan\u0131mad\u0131m, sonra dediler ki &#8216;Bunlar \u0130stiklal Mar\u015f\u0131&#8217;n\u0131 okuyan Kongolu yavrular&#8217; \u0130kisini kuca\u011f\u0131ma ald\u0131m ve \u0130stiklal Mar\u015f\u0131n\u0131 tekrar okutal\u0131m dedim. Otob\u00fcs\u00fcn mikrofonundan 10 k\u0131tay\u0131 ma\u015fallah hi\u00e7 eksiksiz okudular.&#8221;<br \/>\n<strong><br \/>\nR\u0130JKAARD, DAUM, DEN\u0130ZL\u0130 VE L\u0130G<br \/>\n<\/strong><br \/>\n&#8221;Spora merakl\u0131 bir Ba\u015fbakans\u0131z\u0131n, biliyorsunuz Galatasaray Rijkaard&#8217;\u0131 getirdi. Fenerbah\u00e7e &#8216;Daum&#8217; dedi. Ba\u015fikta\u015f, Mustafa Denizli ile devam ediyor. Bir Fenerbah\u00e7eli olarak Daum transferini yeterli g\u00f6r\u00fcyor muzunuz?&#8221; sorusuna Erdo\u011fan, \u015fu yan\u0131t\u0131 verdi:<\/p>\n<p style=\"text-align: justify;\">&#8221;Sadece herhalde teknik direkt\u00f6rle bu i\u015f olmaz, yani ge\u00e7en y\u0131l Aragones&#8217;i ald\u0131lar. Ama Aragones&#8217;in bana g\u00f6re, al\u0131n\u0131\u015f\u0131nda zamanlamas\u0131 \u00e7ok yanl\u0131\u015ft\u0131. Adamca\u011f\u0131z geldi elinde kimleri bulduysa onlarla yola devam etti. T\u00fcrk futbolunu, futbolcular\u0131 tan\u0131m\u0131yor. Geldi\u011finde transferler ondan \u00f6nce yap\u0131lm\u0131\u015ft\u0131. \u00c7\u00fcnk\u00fc Aragones geldikten sonra akl\u0131mda kald\u0131\u011f\u0131 kadar\u0131yla transfer falan yapmad\u0131, mevcut futbolcularla sezona girdi ve sezonu \u00f6yle g\u00f6t\u00fcrd\u00fc. \u015eimdi ise Daum&#8217;un gerek Fenerbah\u00e7e&#8217;yi tan\u0131ma noktas\u0131nda gerek T\u00fcrk futbolunu tan\u0131ma noktas\u0131nda&#8230; Hatta T\u00fcrk futbolcular\u0131n\u0131n bir k\u0131s\u0131m\u0131n\u0131 tan\u0131ma noktas\u0131nda ge\u00e7mi\u015fe g\u00f6re bir deneyimi var. Bu bak\u0131mdan san\u0131yorum Daum&#8217;un intibak\u0131 \u00e7ok daha rahat olacak, \u00e7ok daha faydal\u0131 olabilir. \u015eu anda da yeni transferler yapmak istedi\u011fini herhalde y\u00f6netime bildirmi\u015f, onunda \u015fu anda gayreti i\u00e7indeler.<br \/>\nBen bu y\u0131l da ligin \u00e7ok renkli olaca\u011f\u0131 kanaatindeyim \u00e7\u00fcnk\u00fc Rijkaard da \u00e7ok ba\u015far\u0131l\u0131 bir teknik direkt\u00f6r, futbolculu\u011fu da ba\u015far\u0131l\u0131 bir insan bu bak\u0131mdan bu y\u0131l inan\u0131yorum ki lig maratonu \u00e7ok daha heyecan dolu olacak. Temenni ederiz ki Fair Play yine galip gelsin ba\u015far\u0131l\u0131 bir sezonu hep birlikte ya\u015fayal\u0131m.&#8221;<br \/>\n<strong><br \/>\nH\u0130DAYET T\u00dcRKO\u011eLU VE MEHMET OKUR&#8217;UN BA\u015eARILARI<\/strong>\n<\/p>\n<p style=\"text-align: justify;\"><strong><\/strong>&#8221;Futbola g\u00f6sterdi\u011finiz ilgiyi basketbola da g\u00f6steriyor musunuz? \u00d6rne\u011fin Hidayet T\u00fcrko\u011flu?&#8221; sorusuna da Erdo\u011fan, &#8221;Basketbola da ilgi g\u00f6stermeye ba\u015flad\u0131m. Hidayet karde\u015fimi de bug\u00fcn telefonla arayaca\u011f\u0131m, \u015fans dileyece\u011fim&#8221; diye konu\u015ftu.<\/p>\n<p style=\"text-align: justify;\">Ba\u015fbakan Erdo\u011fan, Amerika&#8217;da bir T\u00fcrk&#8217;\u00fcn, T\u00fcrkiye&#8217;yi tan\u0131t\u0131m\u0131 noktas\u0131nda \u00e7ok b\u00fcy\u00fck bir rol \u00fcstlendi\u011fini an\u0131msatarak, \u015f\u00f6yle devam etti:<\/p>\n<p style=\"text-align: justify;\">&#8221;Hidayet ile ilgili orada dolarlar\u0131n bile \u00e7\u0131kar\u0131l\u0131p reklamda kullan\u0131lm\u0131\u015f olmas\u0131&#8230; \u00c7ok \u00f6nemli bir foto\u011fraf, bundan dolay\u0131 ben kendisine sevgilerimi g\u00f6nderiyorum, bug\u00fcn kendisiyle telefonla g\u00f6r\u00fc\u015fece\u011fim. Kendisiyle gurur duyuyoruz. Tabi Mehmet&#8217;in (Mehmet Okur) de ayn\u0131 \u015fekilde ba\u015far\u0131lar\u0131 var. Yurt d\u0131\u015f\u0131nda her alanda, bilim dal\u0131nda da ba\u015far\u0131l\u0131 olan bir \u00e7ok hocalar\u0131m\u0131z, bilim adamlar\u0131m\u0131z var. Sa\u011fl\u0131kta var, her alanda var. Ger\u00e7ekte Hidayet, \u00f6zellikle son final ma\u00e7lar\u0131nda \u00e7ok b\u00fcy\u00fck bir performans g\u00f6steriyor. Sadece att\u0131\u011f\u0131 basketlerle de\u011fil, ayn\u0131 zamanda asist noktas\u0131nda da ba\u015far\u0131lar\u0131 var. Onun i\u00e7in kendisini kutluyoruz&#8221;<\/p>\n<p style=\"text-align: justify;\"><span style=\"color: #888888;\">Kaynak : Sabah<\/span><\/p>\n","protected":false},"excerpt":{"rendered":"<p style=\"text-align: center;\">\n<p style=\"text-align: justify;\">Ba\u015fbakan Recep Tayyip Erdo\u011fan, g\u00fcndemdeki pek \u00e7ok konuyla ilgili \u00e7arp\u0131c\u0131 a\u00e7\u0131klamalarda bulundu.<\/p>\n<p style=\"text-align: justify;\"> Erdo\u011fan, NTV&#8217;nin canl\u0131 yay\u0131n\u0131nda Ankara Temsilcisi Murat Akg\u00fcn&#8217;\u00fcn sorular\u0131n\u0131 yan\u0131tlad\u0131. <\/p>\n<p style=\"text-align: justify;\">Ter\u00f6rle m\u00fccadele ve K\u00fcrt sorunuyla ilgili olarak \u00e7\u00f6z\u00fcm s\u00fcrecine y\u00f6nelik olumlu mesajlar\u0131 verildi\u011finin belirtilerek, yeni s\u00fcreci h\u0131zland\u0131r\u0131c\u0131 bir inisiyatif d\u00fc\u015f\u00fcn\u00fcp d\u00fc\u015f\u00fcnmedi\u011fi sorusuna <\/p>\n","protected":false},"author":1,"featured_media":0,"comment_status":"open","ping_status":"closed","sticky":false,"template":"","format":"standard","meta":{"footnotes":""},"categories":[105],"tags":[],"class_list":["post-9960","post","type-post","status-publish","format-standard","hentry","category-gundem","odd"],"_links":{"self":[{"href":"http:\/\/www.korhanyilmaz.com\/index.php?rest_route=\/wp\/v2\/posts\/9960","targetHints":{"allow":["GET"]}}],"collection":[{"href":"http:\/\/www.korhanyilmaz.com\/index.php?rest_route=\/wp\/v2\/posts"}],"about":[{"href":"http:\/\/www.korhanyilmaz.com\/index.php?rest_route=\/wp\/v2\/types\/post"}],"author":[{"embeddable":true,"href":"http:\/\/www.korhanyilmaz.com\/index.php?rest_route=\/wp\/v2\/users\/1"}],"replies":[{"embeddable":true,"href":"http:\/\/www.korhanyilmaz.com\/index.php?rest_route=%2Fwp%2Fv2%2Fcomments&post=9960"}],"version-history":[{"count":0,"href":"http:\/\/www.korhanyilmaz.com\/index.php?rest_route=\/wp\/v2\/posts\/9960\/revisions"}],"wp:attachment":[{"href":"http:\/\/www.korhanyilmaz.com\/index.php?rest_route=%2Fwp%2Fv2%2Fmedia&parent=9960"}],"wp:term":[{"taxonomy":"category","embeddable":true,"href":"http:\/\/www.korhanyilmaz.com\/index.php?rest_route=%2Fwp%2Fv2%2Fcategories&post=9960"},{"taxonomy":"post_tag","embeddable":true,"href":"http:\/\/www.korhanyilmaz.com\/index.php?rest_route=%2Fwp%2Fv2%2Ftags&post=9960"}],"curies":[{"name":"wp","href":"https:\/\/api.w.org\/{rel}","templated":true}]}}