{"id":9955,"date":"2009-06-11T16:55:04","date_gmt":"2009-06-11T13:55:04","guid":{"rendered":"http:\/\/www.korhanyilmaz.com\/?p=9955"},"modified":"2009-06-11T16:55:04","modified_gmt":"2009-06-11T13:55:04","slug":"turk-vatandasligi-kanunu-onaylandi","status":"publish","type":"post","link":"http:\/\/www.korhanyilmaz.com\/?p=9955","title":{"rendered":"&quot;T\u00fcrk Vatanda\u015fl\u0131\u011f\u0131 Kanunu&quot; onayland\u0131"},"content":{"rendered":"<p><img loading=\"lazy\" decoding=\"async\" class=\"aligncenter size-full wp-image-9956\" src=\"http:\/\/www.korhanyilmaz.com\/wp-content\/uploads\/2009\/06\/607561977500.jpg\" alt=\"\" width=\"200\" height=\"200\" \/><\/p>\n<p style=\"text-align: justify;\">Cumhurba\u015fkan\u0131 Abdullah G\u00fcl, 5901 say\u0131l\u0131 &#8221;T\u00fcrk Vatanda\u015fl\u0131\u011f\u0131 Kanunu&#8221;nu onaylad\u0131.<br \/>\nCumhurba\u015fkanl\u0131\u011f\u0131 Bas\u0131n Merkezinden yap\u0131lan yaz\u0131l\u0131 a\u00e7\u0131klamada, Cumhurba\u015fkan\u0131 G\u00fcl&#8217;\u00fcn kanunu yay\u0131mlanmak \u00fczere Ba\u015fbakanl\u0131\u011f\u0131 g\u00f6nderdi\u011fi bildirildi.<\/p>\n<p style=\"text-align: justify;\">T\u00fcrk Vatanda\u015fl\u0131\u011f\u0131 Kanunu&#8217;na g\u00f6re, do\u011fumla kazan\u0131lan T\u00fcrk vatanda\u015fl\u0131\u011f\u0131, soy ba\u011f\u0131 veya do\u011fum yeri esas\u0131na g\u00f6re kendili\u011finden kazan\u0131lacak. T\u00fcrkiye i\u00e7inde veya d\u0131\u015f\u0131nda T\u00fcrk vatanda\u015f\u0131 evli anne ve babadan do\u011fan \u00e7ocuk, T\u00fcrk vatanda\u015f\u0131 anne ve yabanc\u0131 babadan evlilik d\u0131\u015f\u0131nda do\u011fan \u00e7ocuk T\u00fcrk vatanda\u015f\u0131 say\u0131lacak. T\u00fcrk vatanda\u015f\u0131 baba ve yabanc\u0131 anneden evlilik d\u0131\u015f\u0131nda do\u011fan \u00e7ocuk ise soy ba\u011f\u0131 kurulmas\u0131n\u0131 sa\u011flayan esaslar\u0131n yerine getirilmesi halinde T\u00fcrk vatanda\u015fl\u0131\u011f\u0131n\u0131 kazanacak.<br \/>\nT\u00fcrkiye&#8217;de do\u011fan, yabanc\u0131 anne ve babas\u0131ndan dolay\u0131 do\u011fumla herhangi bir \u00fclkenin vatanda\u015fl\u0131\u011f\u0131n\u0131 kazanamayan \u00e7ocuk, do\u011fumdan itibaren T\u00fcrk vatanda\u015f\u0131 olacak. T\u00fcrkiye&#8217;de bulunmu\u015f \u00e7ocuk, aksi sabit olmad\u0131k\u00e7a T\u00fcrkiye&#8217;de do\u011fmu\u015f say\u0131lacak.<!--more-->\n<\/p>\n<p style=\"text-align: justify;\">Sonradan T\u00fcrk vatanda\u015fl\u0131\u011f\u0131, yetkili makam karar\u0131, evlat edinilme ya da se\u00e7me hakk\u0131n\u0131n kullan\u0131lmas\u0131yla kazan\u0131lacak. T\u00fcrk vatanda\u015fl\u0131\u011f\u0131n\u0131 kazanmak isteyen bir yabanc\u0131, kanunda belirtilen \u015fartlar\u0131 ta\u015f\u0131mas\u0131 halinde, yetkili makam karar\u0131yla bu hakk\u0131 elde edebilecek. Ancak aranan \u015fartlar\u0131 ta\u015f\u0131mak, vatanda\u015fl\u0131\u011f\u0131n kazan\u0131lmas\u0131nda ki\u015fiye mutlak bir hak sa\u011flamayacak. T\u00fcrk vatanda\u015fl\u0131\u011f\u0131n\u0131 kazanmak isteyen yabanc\u0131larda, kendi milli kanununa, vatans\u0131z ise T\u00fcrk kanunlar\u0131na g\u00f6re ergin ve ay\u0131rt etme g\u00fcc\u00fcne sahip olmak, ba\u015fvuru tarihinden geriye do\u011fru T\u00fcrkiye&#8217;de kesintisiz 5 y\u0131l ikamet etmek, T\u00fcrkiye&#8217;de yerle\u015fmeye karar verdi\u011fini davran\u0131\u015flar\u0131yla teyit etmek, genel sa\u011fl\u0131k bak\u0131m\u0131ndan tehlikeli bir hastal\u0131\u011f\u0131 bulunmamak, iyi ahlak sahibi olmak, yeteri kadar T\u00fcrk\u00e7e konu\u015fabilmek, T\u00fcrkiye&#8217;de kendisinin ve bakmakla y\u00fck\u00fcml\u00fc oldu\u011fu ki\u015filerin ge\u00e7imini sa\u011flayacak gelire veya mesle\u011fe sahip olmak, milli g\u00fcvenlik ve kamu d\u00fczeni bak\u0131m\u0131ndan engel te\u015fkil edecek bir hali bulunmamak \u015fartlar\u0131 aranacak.<\/p>\n<p style=\"text-align: justify;\">T\u00fcrk vatanda\u015fl\u0131\u011f\u0131n\u0131 kazanmak isteyen yabanc\u0131larda, ayr\u0131ca mensup oldu\u011fu devlet vatanda\u015fl\u0131\u011f\u0131ndan \u00e7\u0131kma \u015fart\u0131 da aranabilecek. Bu takdirin kullan\u0131lmas\u0131na ili\u015fkin esaslar\u0131, Bakanlar Kurulu tespit edecek.<!--nextpage--><\/p>\n<p style=\"text-align: justify;\"><strong>SANAY\u0130 TES\u0130SLER\u0130 GET\u0130RENLERE VATANDA\u015eLIK<\/strong><\/p>\n<p style=\"text-align: justify;\">Milli g\u00fcvenlik ve kamu d\u00fczenine engel olu\u015fturacak bir hali bulunmamak \u015fart\u0131yla \u0130\u00e7i\u015fleri Bakanl\u0131\u011f\u0131n\u0131n teklifi, Bakanlar Kurulunun karar\u0131yla T\u00fcrkiye&#8217;ye sanayi tesisleri getiren, bilimsel, teknolojik, ekonomik, sosyal, sportif, k\u00fclt\u00fcrel, sanatsal alanlarda ola\u011fan\u00fcst\u00fc hizmeti ge\u00e7en ya da ge\u00e7ece\u011fi d\u00fc\u015f\u00fcn\u00fclen ve ilgili bakanl\u0131klarca haklar\u0131nda gerek\u00e7eli teklifte bulunulan ki\u015filer, vatanda\u015fl\u0131\u011fa al\u0131nmas\u0131 zorunlu g\u00f6r\u00fclen ile g\u00f6\u00e7men kabul edilenler, T\u00fcrk vatanda\u015fl\u0131\u011f\u0131n\u0131 kazanabilecek.<\/p>\n<p style=\"text-align: justify;\">\u00c7\u0131kma izni alarak T\u00fcrk vatanda\u015fl\u0131\u011f\u0131n\u0131 kaybedenler, ana veya babalar\u0131na ba\u011fl\u0131 olarak T\u00fcrk vatanda\u015fl\u0131\u011f\u0131n\u0131 kaybedenlerden kanunda belirtilen s\u00fcre i\u00e7inde se\u00e7me hakk\u0131n\u0131 kullanmayan ki\u015filer, milli g\u00fcvenlik a\u00e7\u0131s\u0131ndan engel olu\u015fturmayacak bir hali bulunmamak \u015fart\u0131yla T\u00fcrk vatanda\u015fl\u0131\u011f\u0131n\u0131, ikamet etme s\u00fcresine bak\u0131lmaks\u0131z\u0131n yeniden kazanabilecek.<\/p>\n<p style=\"text-align: justify;\"><strong>YEN\u0130DEN VATANDA\u015eLIK<\/strong><\/p>\n<p style=\"text-align: justify;\">Vatana ba\u011fl\u0131l\u0131kla ba\u011fda\u015fmayan eylemlerde bulundu\u011fu i\u00e7in T\u00fcrk vatanda\u015fl\u0131\u011f\u0131 kaybettirilenler Bakanlar Kurulunca, se\u00e7me hakk\u0131n\u0131 kullanarak T\u00fcrk vatanda\u015fl\u0131\u011f\u0131n\u0131 kaybedenler \u0130\u00e7i\u015fleri Bakanl\u0131\u011f\u0131 karar\u0131yla milli g\u00fcvenlik a\u00e7\u0131s\u0131ndan engel bir halinin bulunmamas\u0131 ve T\u00fcrkiye&#8217;de 3 y\u0131l ikamet etmesi \u015fart\u0131yla T\u00fcrk vatanda\u015fl\u0131\u011f\u0131n\u0131 yeniden kazanabilecek. T\u00fcrk vatanda\u015fl\u0131\u011f\u0131n\u0131 kazanma talebinde bulunan bir yabanc\u0131, ba\u015fvuru i\u00e7in aranan ikamet s\u00fcresi i\u00e7inde toplam 6 ay\u0131 ge\u00e7memek \u00fczere T\u00fcrkiye d\u0131\u015f\u0131nda bulunabilecek. T\u00fcrkiye d\u0131\u015f\u0131nda ge\u00e7irilen s\u00fcreler, ikamet s\u00fcreleri i\u00e7inde de\u011ferlendirilecek.<br \/>\nT\u00fcrk vatanda\u015f\u0131yla evlenmek, do\u011frudan T\u00fcrk vatanda\u015fl\u0131\u011f\u0131n\u0131 kazand\u0131rmayacak. Ancak bir T\u00fcrk vatanda\u015f\u0131yla en az 3 y\u0131ldan beri evli olan ve evlili\u011fi s\u00fcren yabanc\u0131lar, T\u00fcrk vatanda\u015fl\u0131\u011f\u0131n\u0131 kazanmak \u00fczere ba\u015fvuruda bulunabilecek. Ba\u015fvuru sahiplerinde, aile birli\u011fi i\u00e7inde ya\u015fama, evlilik birli\u011fiyle ba\u011fda\u015fmayacak faaliyette bulunmama, milli g\u00fcvenlik ve kamu d\u00fczenine engel olu\u015fturacak bir hali bulunmama \u015fartlar\u0131 aranacak. Ba\u015fvurudan sonra T\u00fcrk vatanda\u015f\u0131 e\u015fin \u00f6l\u00fcm\u00fc nedeniyle evlili\u011fin sona ermesi halinde, evlilik \u015fart\u0131 aranmayacak.<br \/>\n<strong><br \/>\nEVLAT ED\u0130N\u0130LEN \u00c7OCU\u011eUN VATANDA\u015eLI\u011eI<\/strong>\n<\/p>\n<p style=\"text-align: justify;\">T\u00fcrk vatanda\u015fl\u0131\u011f\u0131n\u0131 kazanmak isteyen yabanc\u0131lar\u0131n ba\u015fvuru i\u00e7in gerekli \u015fartlar\u0131 ta\u015f\u0131y\u0131p ta\u015f\u0131mad\u0131klar\u0131, illerde olu\u015fturulacak vatanda\u015fl\u0131k ba\u015fvuru inceleme komisyonunca tespit edilecek.<\/p>\n<p style=\"text-align: justify;\">Yetkili makam karar\u0131yla T\u00fcrk vatanda\u015fl\u0131\u011f\u0131n\u0131 kazanmak isteyen yabanc\u0131lardan, ba\u015fvuru i\u00e7in gerekli \u015fartlar\u0131 ta\u015f\u0131yanlar\u0131n ad\u0131na vatanda\u015fl\u0131k dosyas\u0131 d\u00fczenlenecek, karar verilmek \u00fczere Bakanl\u0131\u011fa g\u00f6nderilecek. Bakanl\u0131k\u00e7a yap\u0131lan inceleme ve ara\u015ft\u0131rma sonucunda, durumu uygun bulunanlar, Bakanl\u0131k karar\u0131yla T\u00fcrk vatanda\u015fl\u0131\u011f\u0131n\u0131 kazanabilecek.<\/p>\n<p style=\"text-align: justify;\">Yetkili makam karar\u0131yla T\u00fcrk vatanda\u015fl\u0131\u011f\u0131n\u0131n kazan\u0131lmas\u0131, e\u015fin vatanda\u015fl\u0131\u011f\u0131nda etkili olmayacak. Ana veya baban\u0131n T\u00fcrk vatanda\u015fl\u0131\u011f\u0131n\u0131 kazand\u0131\u011f\u0131 tarihte velayeti kendisinde bulunan \u00e7ocuklar\u0131, di\u011fer e\u015fin oluruyla T\u00fcrk vatanda\u015fl\u0131\u011f\u0131n\u0131 kazanacak. Muvafakat verilmemesi halinde ana veya baban\u0131n meskeninin bulundu\u011fu \u00fclkedeki hakim karar\u0131na g\u00f6re i\u015flem yap\u0131lacak.<\/p>\n<p style=\"text-align: justify;\">T\u00fcrk vatanda\u015f\u0131nca evlat edinilen ergin olmayan ki\u015fi, milli g\u00fcvenlik ve kamu d\u00fczeni bak\u0131m\u0131ndan engel olu\u015fturacak bir hali bulunmamak \u015fart\u0131yla T\u00fcrk vatanda\u015fl\u0131\u011f\u0131n\u0131 kazanabilecek. Ana veya babalar\u0131na ba\u011fl\u0131 olarak T\u00fcrk vatanda\u015fl\u0131\u011f\u0131n\u0131 kaybeden \u00e7ocuklar, ergin olmalar\u0131ndan itibaren 3 y\u0131l i\u00e7inde se\u00e7me hakk\u0131n\u0131 kullanarak T\u00fcrk vatanda\u015f\u0131 olabilecek.<\/p>\n<p style=\"text-align: justify;\">T\u00fcrk vatanda\u015fl\u0131\u011f\u0131n\u0131 birlikte kazanan ana ve baban\u0131n \u00e7ocuklar\u0131 da T\u00fcrk vatanda\u015fl\u0131\u011f\u0131n\u0131 elde edebilecek.<br \/>\n<strong><br \/>\nT\u00dcRK VATANDA\u015eLI\u011eININ KAYBI<\/strong><\/p>\n<p style=\"text-align: justify;\">T\u00fcrk vatanda\u015fl\u0131\u011f\u0131, yetkili makam karar\u0131 veya se\u00e7me hakk\u0131yla kaybedilecek. Yetkili makam karar\u0131yla T\u00fcrk vatanda\u015fl\u0131\u011f\u0131n\u0131n kayb\u0131, \u00e7\u0131kma veya kaybettirme ya da vatanda\u015fl\u0131\u011f\u0131n iptali ile ger\u00e7ekle\u015fecek.<br \/>\nT\u00fcrk vatanda\u015fl\u0131\u011f\u0131ndan \u00e7\u0131kmak i\u00e7in izin veya \u00e7\u0131kma belgesi isteyenlere, ergin ve ay\u0131rt etme g\u00fcc\u00fcne sahip olmalar\u0131, yabanc\u0131 bir devlet vatanda\u015fl\u0131\u011f\u0131n\u0131 kazanmalar\u0131 veya kazanaca\u011f\u0131na ili\u015fkin inand\u0131r\u0131c\u0131 belirtilerin bulunmas\u0131, herhangi bir su\u00e7 veya askerlik nedeniyle aranmamalar\u0131, hakk\u0131nda herhangi mali ve cezai tahdit bulunmamalar\u0131 \u015fart\u0131yla Bakanl\u0131k\u00e7a izin verilebilecek.<\/p>\n<p style=\"text-align: justify;\">E\u015flerden birinin \u00e7\u0131kma izni alarak T\u00fcrk vatanda\u015fl\u0131\u011f\u0131n\u0131 kaybetmesi, di\u011fer e\u015fin vatanda\u015fl\u0131\u011f\u0131n\u0131 etkilemeyecek. T\u00fcrk vatanda\u015fl\u0131\u011f\u0131n\u0131 kaybeden ana ya da baban\u0131n talebinin bulunmas\u0131 ve di\u011fer e\u015fin de muvafakat etmesi halinde, \u00e7ocuklar\u0131 da kendileriyle birlikte T\u00fcrk vatanda\u015fl\u0131\u011f\u0131n\u0131 kaybedecek. Muvafakat verilmemesi halinde hakim karar\u0131na g\u00f6re i\u015flem yap\u0131lacak.<br \/>\n<strong><br \/>\nT\u00dcRK VATANDA\u015eLI\u011eINI KAYBEDENLER<\/strong><\/p>\n<p style=\"text-align: justify;\">Do\u011fumla T\u00fcrk vatanda\u015f\u0131 olup da \u00e7\u0131kma izni alarak T\u00fcrk vatanda\u015fl\u0131\u011f\u0131n\u0131 kaybedenler, milli g\u00fcvenli\u011fe ve kamu d\u00fczenine ili\u015fkin h\u00fck\u00fcmler sakl\u0131 kalmak kayd\u0131yla askerlik yapma y\u00fck\u00fcml\u00fcl\u00fc\u011f\u00fc, se\u00e7me ve se\u00e7ilme, kamu g\u00f6revlerine girme ve muafen ara\u00e7 veya ev e\u015fyas\u0131 ithal etme haklar\u0131 d\u0131\u015f\u0131nda, sosyal g\u00fcvenli\u011fe ili\u015fkin kazan\u0131lm\u0131\u015f haklar\u0131 sakl\u0131 kalmak ve bu haklar\u0131n kullan\u0131m\u0131nda ilgili kanunlardaki h\u00fck\u00fcmlere tabi olmak \u015fart\u0131yla T\u00fcrk vatanda\u015flar\u0131na tan\u0131nan haklardan aynen yararlanmaya devam edecek.<br \/>\nYabanc\u0131 bir devlette T\u00fcrkiye&#8217;nin menfaatlerine uymayan herhangi bir hizmette bulunup da bu g\u00f6revi b\u0131rakmalar\u0131 kendilerine bildirilmesine ra\u011fmen b\u0131rakmayanlar, T\u00fcrkiye ile sava\u015f halindeki bir devletin her t\u00fcrl\u00fc hizmetinde Bakanlar Kurulunun izni olmaks\u0131z\u0131n kendi istekleriyle \u00e7al\u0131\u015fmaya devam edenler, izin almadan yabanc\u0131 bir devlet hizmetinde g\u00f6n\u00fcll\u00fc olarak askerlik yapanlar, \u0130\u00e7i\u015fleri Bakanl\u0131\u011f\u0131n\u0131n teklifi ve Bakanlar Kurulu karar\u0131yla vatanda\u015fl\u0131\u011f\u0131 kaybedecek.\n<\/p>\n<p style=\"text-align: justify;\">T\u00fcrk vatanda\u015fl\u0131\u011f\u0131n\u0131 kazanma karar\u0131, ilgilinin yalan beyan\u0131 veya vatanda\u015fl\u0131\u011f\u0131 kazanmaya esas te\u015fkil eden \u00f6nemli konular\u0131 gizlemesi sonucunda olu\u015fmu\u015fsa bu durum, karar\u0131 veren makam taraf\u0131ndan iptal edilecek, karar, ki\u015finin, T\u00fcrk vatanda\u015fl\u0131\u011f\u0131n\u0131 kazanan e\u015f ve \u00e7ocuklar i\u00e7in de uygulanacak.<!--nextpage--><\/p>\n<p style=\"text-align: justify;\"><strong>T\u00dcRK VATANDA\u015eLI\u011eINDAN AYRILAB\u0130LECEKLER<\/strong><\/p>\n<p style=\"text-align: justify;\">Yasa, ergin olmalar\u0131ndan itibaren 3 y\u0131l i\u00e7inde T\u00fcrk vatanda\u015fl\u0131\u011f\u0131ndan ayr\u0131labilecekleri \u015f\u00f6yle s\u0131ral\u0131yor:<br \/>\n&#8221;-Ana ya da babadan dolay\u0131 soy ba\u011f\u0131 nedeniyle do\u011fumla T\u00fcrk vatanda\u015f\u0131 olanlardan, yabanc\u0131 ana veya baban\u0131n vatanda\u015fl\u0131\u011f\u0131n\u0131 do\u011fumla veya sonradan kazananlar,<br \/>\n-Ana ya da babadan dolay\u0131 soy ba\u011f\u0131 nedeniyle T\u00fcrk vatanda\u015f\u0131 olanlardan, do\u011fum yeri esas\u0131na g\u00f6re yabanc\u0131 bir devlet vatanda\u015fl\u0131\u011f\u0131n\u0131 kazananlar,<br \/>\n-Evlat edinilme yoluyla T\u00fcrk vatanda\u015fl\u0131\u011f\u0131n\u0131 kazananlar,<br \/>\n-Do\u011fum yeri esas\u0131na g\u00f6re T\u00fcrk vatanda\u015f\u0131 olduklar\u0131 halde, sonradan yabanc\u0131 ana veya babas\u0131n\u0131n vatanda\u015fl\u0131\u011f\u0131n\u0131 kazananlar,<br \/>\n-Herhangi bir \u015fekilde T\u00fcrk vatanda\u015fl\u0131\u011f\u0131n\u0131 kazanm\u0131\u015f ana veya babaya ba\u011fl\u0131 olarak T\u00fcrk vatanda\u015fl\u0131\u011f\u0131n\u0131 kazananlar.&#8221;<br \/>\nKKTC vatanda\u015flar\u0131, T\u00fcrk vatanda\u015f\u0131 olmak istediklerini yaz\u0131l\u0131 olarak beyan ettikleri takdirde T\u00fcrk vatanda\u015f\u0131 olabilecek.<\/p>\n<p style=\"text-align: justify;\"><strong>KEND\u0130 \u0130STE\u011e\u0130YLE VATANDA\u015eLIK KAZANANLAR<br \/>\n<\/strong><br \/>\n\u0130zin almadan kendi istekleriyle yabanc\u0131 bir devlet vatanda\u015fl\u0131\u011f\u0131n\u0131 kazananlar, yurt d\u0131\u015f\u0131nda bulunup da muvazzaf askerlik g\u00f6revini yapmak veya T\u00fcrkiye&#8217;de sava\u015f ilan\u0131 \u00fczerine, yurt d\u0131\u015f\u0131nda bulunup da yurt savunmas\u0131na kat\u0131lmak i\u00e7in yetkili k\u0131l\u0131nan makamlarca usulen yap\u0131lacak \u00e7a\u011fr\u0131ya, mazeretsiz 3 ay i\u00e7inde uymayanlar, sevk s\u0131ras\u0131nda veya k\u0131talar\u0131na kat\u0131ld\u0131ktan sonra yurt d\u0131\u015f\u0131na ka\u00e7\u0131p kanuni s\u00fcre i\u00e7inde d\u00f6nmeyenler, milli g\u00fcvenlik bak\u0131m\u0131ndan engel olu\u015fturacak bir hali bulunmamak kayd\u0131yla T\u00fcrkiye&#8217;de ikamet etme \u015fart\u0131 aranmaks\u0131z\u0131n Bakanlar Kurulu karar\u0131yla yeniden T\u00fcrk vatanda\u015fl\u0131\u011f\u0131na al\u0131nabilecek.<\/p>\n<p style=\"text-align: justify;\">Silahl\u0131 kuvvetler mensuplar\u0131 ile askerlik g\u00f6revini yapmakta olanlardan g\u00f6rev, izin, hava de\u011fi\u015fimi veya tedavi i\u00e7in yurt d\u0131\u015f\u0131nda bulunup da s\u00fcresi bitti\u011fi halde mazeretsiz olarak 3 ay i\u00e7inde geri d\u00f6nmeyenler de bu h\u00fck\u00fcmden yararlanacak. B\u00f6ylece askerlik g\u00f6revini yapmayanlar ile izin almadan yabanc\u0131 bir \u00fclke vatanda\u015fl\u0131\u011f\u0131na ge\u00e7enlerin T\u00fcrk vatanda\u015fl\u0131\u011f\u0131n\u0131n kaybettirilmesi uygulamas\u0131na son verilecek.<br \/>\n\u0130kamet s\u00fcresi, T\u00fcrk soylu yabanc\u0131lar i\u00e7in 31 Aral\u0131k 2010 tarihine kadar 2 y\u0131l olarak uygulanacak.\n<\/p>\n<p style=\"text-align: justify;\"><span style=\"color: #888888;\">Kaynak : Sabah<\/span><\/p>\n","protected":false},"excerpt":{"rendered":"<\/p>\n<p style=\"text-align: justify;\">Cumhurba\u015fkan\u0131 Abdullah G\u00fcl, 5901 say\u0131l\u0131 &#8221;T\u00fcrk Vatanda\u015fl\u0131\u011f\u0131 Kanunu&#8221;nu onaylad\u0131. Cumhurba\u015fkanl\u0131\u011f\u0131 Bas\u0131n Merkezinden yap\u0131lan yaz\u0131l\u0131 a\u00e7\u0131klamada, Cumhurba\u015fkan\u0131 G\u00fcl&#8217;\u00fcn kanunu yay\u0131mlanmak \u00fczere Ba\u015fbakanl\u0131\u011f\u0131 g\u00f6nderdi\u011fi bildirildi.<\/p>\n<p style=\"text-align: justify;\">T\u00fcrk Vatanda\u015fl\u0131\u011f\u0131 Kanunu&#8217;na g\u00f6re, do\u011fumla kazan\u0131lan T\u00fcrk vatanda\u015fl\u0131\u011f\u0131, soy ba\u011f\u0131 veya do\u011fum yeri esas\u0131na g\u00f6re kendili\u011finden kazan\u0131lacak. T\u00fcrkiye i\u00e7inde veya d\u0131\u015f\u0131nda T\u00fcrk vatanda\u015f\u0131 evli anne ve babadan <\/p>\n","protected":false},"author":1,"featured_media":0,"comment_status":"open","ping_status":"closed","sticky":false,"template":"","format":"standard","meta":{"footnotes":""},"categories":[105],"tags":[],"class_list":["post-9955","post","type-post","status-publish","format-standard","hentry","category-gundem","odd"],"_links":{"self":[{"href":"http:\/\/www.korhanyilmaz.com\/index.php?rest_route=\/wp\/v2\/posts\/9955","targetHints":{"allow":["GET"]}}],"collection":[{"href":"http:\/\/www.korhanyilmaz.com\/index.php?rest_route=\/wp\/v2\/posts"}],"about":[{"href":"http:\/\/www.korhanyilmaz.com\/index.php?rest_route=\/wp\/v2\/types\/post"}],"author":[{"embeddable":true,"href":"http:\/\/www.korhanyilmaz.com\/index.php?rest_route=\/wp\/v2\/users\/1"}],"replies":[{"embeddable":true,"href":"http:\/\/www.korhanyilmaz.com\/index.php?rest_route=%2Fwp%2Fv2%2Fcomments&post=9955"}],"version-history":[{"count":0,"href":"http:\/\/www.korhanyilmaz.com\/index.php?rest_route=\/wp\/v2\/posts\/9955\/revisions"}],"wp:attachment":[{"href":"http:\/\/www.korhanyilmaz.com\/index.php?rest_route=%2Fwp%2Fv2%2Fmedia&parent=9955"}],"wp:term":[{"taxonomy":"category","embeddable":true,"href":"http:\/\/www.korhanyilmaz.com\/index.php?rest_route=%2Fwp%2Fv2%2Fcategories&post=9955"},{"taxonomy":"post_tag","embeddable":true,"href":"http:\/\/www.korhanyilmaz.com\/index.php?rest_route=%2Fwp%2Fv2%2Ftags&post=9955"}],"curies":[{"name":"wp","href":"https:\/\/api.w.org\/{rel}","templated":true}]}}