{"id":9947,"date":"2009-06-11T12:59:32","date_gmt":"2009-06-11T09:59:32","guid":{"rendered":"http:\/\/www.korhanyilmaz.com\/?p=9947"},"modified":"2009-06-11T12:59:32","modified_gmt":"2009-06-11T09:59:32","slug":"isikara-uyardi","status":"publish","type":"post","link":"http:\/\/www.korhanyilmaz.com\/?p=9947","title":{"rendered":"I\u015f\u0131kara uyard\u0131!"},"content":{"rendered":"<p><img loading=\"lazy\" decoding=\"async\" class=\"aligncenter size-full wp-image-9948\" title=\"BO\u011eAZ\u0130\u00c7\u0130 \u00dcniversitesi Kandilli Rasathanesi ve Deprem Ara\u015ft\u0131rma Enstit\u00fcs\u00fc eski M\u00fcd\u00fcr\u00fc Prof. Dr. Ahmet Mete I\u015f\u0131kara\" src=\"http:\/\/www.korhanyilmaz.com\/wp-content\/uploads\/2009\/06\/isik2.jpg\" alt=\"BO\u011eAZ\u0130\u00c7\u0130 \u00dcniversitesi Kandilli Rasathanesi ve Deprem Ara\u015ft\u0131rma Enstit\u00fcs\u00fc eski M\u00fcd\u00fcr\u00fc Prof. Dr. Ahmet Mete I\u015f\u0131kara\" width=\"200\" height=\"150\" \/><\/p>\n<p style=\"text-align: justify;\"><strong>`Deprem olmamas\u0131 beni endi\u015felendiriyor&#8217; <\/strong><\/p>\n<p style=\"text-align: justify;\">BO\u011eAZ\u0130\u00c7\u0130 \u00dcniversitesi Kandilli Rasathanesi ve Deprem Ara\u015ft\u0131rma Enstit\u00fcs\u00fc eski M\u00fcd\u00fcr\u00fc Prof. Dr. Ahmet Mete I\u015f\u0131kara, T\u00fcrkiye&#8217;de 2003 y\u0131l\u0131ndan bu yana \u015fiddeti 6 ve \u00fczerinde deprem olmamas\u0131n\u0131n kendisini endi\u015felendirdi\u011fini s\u00f6yledi. Prof. Dr. I\u015f\u0131kara, &#8220;Nerede olacak, nas\u0131l olacak onu bilemiyorum ama bir potansiyel birikim olu\u015fuyor&#8221; dedi.<\/p>\n<p style=\"text-align: justify;\">TMMOB Mimarlar Odas\u0131 Isparta \u015eubesi taraf\u0131ndan d\u00fczenlenen `Deprem Paneli&#8217;ne kat\u0131lmak i\u00e7in Isparta&#8217;ya gelen Bo\u011fazi\u00e7i \u00dcniversitesi Kandilli Rasathanesi ve Deprem Ara\u015ft\u0131rma Enstit\u00fcs\u00fc eski M\u00fcd\u00fcr\u00fc Prof. Dr. Ahmet Mete I\u015f\u0131kara, B\u00fcy\u00fck Isparta Oteli&#8217;nde panel \u00f6ncesi bas\u0131n toplant\u0131s\u0131 d\u00fczenledi.<!--more--><\/p>\n<p style=\"text-align: justify;\"><strong>RAHATSIZ ED\u0130YOR<\/strong><\/p>\n<p style=\"text-align: justify;\">T\u00fcrkiye&#8217;de her y\u0131l en az bir kere 6&#8217;n\u0131n \u00fczerinde bir deprem olurken, 1 May\u0131s 2003 tarihinden bu yana 6&#8217;n\u0131n \u00fczerinde bir deprem olmad\u0131\u011f\u0131n\u0131 belirten Prof. Dr. I\u015f\u0131kara, &#8220;Bu beni rahats\u0131z ediyor. Dolay\u0131s\u0131yla nerede olacak, nas\u0131l olacak onu bilemiyorum ama bir potansiyel birikim olu\u015fuyor. Bak\u0131n `Marmara&#8217; demedim, `T\u00fcrkiye&#8217; dedim. B\u00fct\u00fcn T\u00fcrkiye&#8217;de 2003&#8217;den bu yana bu b\u00fcy\u00fckl\u00fckte deprem olmad\u0131. Bu beni endi\u015felendiriyor. Olacak ger\u00e7e\u011fini kabul edip depremden korunma bilincini t\u00fcm \u00fclkenin kucaklamas\u0131 laz\u0131m&#8221; diye konu\u015ftu.<\/p>\n<p style=\"text-align: justify;\"><strong>KARPUZCU EV YAPIYOR<\/strong><\/p>\n<p style=\"text-align: justify;\">Deprem bilincinin olu\u015fmas\u0131 amac\u0131yla camilerde \u00f6zellikle Cuma namazlar\u0131ndan \u00f6nce e\u011fitim verdi\u011fini s\u00f6yleyen Prof. Dr. Ahmet Mete I\u015f\u0131kara, &#8220;\u015euna \u00f6zellikle vurgu yap\u0131yorum. Bakara suresindeki bir ayetimiz `\u0130\u015fi ehline ver&#8217; diyor. Ben de diyorum ki, yer bilimci ve zemin mekanik\u00e7i zemin et\u00fcd\u00fcn\u00fc yaps\u0131n, mimar projesini \u00e7izsin, in\u015faat m\u00fchendisi de uygulas\u0131n. Ama \u00e7\u0131ra\u011fa, kalfaya bina yapt\u0131rmay\u0131n. \u0130\u015fi ehline verin. Bunu cemaatle payla\u015f\u0131yorum. \u00c7\u00fcnk\u00fc bu \u00e7ok \u00f6nemli. \u00c7\u00fcnk\u00fc ac\u0131 hat\u0131ralar\u0131m\u0131z var&#8221; \u015feklinde konu\u015ftu.<\/p>\n<p style=\"text-align: justify;\">105 ki\u015finin ayn\u0131 binada hayat\u0131n\u0131 kaybetti\u011fi Adana- Ceyhan depreminde \u00e7ok ilgin\u00e7 bir durumla kar\u015f\u0131la\u015ft\u0131\u011f\u0131n\u0131 s\u00f6yleyen Prof. Dr. Mete I\u015f\u0131kara, &#8220;\u0130nanmazs\u0131n\u0131z ama bu binan\u0131n m\u00fcteahhidi kim diye sordum bana karpuzcuyu g\u00f6sterdiler. Ge\u00e7enlerde yine bir gazeteci beni \u0130stanbul&#8217;da durdu\u011fu yerde g\u00f6\u00e7en apartman i\u00e7in arad\u0131. Bende `bu suali sormadan git o binan\u0131n m\u00fcteahhidini \u00f6\u011fren \u00f6yle beni ara&#8217; dedim. Gazeteci d\u00f6nd\u00fc bana `Hocam berbermi\u015f&#8217; dedi. Bu \u00fclkede karpuzcu, berber bina yaparsa sonucu da bu olur&#8221; a\u00e7\u0131klamas\u0131nda bulundu.<\/p>\n<p style=\"text-align: justify;\"><strong>17 A\u011eUSTOS DEPREM\u0130N\u0130 S\u00d6YLEM\u0130\u015eT\u0130K<\/strong><\/p>\n<p style=\"text-align: justify;\">Depremin ne zaman olaca\u011f\u0131n\u0131 bilemediklerini ancak bir depremin nerede ve ne b\u00fcy\u00fckl\u00fckte olaca\u011f\u0131n\u0131 s\u00f6yleyebildiklerini kaydeden Prof. Dr. I\u015f\u0131kara, &#8220;1967&#8217;de Adapazar\u0131 Mudurnu depreminden sonra buran\u0131n bat\u0131s\u0131nda bir b\u00fcy\u00fck deprem daha olacakt\u0131r ve b\u00fcy\u00fckl\u00fc\u011f\u00fc 7&#8217;nin \u00fczerinde olacakt\u0131r&#8217; dedik. Ne oldu, i\u015fte 17 A\u011fustos&#8217;ta 7.4 b\u00fcy\u00fckl\u00fc\u011f\u00fcnde deprem oldu ve dedi\u011fimiz yerin bat\u0131s\u0131nda oldu. \u00dclkemiz bir deprem \u00fclkesidir. Depremle birlikte ya\u015famay\u0131 \u00f6\u011frenmemiz laz\u0131m. Art\u0131k insanlar bina al\u0131rken deprem g\u00fcvenli\u011fini soruyor. Kimse manzarayla ilgilenmiyor, binan\u0131n makyaj\u0131yla ilgilenmiyor, direkt `depreme kar\u015f\u0131 g\u00fcvenli mi?&#8217; diye soruyor&#8221; dedi.<\/p>\n<p style=\"text-align: justify;\"><span style=\"color: #888888;\">Kaynak : Vatan<\/span><\/p>\n","protected":false},"excerpt":{"rendered":"<\/p>\n<p style=\"text-align: justify;\">`Deprem olmamas\u0131 beni endi\u015felendiriyor&#8217; <\/p>\n<p style=\"text-align: justify;\">BO\u011eAZ\u0130\u00c7\u0130 \u00dcniversitesi Kandilli Rasathanesi ve Deprem Ara\u015ft\u0131rma Enstit\u00fcs\u00fc eski M\u00fcd\u00fcr\u00fc Prof. Dr. Ahmet Mete I\u015f\u0131kara, T\u00fcrkiye&#8217;de 2003 y\u0131l\u0131ndan bu yana \u015fiddeti 6 ve \u00fczerinde deprem olmamas\u0131n\u0131n kendisini endi\u015felendirdi\u011fini s\u00f6yledi. Prof. Dr. I\u015f\u0131kara, &#8220;Nerede olacak, nas\u0131l olacak onu bilemiyorum ama bir potansiyel birikim olu\u015fuyor&#8221; dedi.<\/p>\n<p  \n\n","protected":false},"author":1,"featured_media":0,"comment_status":"open","ping_status":"closed","sticky":false,"template":"","format":"standard","meta":{"footnotes":""},"categories":[7],"tags":[],"class_list":["post-9947","post","type-post","status-publish","format-standard","hentry","category-ekonomi","odd"],"_links":{"self":[{"href":"http:\/\/www.korhanyilmaz.com\/index.php?rest_route=\/wp\/v2\/posts\/9947","targetHints":{"allow":["GET"]}}],"collection":[{"href":"http:\/\/www.korhanyilmaz.com\/index.php?rest_route=\/wp\/v2\/posts"}],"about":[{"href":"http:\/\/www.korhanyilmaz.com\/index.php?rest_route=\/wp\/v2\/types\/post"}],"author":[{"embeddable":true,"href":"http:\/\/www.korhanyilmaz.com\/index.php?rest_route=\/wp\/v2\/users\/1"}],"replies":[{"embeddable":true,"href":"http:\/\/www.korhanyilmaz.com\/index.php?rest_route=%2Fwp%2Fv2%2Fcomments&post=9947"}],"version-history":[{"count":0,"href":"http:\/\/www.korhanyilmaz.com\/index.php?rest_route=\/wp\/v2\/posts\/9947\/revisions"}],"wp:attachment":[{"href":"http:\/\/www.korhanyilmaz.com\/index.php?rest_route=%2Fwp%2Fv2%2Fmedia&parent=9947"}],"wp:term":[{"taxonomy":"category","embeddable":true,"href":"http:\/\/www.korhanyilmaz.com\/index.php?rest_route=%2Fwp%2Fv2%2Fcategories&post=9947"},{"taxonomy":"post_tag","embeddable":true,"href":"http:\/\/www.korhanyilmaz.com\/index.php?rest_route=%2Fwp%2Fv2%2Ftags&post=9947"}],"curies":[{"name":"wp","href":"https:\/\/api.w.org\/{rel}","templated":true}]}}