{"id":9943,"date":"2009-06-07T13:55:48","date_gmt":"2009-06-07T10:55:48","guid":{"rendered":"http:\/\/www.korhanyilmaz.com\/?p=9943"},"modified":"2009-06-07T13:55:48","modified_gmt":"2009-06-07T10:55:48","slug":"devrimci-muzige-yeni-bir-ses-bandista","status":"publish","type":"post","link":"http:\/\/www.korhanyilmaz.com\/?p=9943","title":{"rendered":"DEVR\u0130MC\u0130 M\u00dcZ\u0130\u011eE YEN\u0130 B\u0130R SES: BAND\u0130STA"},"content":{"rendered":"<p style=\"text-align: center;\"><img loading=\"lazy\" decoding=\"async\" class=\"aligncenter size-full wp-image-9944\" src=\"http:\/\/www.korhanyilmaz.com\/wp-content\/uploads\/2009\/06\/2009-06-11_124823.jpg\" alt=\"\" width=\"350\" height=\"169\" \/><\/p>\n<p style=\"text-align: justify;\"><strong>Yorum alb\u00fcm\u00fc \u00e7alarken yakalanan \u00e7ocuk<\/strong><strong>.<\/strong><\/p>\n<p style=\"text-align: justify;\">Seksenlerden bu yana, \u2018devrimci\u2019, \u2018protest\u2019 veya \u2018\u00f6zg\u00fcn\u2019 ad\u0131 verilen (veya bunlar\u0131n t\u00fcrl\u00fc bile\u015fkeleri) tarzda m\u00fczik yapan bir\u00e7ok grup kuruldu. Vardiya, Adal\u0131lar, Yorum, Kutup Y\u0131ld\u0131z\u0131, Ekin, Munzur, Dinmeyen, K\u0131z\u0131l\u0131rmak, G\u00fcnola, \u00c7a\u011fr\u0131, \u00c7a\u011fda\u015f T\u00fcrk\u00fc, Merhaba ve Baran bunlardan baz\u0131lar\u0131. Kimi 12 Eyl\u00fcl\u2019den sakat \u00e7\u0131kt\u0131, kimi zamanla siyasi duru\u015funu yitirdi, kimi da\u011f\u0131l\u0131p tek tek m\u00fczisyenler olarak yoluna devam etti\u2026 Bu olu\u015fumlar\u0131n en istikrarl\u0131 ve \u00fcretkeni herhalde Grup Yorum olmu\u015ftur. Fakat bir \u2018de\u011fer\u2019 ortaya koyma yolunda ortaya \u00e7\u0131kan her eylemci gibi, devrimci motivasyonla yola \u00e7\u0131kan Yorum da, ortaya koydu\u011fu de\u011ferin muhafaza edilmesi y\u00f6n\u00fcnde bir tutum edinmekte gecikmemi\u015ftir. <!--more-->Bir anlamda \u2018takip\u00e7ileri\u2019 olup kendi yolunu a\u00e7may\u0131 da kafas\u0131na koymu\u015f ki\u015fi veya gruplara y\u00f6nelik ele\u015ftirilerinden nasibini alm\u0131\u015ft\u0131r. Bu ele\u015ftiriler asl\u0131nda genel olarak anla\u015f\u0131l\u0131r; \u2018\u00f6zg\u00fcn\u2019, \u2018protest\u2019, \u2018devrimci\u2019 etiketini kullanarak \u2018pavyon m\u00fczi\u011fi\u2019 yapan ve say\u0131ca hi\u00e7 de az olmayan bir kesime tahamm\u00fcl etmek zaten ho\u015fg\u00f6r\u00fcden fazlas\u0131n\u0131 isterdi. Ama bir de \u015f\u00f6yle i\u011freti bir y\u00f6n\u00fc var k\u00fclt\u00fcr end\u00fcstrisinin: Bir eser yaz\u0131yorsunuz, s\u00f6zleri \u2018Burada barlar ortas\u0131nda\/Da\u011f aramak moda oldu\/Da\u011flarda \u00f6len yi\u011fitler\/\u0130\u00e7kilere meze oldu.\u201d Sonra bu eseri tam da s\u00f6z\u00fc edilen t\u00fcrden bir barda \u00e7al\u0131n\u0131rken duyuyorsunuz. Engellemek m\u00fcmk\u00fcn m\u00fc? De\u011fil. K\u00fclt\u00fcr end\u00fcstrisi sizi beklenmedik yerde yakalay\u0131p ara\u00e7sal akl\u0131n ellerine teslim etme g\u00fcc\u00fcne sahip. Belki yap\u0131labilecek bir \u015fey var: Belli ilkeleri koruyarak, \u2018praksis\u2019 i\u00e7erisinde kendini yeniden ve yeniden belirlemeyi deneyecek kadar cesur hareket etmek. \u201cYorum zaten bunu yapm\u0131yor mu?\u201d diyeceksiniz. Asl\u0131nda yap\u0131yor, m\u00fczi\u011fini art\u0131k \u2018\u00e7a\u011fda\u015f halk m\u00fczi\u011fi\u2019 olarak tan\u0131mlam\u0131yor, farkl\u0131 m\u00fczik tarzlar\u0131 ile \u00f6zde\u015fle\u015fmi\u015f enstr\u00fcmanlar\u0131, ritimleri-motifleri kullan\u0131yor. Fakat devinim i\u00e7erisinde de\u011fi\u015fmeden kalmas\u0131 gerekenin sorguland\u0131\u011f\u0131 noktada muhafazak\u00e2r bir tutumu da daima koruyor. B\u00f6ylece, teknik de\u011fil, etik bir soru g\u00fcndemdeki yerini hep koruyor: \u201cNeyi de\u011fi\u015ftirip neyi koruyaca\u011f\u0131z?\u201d<br \/>\nSenin Hik\u00e2yeni Anlat\u0131yorlar<br \/>\nBahsini etti\u011fimiz meselenin bizim i\u00e7in yeniden g\u00fcndeme geli\u015fi, \u2018devrimci\u2019 m\u00fczik yapmak niyetinde olan yeni bir grupla, Bandista ile ger\u00e7ekle\u015fti. 2006 y\u0131l\u0131nda kurulan grup Reggae, Ska, Afro-Beat ve bir nebze Klezmer tarzlar\u0131na yak\u0131n bir m\u00fczik yap\u0131yor; bir taraftan da motivasyonlar\u0131n\u0131n k\u00f6klerinin Anadolu\u2019nun k\u00fclt\u00fcrel \u00e7e\u015fitlili\u011fine dayand\u0131\u011f\u0131n\u0131 savunuyor. Benzerlerinden fark\u0131, s\u0131n\u0131fs\u0131z ve s\u0131n\u0131rs\u0131z bir d\u00fcnyan\u0131n izini \u2018co\u015fkulu\u2019, \u2018e\u011flenceli\u2019, \u2018hareketli\u2019 m\u00fczikte s\u00fcr\u00fcyor olmalar\u0131. Tam da bu tercihleri ve bu tercihin beraberinde getirdikleri, onlara y\u00f6nelik ele\u015ftirilerin temelinde bulunuyor. Ancak garip bir \u015fekilde, ele\u015ftiriler bu konuyla s\u0131n\u0131rl\u0131 kalm\u0131yor. Alb\u00fcmlerini kendi \u00e7abalar\u0131 ile haz\u0131rlay\u0131p \u00fccretsiz da\u011f\u0131tmalar\u0131ndan tutun, alb\u00fcm\u00fcn m\u00fczikal kalitesinin \u2018devrimci m\u00fczi\u011fe yak\u0131\u015fmayacak \u00f6l\u00e7\u00fcde\u2019 y\u00fcksek olmas\u0131na, konserlerinde alkoll\u00fc i\u00e7ki sat\u0131lmas\u0131ndan, solistlerinin \u2018serseri\u2019 tav\u0131rlar\u0131na kadar t\u00fcrl\u00fc konular ele\u015ftiri nedeni olarak g\u00f6r\u00fclmekte. Belki en ciddiye al\u0131nabilecek mesele, yapt\u0131klar\u0131 m\u00fczi\u011fin (b\u00f6yle bir gereklilik varsa e\u011fer) \u2018biz\u2019e ait olup olmad\u0131\u011f\u0131, ki bu t\u00fcr bir d\u00fc\u015f\u00fcn\u00fc\u015f (en iyi ihtimalle) d\u0131\u015flay\u0131c\u0131 ve temelsizdir. Yani, farkl\u0131 adlara sahip olsa da, 3\/4\u2019l\u00fck us\u00fcl m\u00fc (Sema\u00ee) \u2018biz\u2019de yoktur, \u2018min\u00f6r gam\u2019 m\u0131 (H\u00fcseyn\u00ee), klarnet mi, akordeon mu! \u00dcstelik di\u011fer bir\u00e7oklar\u0131n\u0131n \u2018\u00e7a\u011fda\u015f halk m\u00fczi\u011fi\u2019 ad\u0131 alt\u0131nda koma seslerini yuvarlayarak elde etti\u011fi m\u00fczik ne kadar \u2018bizim\u2019 idi?<br \/>\nEle\u015ftirilerin ortas\u0131nda, yapt\u0131\u011f\u0131 m\u00fczi\u011fi nereye dayand\u0131raca\u011f\u0131n\u0131 bilen, kendinden emin fakat (belli ki) varolu\u015funu ideolojiye d\u00f6n\u00fc\u015ft\u00fcrmekten sak\u0131nan bir grup. Ne yaz\u0131k ki onlardan bahsederken konu, yapt\u0131klar\u0131 m\u00fczi\u011fe neredeyse en son geliyor. Olsun, taraflar sustu\u011funda ortada m\u00fczik kalacak. Ve galiba Bandista bir ad\u0131m \u00f6nde olacak\u2026<br \/>\nTavsiyemiz odur ki, siz de bu m\u00fczi\u011fi, \u2018De te fabula narratur\u2019u Bandista\u2019n\u0131n kendi sitesinden (<a href=\"http:\/\/www.tayfabandista.org\/\" target=\"_blank\">www.tayfabandista.org<\/a>) \u2018\u00fccretsiz\u2019 edinin&#8230;\n<\/p>\n<p style=\"text-align: justify;\"><span style=\"color: #888888;\">Kaynak : F\u0131rat \u0130lim &#8211; Birg\u00fcn ( firatilim@gmail.com )<\/span><\/p>\n","protected":false},"excerpt":{"rendered":"<p style=\"text-align: center;\">\n<p style=\"text-align: justify;\">Yorum alb\u00fcm\u00fc \u00e7alarken yakalanan \u00e7ocuk.<\/p>\n<p style=\"text-align: justify;\">Seksenlerden bu yana, \u2018devrimci\u2019, \u2018protest\u2019 veya \u2018\u00f6zg\u00fcn\u2019 ad\u0131 verilen (veya bunlar\u0131n t\u00fcrl\u00fc bile\u015fkeleri) tarzda m\u00fczik yapan bir\u00e7ok grup kuruldu. Vardiya, Adal\u0131lar, Yorum, Kutup Y\u0131ld\u0131z\u0131, Ekin, Munzur, Dinmeyen, K\u0131z\u0131l\u0131rmak, G\u00fcnola, \u00c7a\u011fr\u0131, \u00c7a\u011fda\u015f T\u00fcrk\u00fc, Merhaba ve Baran bunlardan baz\u0131lar\u0131. Kimi 12 Eyl\u00fcl\u2019den sakat \u00e7\u0131kt\u0131, kimi <\/p>\n","protected":false},"author":1,"featured_media":0,"comment_status":"open","ping_status":"closed","sticky":false,"template":"","format":"standard","meta":{"footnotes":""},"categories":[8],"tags":[],"class_list":["post-9943","post","type-post","status-publish","format-standard","hentry","category-kultur-sanat","odd"],"_links":{"self":[{"href":"http:\/\/www.korhanyilmaz.com\/index.php?rest_route=\/wp\/v2\/posts\/9943","targetHints":{"allow":["GET"]}}],"collection":[{"href":"http:\/\/www.korhanyilmaz.com\/index.php?rest_route=\/wp\/v2\/posts"}],"about":[{"href":"http:\/\/www.korhanyilmaz.com\/index.php?rest_route=\/wp\/v2\/types\/post"}],"author":[{"embeddable":true,"href":"http:\/\/www.korhanyilmaz.com\/index.php?rest_route=\/wp\/v2\/users\/1"}],"replies":[{"embeddable":true,"href":"http:\/\/www.korhanyilmaz.com\/index.php?rest_route=%2Fwp%2Fv2%2Fcomments&post=9943"}],"version-history":[{"count":0,"href":"http:\/\/www.korhanyilmaz.com\/index.php?rest_route=\/wp\/v2\/posts\/9943\/revisions"}],"wp:attachment":[{"href":"http:\/\/www.korhanyilmaz.com\/index.php?rest_route=%2Fwp%2Fv2%2Fmedia&parent=9943"}],"wp:term":[{"taxonomy":"category","embeddable":true,"href":"http:\/\/www.korhanyilmaz.com\/index.php?rest_route=%2Fwp%2Fv2%2Fcategories&post=9943"},{"taxonomy":"post_tag","embeddable":true,"href":"http:\/\/www.korhanyilmaz.com\/index.php?rest_route=%2Fwp%2Fv2%2Ftags&post=9943"}],"curies":[{"name":"wp","href":"https:\/\/api.w.org\/{rel}","templated":true}]}}