{"id":9926,"date":"2009-06-10T12:54:09","date_gmt":"2009-06-10T09:54:09","guid":{"rendered":"http:\/\/www.korhanyilmaz.com\/?p=9926"},"modified":"2009-06-10T12:54:09","modified_gmt":"2009-06-10T09:54:09","slug":"akman%e2%80%99dan-zaman-kazanma-manevrasi","status":"publish","type":"post","link":"http:\/\/www.korhanyilmaz.com\/?p=9926","title":{"rendered":"AKMAN\u2019DAN ZAMAN KAZANMA MANEVRASI"},"content":{"rendered":"<p><img loading=\"lazy\" decoding=\"async\" class=\"aligncenter size-full wp-image-9927\" title=\"RT\u00dcK Ba\u015fkan\u0131 Zahid Akman\" src=\"http:\/\/www.korhanyilmaz.com\/wp-content\/uploads\/2009\/06\/rtuk_zahit_akman.jpg\" alt=\"RT\u00dcK Ba\u015fkan\u0131 Zahid Akman\" width=\"250\" height=\"200\" \/><\/p>\n<p style=\"text-align: justify;\">Ar\u0131n\u00e7\u2019\u0131n \u201c\u0130stifa et\u201d \u0131srar\u0131na kar\u015f\u0131n Akman \u0131srarla g\u00f6revinin ba\u015f\u0131nda. Siyasi g\u00f6zlemciler, Akman\u2019\u0131n, Ar\u0131n\u00e7\u2019a ra\u011fmen istifa etmemesini \u201cBu g\u00fc\u00e7 nerden geliyor\u201d \u015feklinde yorumluyor<\/p>\n<p style=\"text-align: justify;\"><strong>\u2018ZAMAN KAZANIYOR\u2019 <\/strong><br \/>\nRT\u00dcK Ba\u015fkan\u0131 Akman, ba\u015fkanl\u0131k s\u00fcresinin bitece\u011fi 14 Temmuz\u2019a kadar istifa etmeyece\u011fi mesaj\u0131n\u0131 verdi. Akman, ba\u015fkanl\u0131k se\u00e7iminde yeniden aday olmayaca\u011f\u0131n\u0131 da a\u00e7\u0131klad\u0131. \u0130stifa \u00e7a\u011fr\u0131lar\u0131ndan sonra ortadan kaybolan Akman, RT\u00dcK toplant\u0131s\u0131ndan bir g\u00fcn \u00f6nce ortaya \u00e7\u0131kt\u0131. Akman, d\u00fcn Radyo ve Televizyon Yay\u0131nc\u0131lar\u0131 Derne\u011fi\u2019ni kabul etti. G\u00f6r\u00fc\u015fme sonras\u0131 atv Genel M\u00fcd\u00fcr\u00fc Fatih Edibo\u011flu\u2019nun verdi\u011fi bilgiye g\u00f6re Akman, kendisinin 15 Temmuz\u2019da ba\u015flayacak yeni d\u00f6nemde ba\u015fkanl\u0131\u011fa aday olmayaca\u011f\u0131n\u0131 s\u00f6yledi.<!--more--><\/p>\n<p style=\"text-align: justify;\"><strong>AKP\u2019N\u0130N ZAYIF KARNI<\/strong><br \/>\nr\u0131n\u00e7&#8217;\u0131n partisini kurtarmak i\u00e7in istifa etmesini istedi\u011fi Akman, Ar\u0131n\u00e7&#8217;\u0131n iste\u011fine uymad\u0131. Bu durum AKP i\u00e7inde Akman&#8217;\u0131 koruyan \u00e7evrelerle ilgili. Cemil \u00c7i\u00e7ek, \u00f6zerk bir kurulu\u015fun ba\u015fkan\u0131n\u0131n istifaya davet edilemeyece\u011fini s\u00f6ylemi\u015f, Erdo\u011fan da \u201cAkman kendini en iyi \u015fekilde savunmas\u0131n\u0131 bilir\u201d demi\u015fti. Haber-Sen Merkez Y\u00f6netim Kurulu ise ge\u00e7ti\u011fimiz g\u00fcnlerde Akman&#8217;\u0131 istifaya \u00e7a\u011f\u0131rm\u0131\u015ft\u0131. A\u00e7\u0131klamada, \u201cRT\u00dcK&#8217;te b\u0131rak\u0131n ba\u015fkan olmas\u0131n\u0131 \u00fcye olarak bile bulunmamas\u0131 gerekti\u011fini bir kez daha ortaya \u00e7\u0131kard\u0131\u201d denilmi\u015fti. \u00bb8\u2019DE\n<\/p>\n<p style=\"text-align: justify;\"><strong>DEN\u0130Z CO\u015eAN<\/strong><\/p>\n<p style=\"text-align: justify;\">RT\u00dcK Ba\u015fkan\u0131 Zahid Akman, ba\u015fkanl\u0131k s\u00fcresinin bitece\u011fi 14 Temmuz&#8217;a kadar istifa etmeyece\u011fi mesaj\u0131n\u0131 verdi. Akman, ba\u015fkanl\u0131k se\u00e7iminde yeniden aday olmayaca\u011f\u0131n\u0131 a\u00e7\u0131klad\u0131.<br \/>\nSon g\u00fcnlerde artan istifa \u00e7a\u011fr\u0131lar\u0131ndan sonra ortadan kaybolan RT\u00dcK Ba\u015fkan\u0131 Zahid Akman, bug\u00fcn Radyo ve Televizyon Yay\u0131nc\u0131lar\u0131 Derne\u011fi&#8217;ni kabul etti. G\u00f6r\u00fc\u015fmeye Anadolu Ajans\u0131 d\u0131\u015f\u0131nda gazeteci al\u0131nmad\u0131. G\u00f6r\u00fc\u015fme sonras\u0131 ATV Genel M\u00fcd\u00fcr\u00fc Fatih Edibo\u011flu, Akman&#8217;\u0131n RT\u00dcK i\u00e7inde 14 Temmuz&#8217;da ya\u015fanacak g\u00f6rev de\u011fi\u015fikli\u011finden bahsetti\u011fini s\u00f6yledi. Edibo\u011flu&#8217;nun verdi\u011fi bilgiye g\u00f6re Akman, yeni \u00fc\u00e7 \u00fcyenin 15 Temmuz&#8217;da g\u00f6reve ba\u015flayacaklar\u0131n\u0131, kendisinin de yeni d\u00f6nemde ba\u015fkanl\u0131\u011fa aday olmayaca\u011f\u0131n\u0131 s\u00f6yledi.<br \/>\nEdibo\u011flu, &#8220;Benim bildi\u011fim kadar\u0131yla bu s\u00fcreden sonra Akman&#8217;\u0131n RT\u00dcK \u00fcyeli\u011fi devam edecek&#8221; dedi. Akman&#8217;\u0131n bu s\u00f6zleri 14 Temmuz&#8217;a kadar RT\u00dcK ba\u015fkanl\u0131\u011f\u0131&#8217;ndan istifa etmeyece\u011fi \u015feklinde yorumland\u0131.Akman istifa etmiyor. RT\u00dcK Ba\u015fkan\u0131 Akman, ba\u015fkanl\u0131k s\u00fcresinin bitece\u011fi 14 Temmuz&#8217;a kadar istifa etmeyece\u011fi mesaj\u0131n\u0131 verdi. Akman, ba\u015fkanl\u0131k se\u00e7iminde yeniden aday olmayaca\u011f\u0131n\u0131 a\u00e7\u0131klad\u0131.<\/p>\n<p style=\"text-align: justify;\"><strong>\u0130ST\u0130FA ETT\u0130REMED\u0130LER<\/strong><br \/>\nAr\u0131n\u00e7&#8217;\u0131n partisini kurtarmak i\u00e7in istifa etmesini istedi\u011fi Akman, Ar\u0131n\u00e7&#8217;\u0131n iste\u011fine uymad\u0131. Bu durum AKP i\u00e7inde Akman&#8217;\u0131 koruyan \u00e7evrelerle ilgili. Cemil \u00c7i\u00e7ek, \u00f6zerk bir kurtulu\u015fun ba\u015fkan\u0131n\u0131n istifaya davet edilemeyece\u011fini s\u00f6ylemi\u015f, Erdo\u011fan da &#8220;Say\u0131n Akman kendini en iyi \u015fekilde savunmas\u0131n\u0131 bilir&#8221; demi\u015fti. Haber Sen Merkez Y\u00f6netim Kurulu ise ge\u00e7ti\u011fimiz g\u00fcnlerde Akman&#8217;\u0131 istifaya \u00e7a\u011f\u0131rm\u0131\u015ft\u0131.A\u00e7\u0131klamada, &#8220;Deniz Feneri e.v ba\u011flant\u0131l\u0131 soru\u015fturma kapsam\u0131nda, Ankara Cumhuriyet Ba\u015fsavc\u0131l\u0131\u011f\u0131n\u0131n talebi \u00fczerine Sulh Ceza Mahkemesi aralar\u0131nda Zahit Akman&#8217;\u0131n da bulundu\u011fu 18 ki\u015finin mal varl\u0131klar\u0131na tedbir konulmas\u0131na karar verdi. Yarg\u0131, Almanya&#8217;daki Deniz Feneri e.v ad\u0131na toplanan paralar\u0131n 18.5 milyon Avro&#8217;sunun kuryelerle T\u00fcrkiye&#8217;ye ta\u015f\u0131nmas\u0131nda Akman&#8217;\u0131n da sorumlu oldu\u011funa ili\u015fkin bulgular \u00fczerine bu karar\u0131 ald\u0131. Bu durum, Akman&#8217;\u0131n, radyo ve televizyon yay\u0131nlar\u0131n\u0131n izlenmesi, denetlenmesi, frekans tahsisi ve planlanmas\u0131 gibi hayati \u00f6nemdeki g\u00f6revleri bulunan RT\u00dcK&#8217;te b\u0131rak\u0131n ba\u015fkan olmas\u0131n\u0131 \u00fcye olarak bile bulunmamas\u0131 gerekti\u011fini bir kez daha ortaya \u00e7\u0131karm\u0131\u015ft\u0131r&#8221; denilmi\u015fti.<\/p>\n<p style=\"text-align: justify;\"><strong>ADI AYKUT\u2019MU\u015e!<\/strong><br \/>\nAk\u015fam gazetesinden Mehmet Kenan Kaya k\u00f6\u015fe yaz\u0131s\u0131nda, Zahid Akman&#8217;\u0131n as\u0131l ad\u0131n\u0131n Aykut oldu\u011funu hat\u0131rlatt\u0131. Kaya, &#8220;Onun ger\u00e7ek ad\u0131, Zahid de\u011fil &#8216;Aykut&#8217;tur. \u0130lahiyattan mezun olduktan sonra, \u00fczerinde &#8216;Aykut Akman&#8217; yazan n\u00fcfus ka\u011f\u0131d\u0131na mahkeme karar\u0131yla bir &#8216;Zahid&#8217; ekletmi\u015f, sonra da kendini Zahid ilan etmi\u015ftir. \u00c7ile \u00e7ekmemi\u015f, tekkeye odun ta\u015f\u0131mam\u0131\u015f, kimseden el almam\u0131\u015f, bu y\u00fczden de tasavvufun inceliklerini \u00f6\u011frenememi\u015ftir&#8221; dedi.\n<\/p>\n<p style=\"text-align: justify;\"><span style=\"color: #888888;\">Kaynak : Birg\u00fcn<\/span><\/p>\n","protected":false},"excerpt":{"rendered":"<\/p>\n<p style=\"text-align: justify;\">Ar\u0131n\u00e7\u2019\u0131n \u201c\u0130stifa et\u201d \u0131srar\u0131na kar\u015f\u0131n Akman \u0131srarla g\u00f6revinin ba\u015f\u0131nda. Siyasi g\u00f6zlemciler, Akman\u2019\u0131n, Ar\u0131n\u00e7\u2019a ra\u011fmen istifa etmemesini \u201cBu g\u00fc\u00e7 nerden geliyor\u201d \u015feklinde yorumluyor<\/p>\n<p style=\"text-align: justify;\">\u2018ZAMAN KAZANIYOR\u2019 RT\u00dcK Ba\u015fkan\u0131 Akman, ba\u015fkanl\u0131k s\u00fcresinin bitece\u011fi 14 Temmuz\u2019a kadar istifa etmeyece\u011fi mesaj\u0131n\u0131 verdi. Akman, ba\u015fkanl\u0131k se\u00e7iminde yeniden aday olmayaca\u011f\u0131n\u0131 da a\u00e7\u0131klad\u0131. \u0130stifa \u00e7a\u011fr\u0131lar\u0131ndan sonra ortadan kaybolan <\/p>\n","protected":false},"author":1,"featured_media":0,"comment_status":"open","ping_status":"closed","sticky":false,"template":"","format":"standard","meta":{"footnotes":""},"categories":[105],"tags":[],"class_list":["post-9926","post","type-post","status-publish","format-standard","hentry","category-gundem","odd"],"_links":{"self":[{"href":"http:\/\/www.korhanyilmaz.com\/index.php?rest_route=\/wp\/v2\/posts\/9926","targetHints":{"allow":["GET"]}}],"collection":[{"href":"http:\/\/www.korhanyilmaz.com\/index.php?rest_route=\/wp\/v2\/posts"}],"about":[{"href":"http:\/\/www.korhanyilmaz.com\/index.php?rest_route=\/wp\/v2\/types\/post"}],"author":[{"embeddable":true,"href":"http:\/\/www.korhanyilmaz.com\/index.php?rest_route=\/wp\/v2\/users\/1"}],"replies":[{"embeddable":true,"href":"http:\/\/www.korhanyilmaz.com\/index.php?rest_route=%2Fwp%2Fv2%2Fcomments&post=9926"}],"version-history":[{"count":0,"href":"http:\/\/www.korhanyilmaz.com\/index.php?rest_route=\/wp\/v2\/posts\/9926\/revisions"}],"wp:attachment":[{"href":"http:\/\/www.korhanyilmaz.com\/index.php?rest_route=%2Fwp%2Fv2%2Fmedia&parent=9926"}],"wp:term":[{"taxonomy":"category","embeddable":true,"href":"http:\/\/www.korhanyilmaz.com\/index.php?rest_route=%2Fwp%2Fv2%2Fcategories&post=9926"},{"taxonomy":"post_tag","embeddable":true,"href":"http:\/\/www.korhanyilmaz.com\/index.php?rest_route=%2Fwp%2Fv2%2Ftags&post=9926"}],"curies":[{"name":"wp","href":"https:\/\/api.w.org\/{rel}","templated":true}]}}