{"id":9902,"date":"2009-06-11T09:20:31","date_gmt":"2009-06-11T07:20:31","guid":{"rendered":"http:\/\/www.korhanyilmaz.com\/?p=9902"},"modified":"2009-06-11T09:20:31","modified_gmt":"2009-06-11T07:20:31","slug":"guldal-aksit-duzeltme-istiyor","status":"publish","type":"post","link":"http:\/\/www.korhanyilmaz.com\/?p=9902","title":{"rendered":"G\u00fcldal Ak\u015fit &#039;d\u00fczeltme&#039; istiyor"},"content":{"rendered":"<p style=\"text-align: center;\"><img loading=\"lazy\" decoding=\"async\" class=\"aligncenter size-full wp-image-9903\" src=\"http:\/\/www.korhanyilmaz.com\/wp-content\/uploads\/2009\/06\/fft28_mf188206.Jpeg\" alt=\"\" width=\"306\" height=\"204\" \/><\/p>\n<p style=\"text-align: justify;\">A\u0130HM&#8217;nin, eski e\u015f \u015fiddetini \u00f6nleyemedi\u011fi i\u00e7in T\u00fcrkiye&#8217;ye ceza vermesine, Meclis Kad\u0131n Erkek F\u0131rsat E\u015fitli\u011fi Komisyonu Ba\u015fkan\u0131 Ak\u015fit itiraz etti: Bize haks\u0131zl\u0131k.<\/p>\n<p style=\"text-align: justify;\">ANKARA &#8211; T\u00fcrkiye\u2019nin Avrupa \u0130nsan Haklar\u0131 Mahkemesi\u2019nde (A\u0130HM), aile i\u00e7i \u015fiddete kar\u015f\u0131 vatanda\u015f\u0131n\u0131 koruyamad\u0131\u011f\u0131 gerek\u00e7esiyle ceza alan \u2018ilk \u00fclke\u2019 olmas\u0131n\u0131 Meclis\u2019te bir tek TBMM Kad\u0131n Erkek F\u0131rsat E\u015fitli\u011fi Komisyonu Ba\u015fkan\u0131 AKP\u2019li G\u00fcldal Ak\u015fit ele\u015ftirdi! Karar\u0131n \u2018d\u00fczeltilmesi gerekti\u011fini\u2019 belirten Ak\u015fit, \u201c2002\u2019den sonra ciddi \u00e7al\u0131\u015fmalar yap\u0131ld\u0131. Bir tek talihsiz olaya g\u00f6re ceza \u00f6ng\u00f6rmek T\u00fcrkiye\u2019ye haks\u0131zl\u0131kt\u0131r\u201d dedi.<br \/>\nAdalet Bakanl\u0131\u011f\u0131 ise olayda T\u00fcrk yarg\u0131s\u0131n\u0131n usul\u00fcne uygun davran\u0131p davranmad\u0131\u011f\u0131n\u0131 belirlemek i\u00e7in adalet m\u00fcfetti\u015fi g\u00f6revlendirdi. Konu, eski e\u015fi taraf\u0131ndan y\u0131llara yay\u0131lan bir s\u00fcre\u00e7te d\u00f6v\u00fclen, otomobille ezilmek istenen, b\u0131\u00e7aklanan ve annesi \u00f6ld\u00fcr\u00fclen Nahide Opuz taraf\u0131ndan A\u0130HM\u2019ye g\u00f6t\u00fcr\u00fclm\u00fc\u015ft\u00fc. A\u0130HM, devletin eski e\u015fine kar\u015f\u0131 kendisini yeterince koruyamad\u0131\u011f\u0131n\u0131 s\u00f6yleyen Opuz\u2019a hak verdi, T\u00fcrkiye\u2019yi Opuz\u2019a 36 bin avro tazminata mahk\u00fbm etti. A\u0130HM\u2019nin karar\u0131yla ilgili milletvekilleri \u015funlar\u0131 s\u00f6yledi: <!--more-->\n<\/p>\n<p style=\"text-align: justify;\">TBMM Kad\u0131n Erkek F\u0131rsat E\u015fitli\u011fi Komisyonu Ba\u015fkan\u0131 G\u00fcldal Ak\u015fit: \u0130nsan\u0131 \u00e7ok mutlu eden, sevindirici bir karar de\u011fil. A\u0130HM\u2019nin ilk kez bir \u00fclke hakk\u0131nda b\u00f6yle bir karar vermi\u015f olmas\u0131 ve onun da T\u00fcrkiye olmas\u0131 bizim i\u00e7in \u00fcz\u00fcc\u00fc. Ancak \u015funu belirtmek isterim ki bu m\u00fcracaat 2002 y\u0131l\u0131nda yap\u0131lm\u0131\u015f ve o g\u00fcnk\u00fc \u015fartlara g\u00f6re de\u011ferlendirilerek verilmi\u015f bir karar. 2002\u2019den bu yana kad\u0131n haklar\u0131 konusunda h\u00fck\u00fcmet olarak, sivil toplum kurulu\u015flar\u0131 olarak \u00e7ok \u015fey yap\u0131ld\u0131. Duyarl\u0131l\u0131k art\u0131r\u0131ld\u0131. Bunlar g\u00f6rmezden gelinerek \u2018T\u00fcrkiye hi\u00e7bir \u015fekilde sorumluluklar\u0131n\u0131n bilincinde de\u011fil bunlar\u0131n \u00fczerine gitmemi\u015f\u2019 gibi bir karar verilmesini talihsizlik olarak de\u011ferlendiriyorum. Bence itiraz edilmesi gereken ve d\u00fczeltilmesi gereken bir karard\u0131r. Polislerden tutun askerlere kadar pek \u00e7ok ki\u015fiye e\u011fitimler verildi. Bir tek talihsiz olaya g\u00f6re de\u011ferlendirip ceza \u00f6ng\u00f6rmek T\u00fcrkiye\u2019ye haks\u0131zl\u0131kt\u0131r.<\/p>\n<p style=\"text-align: justify;\">Adalet Komisyonu Ba\u015fkan\u0131 Ahmet \u0130yimaya: T\u00fcrkiye, bu karar gerek\u00e7esine g\u00f6re i\u00e7 hukukuna gerekli uyarlamay\u0131 yapmal\u0131.<\/p>\n<p style=\"text-align: justify;\">CHP \u0130stanbul Milletvekili Fatma Nur Serter: Bundan sonra art arda yap\u0131lan ba\u015fvurularla ceza \u00f6demek zorunda kal\u0131nabilir. Kad\u0131n\u0131n dayak yemesini aile yap\u0131s\u0131n\u0131n bir gere\u011fi olarak kabul etmeyen bir zihniyetin, polise ve yarg\u0131ya h\u00e2kim olmas\u0131 en sa\u011fl\u0131kl\u0131 yoldur. Bu h\u00e2kimlerimiz i\u00e7in de ciddi bir uyar\u0131.<\/p>\n<p style=\"text-align: justify;\">MHP \u0130zmir Milletvekili \u015eenol Bal: Annesi \u00f6ld\u00fcr\u00fclm\u00fc\u015f, kad\u0131n d\u00f6v\u00fclm\u00fc\u015f. Burada her t\u00fcrl\u00fc ya\u015fam hakk\u0131na tecav\u00fcz ve ihlal s\u00f6z konusu iken, kad\u0131n ne yaz\u0131k ki kendi \u00fclkemiz hukuk d\u00fczeni i\u00e7erisinde korunamam\u0131\u015f. Yasa yetmiyor, uygulamak, cayd\u0131rabilmek gerekiyor.<\/p>\n<p style=\"text-align: justify;\">DTP \u015e\u0131rnak Milletvekili Hasip Kaplan: Bu karar\u0131n ilk olmas\u0131 nedeniyle i\u00e7tihat \u00f6zelli\u011fi var. Bu olaylar \u00e7ok yayg\u0131n oldu\u011fu i\u00e7in \u00f6nemli bir karar.<\/p>\n<p style=\"text-align: justify;\"><strong>Kavaf: \u015eik\u00e2yetini geri \u00e7ekmi\u015f <\/strong><\/p>\n<p style=\"text-align: justify;\">Kad\u0131n ve aileden sorumlu Devlet Bakan\u0131 Aliye Kavaf ise A\u0130HM karar\u0131n\u0131 de\u011ferlendirirken, T\u00fcrkiye\u2019deki yasal d\u00fczenlemelerin bir\u00e7ok Avrupa \u00fclkesinden ileri oldu\u011funu s\u00f6yledi. Kavaf, NTV\u2019de kat\u0131ld\u0131\u011f\u0131 programda, \u015funlar\u0131 s\u00f6yledi: \u201cUygulamaya y\u00f6nelik \u00e7al\u0131\u015fmalar devam ediyor. \u015eimdi burada bu nihai karar de\u011fil. \u0130tiraz hakk\u0131 var. Tabii, itiraz hakk\u0131n\u0131 da yine bir kurul de\u011ferlendirecek. Burada olay\u0131n geli\u015fme \u015feklini okursan\u0131z, s\u00f6z konusu davay\u0131 a\u00e7an Nahide Opuz, defalarca \u015fik\u00e2yetini geri \u00e7ekmi\u015f.\u201d<\/p>\n<p style=\"text-align: justify;\"><span style=\"color: #888888;\">Kaynak : Rifat Ba\u015faran &#8211; Radikal<\/span><\/p>\n","protected":false},"excerpt":{"rendered":"<p style=\"text-align: center;\">\n<p style=\"text-align: justify;\">A\u0130HM&#8217;nin, eski e\u015f \u015fiddetini \u00f6nleyemedi\u011fi i\u00e7in T\u00fcrkiye&#8217;ye ceza vermesine, Meclis Kad\u0131n Erkek F\u0131rsat E\u015fitli\u011fi Komisyonu Ba\u015fkan\u0131 Ak\u015fit itiraz etti: Bize haks\u0131zl\u0131k.<\/p>\n<p style=\"text-align: justify;\">ANKARA &#8211; T\u00fcrkiye\u2019nin Avrupa \u0130nsan Haklar\u0131 Mahkemesi\u2019nde (A\u0130HM), aile i\u00e7i \u015fiddete kar\u015f\u0131 vatanda\u015f\u0131n\u0131 koruyamad\u0131\u011f\u0131 gerek\u00e7esiyle ceza alan \u2018ilk \u00fclke\u2019 olmas\u0131n\u0131 Meclis\u2019te bir tek TBMM Kad\u0131n Erkek F\u0131rsat <\/p>\n","protected":false},"author":1,"featured_media":0,"comment_status":"open","ping_status":"closed","sticky":false,"template":"","format":"standard","meta":{"footnotes":""},"categories":[105],"tags":[],"class_list":["post-9902","post","type-post","status-publish","format-standard","hentry","category-gundem","odd"],"_links":{"self":[{"href":"http:\/\/www.korhanyilmaz.com\/index.php?rest_route=\/wp\/v2\/posts\/9902","targetHints":{"allow":["GET"]}}],"collection":[{"href":"http:\/\/www.korhanyilmaz.com\/index.php?rest_route=\/wp\/v2\/posts"}],"about":[{"href":"http:\/\/www.korhanyilmaz.com\/index.php?rest_route=\/wp\/v2\/types\/post"}],"author":[{"embeddable":true,"href":"http:\/\/www.korhanyilmaz.com\/index.php?rest_route=\/wp\/v2\/users\/1"}],"replies":[{"embeddable":true,"href":"http:\/\/www.korhanyilmaz.com\/index.php?rest_route=%2Fwp%2Fv2%2Fcomments&post=9902"}],"version-history":[{"count":0,"href":"http:\/\/www.korhanyilmaz.com\/index.php?rest_route=\/wp\/v2\/posts\/9902\/revisions"}],"wp:attachment":[{"href":"http:\/\/www.korhanyilmaz.com\/index.php?rest_route=%2Fwp%2Fv2%2Fmedia&parent=9902"}],"wp:term":[{"taxonomy":"category","embeddable":true,"href":"http:\/\/www.korhanyilmaz.com\/index.php?rest_route=%2Fwp%2Fv2%2Fcategories&post=9902"},{"taxonomy":"post_tag","embeddable":true,"href":"http:\/\/www.korhanyilmaz.com\/index.php?rest_route=%2Fwp%2Fv2%2Ftags&post=9902"}],"curies":[{"name":"wp","href":"https:\/\/api.w.org\/{rel}","templated":true}]}}