{"id":9898,"date":"2009-06-11T08:36:04","date_gmt":"2009-06-11T06:36:04","guid":{"rendered":"http:\/\/www.korhanyilmaz.com\/?p=9898"},"modified":"2009-06-11T08:36:04","modified_gmt":"2009-06-11T06:36:04","slug":"steinmeier-chpnin-avrupadan-yana-tavir-almamasini-anlayamiyorum","status":"publish","type":"post","link":"http:\/\/www.korhanyilmaz.com\/?p=9898","title":{"rendered":"Steinmeier: CHP&#039;nin Avrupa&#039;dan yana tav\u0131r almamas\u0131n\u0131 anlayam\u0131yorum"},"content":{"rendered":"<p style=\"text-align: center;\"><img loading=\"lazy\" decoding=\"async\" class=\"aligncenter size-full wp-image-9899\" title=\"Alman Sosyal Demokrat Partisi\u2019nin (SPD) lideri Frank-Walter Steinmeier\" src=\"http:\/\/www.korhanyilmaz.com\/wp-content\/uploads\/2009\/06\/fft28_mf188208.Jpeg\" alt=\"Alman Sosyal Demokrat Partisi\u2019nin (SPD) lideri Frank-Walter Steinmeier\" width=\"306\" height=\"204\" \/><\/p>\n<p style=\"text-align: justify;\">Alman Sosyal Demokrat Partisi&#8217;nin lideri Steinmeier, CHP&#8217;yi AB hedeflerine sahip \u00e7\u0131kmamakla su\u00e7lad\u0131: CHP&#8217;nin reform s\u00fcrecine kar\u015f\u0131 tavr\u0131n\u0131 anlamakta zorlan\u0131yoruz.<\/p>\n<p style=\"text-align: justify;\">BERL\u0130N- Avrupa Parlamentosu (AP) se\u00e7imlerinde adeta dibe vuran Alman Sosyal Demokrat Partisi\u2019nin (SPD) lideri Frank-Walter Steinmeier, CHP\u2019yi Avrupa Birli\u011fi hedeflerine yeterince sahip \u00e7\u0131kmamakla su\u00e7lad\u0131. Steinmeier, \u201cCHP\u2019nin Avrupa\u2019dan yana tav\u0131r almamas\u0131n\u0131 yad\u0131rgad\u0131\u011f\u0131m\u0131, anlamakta g\u00fc\u00e7l\u00fck \u00e7ekti\u011fimi vurgulamak istiyorum. CHP\u2019nin, reform s\u00fcrecine, d\u00fc\u015f\u00fcnce \u00f6zg\u00fcrl\u00fc\u011f\u00fcn\u00fcn geni\u015fletilmesine kar\u015f\u0131 tavr\u0131n\u0131 da anlamakta zorland\u0131\u011f\u0131m\u0131z\u0131 itiraf edeyim\u201d dedi. Hafta sonu SPD\u2019nin ba\u015fbakan aday\u0131 olmaya haz\u0131rlanan Steinmeier, Berlin\u2019de T\u00fcrkiye\u2019den gelen bir grup gazeteci ile sohbet etti. Steinmeier\u2019in mesajlar\u0131 \u015f\u00f6yle: <!--more--><\/p>\n<p style=\"text-align: justify;\"><strong>HAYAL KIRIKLI\u011eI:<\/strong> AP se\u00e7imleri konusunda hayal k\u0131r\u0131kl\u0131\u011f\u0131 i\u00e7indeyiz. B\u00fct\u00fcn Avrupa\u2019da sosyal demokrat partiler kaybetti. Alman sosyal demokrasi hareketi iki anlamda kan kayb\u0131na u\u011frad\u0131. Ye\u015filer Partisi kurulunca sosyal demokrat tabanda yer alanlar bu partiye akt\u0131. Son y\u0131llarda yeni sol parti kurulunca sosyal demokrat partideki de\u011fi\u015fimden rahats\u0131z olanlar da bu partiye akt\u0131. Ac\u0131 hissederek s\u00f6yl\u00fcyoruz ki kan kayb\u0131na u\u011frad\u0131k.<\/p>\n<p style=\"text-align: justify;\"><strong>CHP\u2019Y\u0130 ANLAMIYORUZ: <\/strong>SPD olarak CHP ile Deniz Baykal ile ili\u015fkilerimiz var. Ancak son alt\u0131-yedi y\u0131l CHP\u2019de baz\u0131 de\u011fi\u015fiklikler ya da yanl\u0131\u015f anlamalar var. CHP\u2019nin Avrupa taraftar\u0131 olmamas\u0131n\u0131, Avrupa\u2019dan yana tav\u0131r almamas\u0131n\u0131 yad\u0131rgad\u0131\u011f\u0131m\u0131, anlamakta g\u00fc\u00e7l\u00fck \u00e7ekti\u011fimi vurgulamak istiyorum. CHP\u2019nin, i\u00e7 politikadaki tutumunu da, reform s\u00fcrecine, ceza yasas\u0131ndaki de\u011fi\u015fikliklere, d\u00fc\u015f\u00fcnce \u00f6zg\u00fcrl\u00fc\u011f\u00fcn\u00fcn s\u0131n\u0131rlar\u0131n\u0131n geni\u015fletilmesine kar\u015f\u0131 muhalif tavr\u0131n\u0131 da anlamakta zorland\u0131\u011f\u0131m\u0131z\u0131 itiraf edeyim.<\/p>\n<p style=\"text-align: justify;\"><strong>CHP G\u00d6ZET\u0130M ALTINDA: <\/strong>CHP\u2019nin tavr\u0131n\u0131 anlamamaktan dolay\u0131 Sosyalist Enternasyonal i\u00e7inde izleme grubu olu\u015fturduk. CHP\u2019nin program\u0131n\u0131 g\u00f6zden ge\u00e7irmeyi ama\u00e7l\u0131yoruz. CHP ho\u015f kar\u015f\u0131lamad\u0131. CHP ile olan ili\u015fkiler, hem Alman hem Avrupa\u2019daki di\u011fer sosyal demokrat partilerin yanl\u0131\u015f anlamas\u0131ndan de\u011fil, CHP\u2019nin kendi durumundan kaynaklan\u0131yor. CHP\u2019nin Avrupa s\u00fcrecini desteklemeyen bir pozisyona b\u00fcr\u00fcnmesi Avrupa\u2019daki sosyal demokrat partilerle CHP aras\u0131nda mesafe olu\u015fmas\u0131na, diren\u00e7 olu\u015fmas\u0131na neden oldu.<\/p>\n<p style=\"text-align: justify;\"><strong>N\u0130HA\u0130 AMA\u00c7 \u00dcYEL\u0130K:<\/strong> T\u00fcrkiye\u2019de reform s\u00fcrecinde at\u0131lan ad\u0131mlar AB\u2019ye giri\u015f s\u00fcreci i\u00e7in \u00f6nemli. M\u00fczakere s\u00fcrecinin ucu a\u00e7\u0131k da olsa nihai ama\u00e7, T\u00fcrkiye\u2019nin AB\u2019ye \u00fcye olmas\u0131d\u0131r. Bu s\u00fcre\u00e7te T\u00fcrkiye\u2019 ye \u00f6nemli g\u00f6revler d\u00fc\u015f\u00fcyor ve T\u00fcrkiye ev \u00f6devlerini yapmak zorundad\u0131r. \u015eu anda ilerleme oldu\u011funu, olumlu yol izlendi\u011fini, engellerin kald\u0131r\u0131ld\u0131\u011f\u0131n\u0131 s\u00f6ylemek m\u00fcmk\u00fcnd\u00fcr. Ancak \u00f6n\u00fcm\u00fczde daha b\u00fcy\u00fck sorunlar, at\u0131lacak daha b\u00fcy\u00fck ad\u0131mlar var. Umar\u0131m onlar\u0131 da a\u015far\u0131z. \u00d6zelikle K\u0131br\u0131s konusu, Ankara protokol\u00fc \u00e7er\u00e7evesinde sorunlar yuma\u011f\u0131.<\/p>\n<p style=\"text-align: justify;\"><strong>\u0130MT\u0130YAZLI ORTAKLIK: <\/strong>T\u00fcrkiye ile m\u00fczakere s\u00fcreci ba\u015flad\u0131\u011f\u0131nda bu AB\u2019nin ortak karar\u0131yla oldu. T\u00fcrkiye i\u00e7in imtiyazl\u0131 ortakl\u0131k gibi \u00f6nerileri var. Samimi s\u00f6yleyeyim neyi kastediyorlar ben de bilmiyorum. M\u00fczakere s\u00fcrecinin nihai olarak T\u00fcrkiye lehine sonu\u00e7lanmas\u0131n\u0131 istiyorum. Almanya\u2019da H\u0131ristiyan Demokrat Parti AP se\u00e7imlerinde T\u00fcrkiye\u2019nin \u00fcyeli\u011fini se\u00e7im malzemesi yapmak istedi ama ba\u015far\u0131l\u0131 olmad\u0131. Ancak federal parlamento se\u00e7imlerinde se\u00e7im malzemesi yapabilirler. Bu endi\u015feyi de ta\u015f\u0131m\u0131yor de\u011filim.<\/p>\n<p style=\"text-align: justify;\"><strong>V\u0130ZE MUAF\u0130YET\u0130: <\/strong>Vize muafiyeti konusunda d\u00fczeltilmesi gereken konular oldu\u011funu fark\u0131nday\u0131m. \u0130stanbul Ba\u015fkonsoloslu\u011fu ve Ankara\u2019daki B\u00fcy\u00fckel\u00e7ilik ile durumun daha geli\u015ftirilmesini d\u00fc\u015f\u00fcn\u00fcyorum.<\/p>\n<p style=\"text-align: justify;\"><span style=\"color: #888888;\">Kaynak : Deniz Seyrek &#8211; Radikal<\/span><\/p>\n","protected":false},"excerpt":{"rendered":"<p style=\"text-align: center;\">\n<p style=\"text-align: justify;\">Alman Sosyal Demokrat Partisi&#8217;nin lideri Steinmeier, CHP&#8217;yi AB hedeflerine sahip \u00e7\u0131kmamakla su\u00e7lad\u0131: CHP&#8217;nin reform s\u00fcrecine kar\u015f\u0131 tavr\u0131n\u0131 anlamakta zorlan\u0131yoruz.<\/p>\n<p style=\"text-align: justify;\">BERL\u0130N- Avrupa Parlamentosu (AP) se\u00e7imlerinde adeta dibe vuran Alman Sosyal Demokrat Partisi\u2019nin (SPD) lideri Frank-Walter Steinmeier, CHP\u2019yi Avrupa Birli\u011fi hedeflerine yeterince sahip \u00e7\u0131kmamakla su\u00e7lad\u0131. Steinmeier, \u201cCHP\u2019nin Avrupa\u2019dan yana tav\u0131r <\/p>\n","protected":false},"author":1,"featured_media":0,"comment_status":"open","ping_status":"closed","sticky":false,"template":"","format":"standard","meta":{"footnotes":""},"categories":[105],"tags":[],"class_list":["post-9898","post","type-post","status-publish","format-standard","hentry","category-gundem","odd"],"_links":{"self":[{"href":"http:\/\/www.korhanyilmaz.com\/index.php?rest_route=\/wp\/v2\/posts\/9898","targetHints":{"allow":["GET"]}}],"collection":[{"href":"http:\/\/www.korhanyilmaz.com\/index.php?rest_route=\/wp\/v2\/posts"}],"about":[{"href":"http:\/\/www.korhanyilmaz.com\/index.php?rest_route=\/wp\/v2\/types\/post"}],"author":[{"embeddable":true,"href":"http:\/\/www.korhanyilmaz.com\/index.php?rest_route=\/wp\/v2\/users\/1"}],"replies":[{"embeddable":true,"href":"http:\/\/www.korhanyilmaz.com\/index.php?rest_route=%2Fwp%2Fv2%2Fcomments&post=9898"}],"version-history":[{"count":0,"href":"http:\/\/www.korhanyilmaz.com\/index.php?rest_route=\/wp\/v2\/posts\/9898\/revisions"}],"wp:attachment":[{"href":"http:\/\/www.korhanyilmaz.com\/index.php?rest_route=%2Fwp%2Fv2%2Fmedia&parent=9898"}],"wp:term":[{"taxonomy":"category","embeddable":true,"href":"http:\/\/www.korhanyilmaz.com\/index.php?rest_route=%2Fwp%2Fv2%2Fcategories&post=9898"},{"taxonomy":"post_tag","embeddable":true,"href":"http:\/\/www.korhanyilmaz.com\/index.php?rest_route=%2Fwp%2Fv2%2Ftags&post=9898"}],"curies":[{"name":"wp","href":"https:\/\/api.w.org\/{rel}","templated":true}]}}