{"id":9893,"date":"2009-06-11T10:45:01","date_gmt":"2009-06-11T07:45:01","guid":{"rendered":"http:\/\/www.korhanyilmaz.com\/?p=9893"},"modified":"2009-06-11T10:45:01","modified_gmt":"2009-06-11T07:45:01","slug":"huseyin-uzmez-tutukluyken-mahkeme-heyetine-ovgu-duzmus","status":"publish","type":"post","link":"http:\/\/www.korhanyilmaz.com\/?p=9893","title":{"rendered":"H\u00fcseyin \u00dczmez tutukluyken mahkeme heyetine \u00f6vg\u00fc d\u00fczm\u00fc\u015f"},"content":{"rendered":"<p style=\"text-align: center;\"><img loading=\"lazy\" decoding=\"async\" class=\"aligncenter size-full wp-image-9894\" src=\"http:\/\/www.korhanyilmaz.com\/wp-content\/uploads\/2009\/06\/fft28_mf187903.Jpeg\" alt=\"\" width=\"306\" height=\"204\" \/><\/p>\n<p style=\"text-align: justify;\"><strong>&#8216;Nur y\u00fczl\u00fc, yak\u0131\u015f\u0131kl\u0131, Atat\u00fcrk\u00e7\u00fc savc\u0131m&#8230;&#8217;<\/strong><\/p>\n<p style=\"text-align: justify;\">\u0130STANBUL &#8211; K\u00fc\u00e7\u00fck ya\u015ftaki B.\u00c7.&#8217;ye &#8216;cinsel tacizde bulundu\u011fu&#8217; gerek\u00e7esiyle yarg\u0131lanan Vakit gazetesi yazar\u0131 H\u00fcseyin \u00dczmez&#8217;in, Bursa E Tipi Cezaevi&#8217;nde tutuklu bulundu\u011fu s\u0131rada kendi el yaz\u0131s\u0131yla kendisini yarg\u0131layan hakim ve savc\u0131lara \u00f6vg\u00fc dolu mektup yazd\u0131\u011f\u0131 ortaya \u00e7\u0131kt\u0131.<br \/>\nHabert\u00fcrk gazetesinin haberine g\u00f6re, &#8220;Tutuklu ve hasta H\u00fcseyin \u00dczmez&#8221; imzas\u0131n\u0131 ta\u015f\u0131yan yaz\u0131larda, kendisini yarg\u0131layan mahkeme heyetine &#8220;L\u00fctfen beni, laiklik d\u00fc\u015fman\u0131 bir ham yobaz, kaba softa zannetmeyin&#8221; diye seslenen \u00dczmez, &#8216;yak\u0131\u015f\u0131kl\u0131&#8217; dedi\u011fi savc\u0131n\u0131n &#8220;Yarg\u0131tay&#8217;da lay\u0131k olduklar\u0131 yerleri almalar\u0131 i\u00e7in dua edece\u011fini&#8221; s\u00f6yl\u00fcyor. <!--more--><br \/>\n\u015eimdi tutuksuz yarg\u0131lanan \u00dczmez&#8217;in cezaevinde yatarken g\u00f6nderdi\u011fi yaz\u0131lar\u0131n ilki Bursa 4. A\u011f\u0131r Ceza Mahkemesi&#8217;nde 17.9.2008 g\u00fcn\u00fc g\u00f6r\u00fclen duru\u015fma \u00f6ncesi, iddianameye itiraz amac\u0131yla g\u00f6nderilmi\u015f.\n<\/p>\n<p style=\"text-align: justify;\">\u00dczmez, ikinci yaz\u0131y\u0131 da \u00e7\u0131kt\u0131\u011f\u0131 ilk duru\u015fmadan sonra kaleme alm\u0131\u015f. \u0130\u015fte \u00dczmez&#8217;in kaleminden ilgin\u00e7 baz\u0131 sat\u0131rlar.<\/p>\n<p style=\"text-align: justify;\"><strong>YAKI\u015eIKLI SAVCIMIZ:<\/strong><\/p>\n<p style=\"text-align: justify;\"><strong> <\/strong><br \/>\nDaha \u00f6nce de yazm\u0131\u015ft\u0131m. Bu g\u00fcne kadar herhangi bir hukuk\u00e7umuzun ad\u0131na en ufak bir \u015faibe g\u00f6lgesinin d\u00fc\u015ft\u00fc\u011f\u00fcn\u00fc ne duydum, ne g\u00f6rd\u00fcm. G\u00f6n\u00fcl isterdi ki, T\u00fcrkiye&#8217;deki t\u00fcm kurumlar b\u00f6yle olsun.<br \/>\nBir vesile ile \u00f6\u011frendim ki yak\u0131\u015f\u0131kl\u0131 ba\u015fsavc\u0131lar\u0131m\u0131zdan biri devlet g\u00fcvenlik mahkemesinde, yani mesle\u011finde en \u00fcst ve \u015ferefli g\u00f6revlerde bulunmu\u015f.<br \/>\nY\u00fcce mahkemenin sa\u011f taraf\u0131nda oturan nur y\u00fczl\u00fc yak\u0131\u015f\u0131kl\u0131 savc\u0131m\u0131z belki de odur. Ya da en \u00fcst seviyede demokratik laik, sosyal bir devlet olan \u00e7a\u011fda\u015f ve demokratik T\u00fcrkiye cumhuriyetimize hizmet eden o \u015ferefli savc\u0131lar\u0131m\u0131zdan biridir. Bu \u00fclke ve millet onlar gibi Atat\u00fcrk\u00e7\u00fc savc\u0131lar\u0131m\u0131z\u0131n tertemiz ve inan\u00e7l\u0131 omuzlar\u0131nda y\u00fckselecektir.\n<\/p>\n<p style=\"text-align: justify;\"><strong>RABB\u0130ME YALVARDIM<\/strong><\/p>\n<p style=\"text-align: justify;\">Cezaevindeki tutuklu ve h\u00fck\u00fcml\u00fc arkada\u015flar\u0131m dahil olmak \u00fczere, koca T\u00fcrkiye&#8217;de benim, torunum ya\u015f\u0131ndaki bir k\u0131za cinsel tacizde bulunacak kadar al\u00e7alaca\u011f\u0131ma inanan tek ki\u015fi yok. Nice geceler g\u00f6zya\u015flar\u0131 i\u00e7inde secdelere kapanarak can\u0131m\u0131 almas\u0131 i\u00e7in rabbime \u00e7ok yalvard\u0131m. \u00dclkemizde \u015f\u00f6hretli bir insan\u0131n kendini gizleyip kamufle etmesine imk\u00e2n yoktur. \u00d6yle bir insanla evli olmak da \u00f6l\u00fcrcesine k\u0131skan\u00e7 bir kad\u0131n i\u00e7in hi\u00e7 de kolay de\u011fil.<\/p>\n<p style=\"text-align: justify;\"><strong>\u00c7ETE \u0130\u015e\u0130<\/strong><\/p>\n<p style=\"text-align: justify;\">\n<p style=\"text-align: justify;\">Bug\u00fcn \u00fclkemizde ayr\u0131k otu ve p\u0131traklar gibi kim bilir nice menfaat \u00e7etecikleri var. Bunlardan birinin Livaze \u00c7.&#8217;nin (B.\u00c7.&#8217;nin annesi) ba\u015f\u0131na musallat oldu\u011funu bir \u015fekilde \u00f6\u011frendim. Livaze onlara, &#8220;H\u00fcseyin \u00dczmez amcan\u0131n s\u0131rt\u0131na biz yeteri kadar y\u00fck olduk, bir de sizi mi onun ba\u015f\u0131na musallat edeyim&#8221; demi\u015f. Onlar sinirlenmi\u015fler. &#8220;Sen onu yolacaks\u0131n, ald\u0131\u011f\u0131n paralar\u0131 aram\u0131zda k\u0131r\u0131\u015faca\u011f\u0131z, yani payla\u015faca\u011f\u0131z, yoksa seni fena yapar\u0131z&#8221; diye kendisini tehdit ediyorlar. Livaze onlar\u0131 t\u0131namad\u0131\u011f\u0131n\u0131 s\u00f6yl\u00fcyor. Ancak devletin kolu uzundur. Livaze&#8217;yi polise ihbar eden kim ise o serseri \u00e7etecileri mutlaka bilir.<\/p>\n<p style=\"text-align: justify;\">\n<p style=\"text-align: justify;\"><strong>SOFTA DE\u011e\u0130L\u0130M<\/strong><\/p>\n<p style=\"text-align: justify;\">\n<p style=\"text-align: justify;\">Size gelince say\u0131n savc\u0131m. Peygamberimizin &#8216;sevenin sevdi\u011fi \u00fczerinde hakk\u0131 vard\u0131r&#8217; buyuruyorlar. L\u00fctfen beni, saltanat ya da laiklik d\u00fc\u015fman\u0131 bir ham yobaz, kaba softa zannetmeyin.<\/p>\n<p style=\"text-align: justify;\"><span style=\"color: #888888;\">Kaynak : Radikal<\/span><\/p>\n","protected":false},"excerpt":{"rendered":"<p style=\"text-align: center;\">\n<p style=\"text-align: justify;\">&#8216;Nur y\u00fczl\u00fc, yak\u0131\u015f\u0131kl\u0131, Atat\u00fcrk\u00e7\u00fc savc\u0131m&#8230;&#8217;<\/p>\n<p style=\"text-align: justify;\">\u0130STANBUL &#8211; K\u00fc\u00e7\u00fck ya\u015ftaki B.\u00c7.&#8217;ye &#8216;cinsel tacizde bulundu\u011fu&#8217; gerek\u00e7esiyle yarg\u0131lanan Vakit gazetesi yazar\u0131 H\u00fcseyin \u00dczmez&#8217;in, Bursa E Tipi Cezaevi&#8217;nde tutuklu bulundu\u011fu s\u0131rada kendi el yaz\u0131s\u0131yla kendisini yarg\u0131layan hakim ve savc\u0131lara \u00f6vg\u00fc dolu mektup yazd\u0131\u011f\u0131 ortaya \u00e7\u0131kt\u0131. Habert\u00fcrk gazetesinin haberine g\u00f6re, &#8220;Tutuklu ve hasta <\/p>\n","protected":false},"author":1,"featured_media":0,"comment_status":"open","ping_status":"closed","sticky":false,"template":"","format":"standard","meta":{"footnotes":""},"categories":[105],"tags":[],"class_list":["post-9893","post","type-post","status-publish","format-standard","hentry","category-gundem","odd"],"_links":{"self":[{"href":"http:\/\/www.korhanyilmaz.com\/index.php?rest_route=\/wp\/v2\/posts\/9893","targetHints":{"allow":["GET"]}}],"collection":[{"href":"http:\/\/www.korhanyilmaz.com\/index.php?rest_route=\/wp\/v2\/posts"}],"about":[{"href":"http:\/\/www.korhanyilmaz.com\/index.php?rest_route=\/wp\/v2\/types\/post"}],"author":[{"embeddable":true,"href":"http:\/\/www.korhanyilmaz.com\/index.php?rest_route=\/wp\/v2\/users\/1"}],"replies":[{"embeddable":true,"href":"http:\/\/www.korhanyilmaz.com\/index.php?rest_route=%2Fwp%2Fv2%2Fcomments&post=9893"}],"version-history":[{"count":0,"href":"http:\/\/www.korhanyilmaz.com\/index.php?rest_route=\/wp\/v2\/posts\/9893\/revisions"}],"wp:attachment":[{"href":"http:\/\/www.korhanyilmaz.com\/index.php?rest_route=%2Fwp%2Fv2%2Fmedia&parent=9893"}],"wp:term":[{"taxonomy":"category","embeddable":true,"href":"http:\/\/www.korhanyilmaz.com\/index.php?rest_route=%2Fwp%2Fv2%2Fcategories&post=9893"},{"taxonomy":"post_tag","embeddable":true,"href":"http:\/\/www.korhanyilmaz.com\/index.php?rest_route=%2Fwp%2Fv2%2Ftags&post=9893"}],"curies":[{"name":"wp","href":"https:\/\/api.w.org\/{rel}","templated":true}]}}