{"id":9882,"date":"2009-06-11T10:32:29","date_gmt":"2009-06-11T07:32:29","guid":{"rendered":"http:\/\/www.korhanyilmaz.com\/?p=9882"},"modified":"2009-06-11T10:32:29","modified_gmt":"2009-06-11T07:32:29","slug":"bir-gece-ansizin-gelebiliriz","status":"publish","type":"post","link":"http:\/\/www.korhanyilmaz.com\/?p=9882","title":{"rendered":"&#039;Bir gece ans\u0131z\u0131n gelebiliriz&#039;"},"content":{"rendered":"<p style=\"text-align: center;\"><img loading=\"lazy\" decoding=\"async\" class=\"aligncenter size-full wp-image-9883\" src=\"http:\/\/www.korhanyilmaz.com\/wp-content\/uploads\/2009\/06\/110620091031474720365.jpg\" alt=\"\" width=\"329\" height=\"210\" \/><\/p>\n<p style=\"text-align: justify;\"><strong>Alperen Ocaklar\u0131 DTP&#8217;li vekillere ve Osman Baydemir&#8217;e bu haritay\u0131 g\u00f6nderdi. <\/strong><\/p>\n<p style=\"text-align: justify;\">Alperen Ocaklar\u0131 Kayseri \u0130l Ba\u015fkanl\u0131\u011f\u0131 taraf\u0131ndan DTP milletvekillerine, baz\u0131 \u00fclkelerin s\u0131n\u0131rdaki kentlerini de i\u00e7ine alan T\u00fcrk Bayra\u011f\u0131 ve Atat\u00fcrk&#8217;\u00fcn asker \u00fcniformal\u0131 resminin de bulundu\u011fu T\u00fcrkiye haritas\u0131 g\u00f6nderildi. Haritada, &#8220;Bir gece ans\u0131z\u0131n gelebiliriz&#8221; tehdit yaz\u0131s\u0131na da yer verildi.<\/p>\n<p style=\"text-align: justify;\">Alperen Ocaklar\u0131 Kayseri \u0130l Ba\u015fkanl\u0131\u011f\u0131 taraf\u0131ndan DTP milletvekillerine g\u00f6nderilen mektubu, posta kanal\u0131yla odalar\u0131na ula\u015ft\u0131r\u0131ld\u0131. Mektubu a\u00e7an milletvekilleri, di\u011fer \u00fclkelerin baz\u0131 b\u00f6lgelerini de i\u00e7ine alan b\u00fcy\u00fck &#8220;Misak-\u0131 Milli&#8221; haritas\u0131 ile kar\u015f\u0131la\u015ft\u0131. Haritan\u0131n \u00fczerinde, mevcut milli s\u0131n\u0131rlar\u0131n d\u0131\u015f\u0131nda; K\u00fcrtlerin denetiminde bulunan Kuzey Irak&#8217;\u0131n Erbil, Musul ve Kerk\u00fck, Suriye&#8217;nin Halep, Azerbaycan\u2019\u0131n Nahcivan \u00d6zerk B\u00f6lgesi, G\u00fcrcistan\u2019\u0131n Batum, Bulgaristan\u2019\u0131n Varna ve K\u0131rcaali, Yunanistan\u2019\u0131n Selanik kenti ile Rodos adas\u0131, K\u0131br\u0131s\u2019\u0131n ise tamam\u0131 T\u00fcrkiye haritas\u0131 i\u00e7erisinde g\u00f6sterildi. T\u00fcrkiye&#8217;nin komu\u015fular\u0131 aras\u0131nda bulunan Ermenistan&#8217;\u0131n ad\u0131 ise haritadan \u00e7\u0131kar\u0131ld\u0131. <!--more--><\/p>\n<p style=\"text-align: justify;\"><strong>&#8216;Unutturmayaca\u011f\u0131z&#8217;<\/strong><\/p>\n<p style=\"text-align: justify;\">&#8220;Alperen Ocaklar\u0131 Kayseri&#8221; yazan haritada b\u00fcy\u00fck puntolarla &#8220;Bir Gece Ans\u0131z\u0131n Gelebiliriz&#8221; yaz\u0131s\u0131 yer ald\u0131. K\u0131rm\u0131z\u0131 renkli haritan\u0131n alt\u0131nda ise, &#8220;Misak-\u0131 Milli s\u0131n\u0131rlar\u0131n\u0131 unutmayaca\u011f\u0131z, unutturmayaca\u011f\u0131z&#8221; ifadesine yer verildi. Kendilerine g\u00f6nderilen harital\u0131, bayrakl\u0131 mektubun tehdit ama\u00e7l\u0131 oldu\u011funu belirten DTP&#8217;li milletvekilleri, g\u00f6r\u00fc\u015f belirtmek istemedi. Baz\u0131 milletvekilleri yorumda bulunmalar\u0131 halinde Alperenler&#8217;in muhatap kabul edilmi\u015f olaca\u011f\u0131n\u0131, baz\u0131 milletvekilleri de benzer y\u00fczlerce tehdit ald\u0131klar\u0131n\u0131 ve hedef g\u00f6sterildiklerini ifade ederek, su\u00e7 duyurusu yap\u0131lmas\u0131n\u0131n yerinde olaca\u011f\u0131n\u0131 vurgulad\u0131. \u0130smini vermek istemeyen bir milletvekili ise benzer baz\u0131 olaylar nedeniyle a\u00e7\u0131lan tazminat davalar\u0131n\u0131n kazan\u0131ld\u0131\u011f\u0131na dikkati \u00e7ekerek, &#8220;Kazan\u0131lan paralarla partiye gelir sa\u011flayabiliriz&#8221; dedi.<\/p>\n<p style=\"text-align: justify;\"><strong>\u0130lk tehdit de\u011fil<\/strong><\/p>\n<p style=\"text-align: justify;\">DTP Genel Merkezi \u00f6n\u00fcnde bayrak eylemi yapan Alperen Ocaklar\u0131, DTP\u2019nin K\u00fcrt\u00e7eye duyarl\u0131l\u0131k kazand\u0131rmak amac\u0131yla d\u00fczenledi\u011fi &#8220;anadil kampanyas\u0131&#8221;n\u0131 protesto amac\u0131yla bir s\u00fcre \u00f6nce parti genel merkezine bayrak ve T\u00fcrk\u00e7e s\u00f6zl\u00fck g\u00f6ndermi\u015fti. Alperenler&#8217;in, partiye, tehdit i\u00e7eren mektuplar g\u00f6nderdi\u011fi de belirtilmi\u015fti. Sakarya\u2019da ge\u00e7en y\u0131l bir d\u00fc\u011f\u00fcn salonunda DTP\u2019lilere y\u00f6nelik ger\u00e7ekle\u015ftirilen lin\u00e7 giri\u015fiminden Alperenler sorumlu tutulmu\u015ftu.<\/p>\n<p style=\"text-align: justify;\"><span style=\"color: #888888;\">Kaynak : Vatan<\/span><\/p>\n","protected":false},"excerpt":{"rendered":"<p style=\"text-align: center;\">\n<p style=\"text-align: justify;\">Alperen Ocaklar\u0131 DTP&#8217;li vekillere ve Osman Baydemir&#8217;e bu haritay\u0131 g\u00f6nderdi. <\/p>\n<p style=\"text-align: justify;\">Alperen Ocaklar\u0131 Kayseri \u0130l Ba\u015fkanl\u0131\u011f\u0131 taraf\u0131ndan DTP milletvekillerine, baz\u0131 \u00fclkelerin s\u0131n\u0131rdaki kentlerini de i\u00e7ine alan T\u00fcrk Bayra\u011f\u0131 ve Atat\u00fcrk&#8217;\u00fcn asker \u00fcniformal\u0131 resminin de bulundu\u011fu T\u00fcrkiye haritas\u0131 g\u00f6nderildi. Haritada, &#8220;Bir gece ans\u0131z\u0131n gelebiliriz&#8221; tehdit yaz\u0131s\u0131na da yer verildi.<\/p>\n","protected":false},"author":1,"featured_media":0,"comment_status":"open","ping_status":"closed","sticky":false,"template":"","format":"standard","meta":{"footnotes":""},"categories":[105],"tags":[],"class_list":["post-9882","post","type-post","status-publish","format-standard","hentry","category-gundem","odd"],"_links":{"self":[{"href":"http:\/\/www.korhanyilmaz.com\/index.php?rest_route=\/wp\/v2\/posts\/9882","targetHints":{"allow":["GET"]}}],"collection":[{"href":"http:\/\/www.korhanyilmaz.com\/index.php?rest_route=\/wp\/v2\/posts"}],"about":[{"href":"http:\/\/www.korhanyilmaz.com\/index.php?rest_route=\/wp\/v2\/types\/post"}],"author":[{"embeddable":true,"href":"http:\/\/www.korhanyilmaz.com\/index.php?rest_route=\/wp\/v2\/users\/1"}],"replies":[{"embeddable":true,"href":"http:\/\/www.korhanyilmaz.com\/index.php?rest_route=%2Fwp%2Fv2%2Fcomments&post=9882"}],"version-history":[{"count":0,"href":"http:\/\/www.korhanyilmaz.com\/index.php?rest_route=\/wp\/v2\/posts\/9882\/revisions"}],"wp:attachment":[{"href":"http:\/\/www.korhanyilmaz.com\/index.php?rest_route=%2Fwp%2Fv2%2Fmedia&parent=9882"}],"wp:term":[{"taxonomy":"category","embeddable":true,"href":"http:\/\/www.korhanyilmaz.com\/index.php?rest_route=%2Fwp%2Fv2%2Fcategories&post=9882"},{"taxonomy":"post_tag","embeddable":true,"href":"http:\/\/www.korhanyilmaz.com\/index.php?rest_route=%2Fwp%2Fv2%2Ftags&post=9882"}],"curies":[{"name":"wp","href":"https:\/\/api.w.org\/{rel}","templated":true}]}}