{"id":9876,"date":"2009-06-11T09:12:11","date_gmt":"2009-06-11T06:12:11","guid":{"rendered":"http:\/\/www.korhanyilmaz.com\/?p=9876"},"modified":"2009-06-11T09:12:11","modified_gmt":"2009-06-11T06:12:11","slug":"yine-airbus","status":"publish","type":"post","link":"http:\/\/www.korhanyilmaz.com\/?p=9876","title":{"rendered":"Yine Airbus!"},"content":{"rendered":"<p style=\"text-align: center;\"><img loading=\"lazy\" decoding=\"async\" class=\"aligncenter size-full wp-image-9878\" src=\"http:\/\/www.korhanyilmaz.com\/wp-content\/uploads\/2009\/06\/1106200909120659549611.jpg\" alt=\"\" width=\"329\" height=\"210\" \/><\/p>\n<p style=\"text-align: justify;\">Frans\u0131z Havayollar\u0131 Air France&#8217;a ait Airbus A330&#8217;nin Atlas Okyanusu \u00fczerinde d\u00fc\u015fmesinin daha birinci haftas\u0131nda Rusya ve Avustralya&#8217;da iki Airbus ar\u0131zas\u0131 ucuz atlat\u0131ld\u0131.<\/p>\n<p style=\"text-align: justify;\">Bir Avustralya havayollar\u0131 \u015firketine ba\u011fl\u0131 Airbus A330-200 tipi yolcu u\u00e7a\u011f\u0131n\u0131n, Japonya-Avustralya seferini yaparken kokpitinde yang\u0131n \u00e7\u0131kmas\u0131 \u00fczerine Guam Adalar\u0131na acil ini\u015f yapt\u0131\u011f\u0131 bildirildi.<\/p>\n<p style=\"text-align: justify;\">\u015eirket yetkilileri, Avustralya&#8217;n\u0131n Brisbane kentinin g\u00fcneyindeki Gold Coast&#8217;a gitmek \u00fczere Osaka&#8217;dan kalkan Jetstar \u015firketine ba\u011fl\u0131 u\u00e7akta bulunan 203 yolcu ve m\u00fcrettebattan yaralanan olmad\u0131\u011f\u0131n\u0131 belirtti.<\/p>\n<p style=\"text-align: justify;\">U\u00e7ak havaland\u0131ktan yakla\u015f\u0131k d\u00f6rt saat sonra sa\u011f kokpit cam\u0131 taraf\u0131ndan duman \u00e7\u0131kmaya ba\u015flad\u0131\u011f\u0131, daha sonra da alev \u00e7\u0131kt\u0131\u011f\u0131, bunun \u00fczerine u\u00e7a\u011f\u0131n acil ini\u015f yapt\u0131\u011f\u0131 kaydedildi.\u015eirketin a\u00e7\u0131klamas\u0131nda, m\u00fcrettebat\u0131n yang\u0131n\u0131 yay\u0131lmadan s\u00f6nd\u00fcrd\u00fc\u011f\u00fc belirtildi.U\u00e7a\u011f\u0131n, Atlas Okyanusuna d\u00fc\u015fen Frans\u0131z Havayollar\u0131na ait Airbus u\u00e7a\u011f\u0131yla ayn\u0131 model oldu\u011fu belirtildi. <!--more--><\/p>\n<p style=\"text-align: justify;\"><strong>RUSYA&#8217;DA DA A\u0130RBUS A320 T\u0130P\u0130 YOLCU U\u00c7A\u011eI AC\u0130L \u0130N\u0130\u015e YAPTI <\/strong><\/p>\n<p style=\"text-align: justify;\">Rusya&#8217;da i\u00e7 hat seferi yapan Airbus A320 tipi bir yolcu u\u00e7a\u011f\u0131n\u0131n, \u00f6n cam\u0131ndaki \u00e7atlak y\u00fcz\u00fcnden acil ini\u015f yapmak zorunda kald\u0131\u011f\u0131 bildirildi.<\/p>\n<p style=\"text-align: justify;\">\n<p style=\"text-align: justify;\">Ria Novosti ajans\u0131n\u0131n haberinde, 122 ki\u015fiyle birlikte Irkoutsk-Moskova seferini yapan Aeroflot havayollar\u0131na ba\u011fl\u0131 u\u00e7a\u011f\u0131n \u00f6n cam\u0131nda \u00e7atlak meydana gelmesi \u00fczerine Novossibirsk&#8217;e acil ini\u015f yapt\u0131\u011f\u0131 belirtildi.Olayda yaralanan olmad\u0131\u011f\u0131 kaydedildi.<\/p>\n<p style=\"text-align: justify;\"><strong>AIRBUS, A330 VE A340 U\u00c7AKLARININ SEFERDEN ALINACA\u011eINA DA\u0130R HABERLER\u0130 YALANLADI <\/strong><\/p>\n<p style=\"text-align: justify;\">Airbus, A330 ve A340 tipi u\u00e7aklar\u0131n\u0131n seferden al\u0131naca\u011f\u0131na dair haberleri yalanlad\u0131.Airbus s\u00f6zc\u00fcs\u00fc Stefan Schaffrath, Fransa&#8217;da yay\u0131mlanan Le Figaro&#8217;nun bir haberi \u00fczerine yapt\u0131\u011f\u0131 a\u00e7\u0131klamada, u\u00e7aklar\u0131n u\u00e7u\u015f i\u00e7in g\u00fcvenli oldu\u011funu, seferden al\u0131nacaklar\u0131na dair haberlerin ger\u00e7e\u011fi yans\u0131tmad\u0131\u011f\u0131n\u0131 s\u00f6yledi.Le Figaro, Airbus&#8217;un bu u\u00e7aklar\u0131 seferden almay\u0131 planlad\u0131\u011f\u0131n\u0131 yazm\u0131\u015ft\u0131.<\/p>\n<p style=\"text-align: justify;\"><span style=\"color: #888888;\">Kaynak : Vatan<\/span><\/p>\n","protected":false},"excerpt":{"rendered":"<p style=\"text-align: center;\">\n<p style=\"text-align: justify;\">Frans\u0131z Havayollar\u0131 Air France&#8217;a ait Airbus A330&#8217;nin Atlas Okyanusu \u00fczerinde d\u00fc\u015fmesinin daha birinci haftas\u0131nda Rusya ve Avustralya&#8217;da iki Airbus ar\u0131zas\u0131 ucuz atlat\u0131ld\u0131.<\/p>\n<p style=\"text-align: justify;\">Bir Avustralya havayollar\u0131 \u015firketine ba\u011fl\u0131 Airbus A330-200 tipi yolcu u\u00e7a\u011f\u0131n\u0131n, Japonya-Avustralya seferini yaparken kokpitinde yang\u0131n \u00e7\u0131kmas\u0131 \u00fczerine Guam Adalar\u0131na acil ini\u015f yapt\u0131\u011f\u0131 bildirildi.<\/p>\n<p style=\"text-align: justify;\">\u015eirket <\/p>\n","protected":false},"author":1,"featured_media":0,"comment_status":"open","ping_status":"closed","sticky":false,"template":"","format":"standard","meta":{"footnotes":""},"categories":[105],"tags":[],"class_list":["post-9876","post","type-post","status-publish","format-standard","hentry","category-gundem","odd"],"_links":{"self":[{"href":"http:\/\/www.korhanyilmaz.com\/index.php?rest_route=\/wp\/v2\/posts\/9876","targetHints":{"allow":["GET"]}}],"collection":[{"href":"http:\/\/www.korhanyilmaz.com\/index.php?rest_route=\/wp\/v2\/posts"}],"about":[{"href":"http:\/\/www.korhanyilmaz.com\/index.php?rest_route=\/wp\/v2\/types\/post"}],"author":[{"embeddable":true,"href":"http:\/\/www.korhanyilmaz.com\/index.php?rest_route=\/wp\/v2\/users\/1"}],"replies":[{"embeddable":true,"href":"http:\/\/www.korhanyilmaz.com\/index.php?rest_route=%2Fwp%2Fv2%2Fcomments&post=9876"}],"version-history":[{"count":0,"href":"http:\/\/www.korhanyilmaz.com\/index.php?rest_route=\/wp\/v2\/posts\/9876\/revisions"}],"wp:attachment":[{"href":"http:\/\/www.korhanyilmaz.com\/index.php?rest_route=%2Fwp%2Fv2%2Fmedia&parent=9876"}],"wp:term":[{"taxonomy":"category","embeddable":true,"href":"http:\/\/www.korhanyilmaz.com\/index.php?rest_route=%2Fwp%2Fv2%2Fcategories&post=9876"},{"taxonomy":"post_tag","embeddable":true,"href":"http:\/\/www.korhanyilmaz.com\/index.php?rest_route=%2Fwp%2Fv2%2Ftags&post=9876"}],"curies":[{"name":"wp","href":"https:\/\/api.w.org\/{rel}","templated":true}]}}