{"id":9872,"date":"2009-06-11T09:59:58","date_gmt":"2009-06-11T07:59:58","guid":{"rendered":"http:\/\/www.korhanyilmaz.com\/?p=9872"},"modified":"2009-06-11T09:59:58","modified_gmt":"2009-06-11T07:59:58","slug":"ak-parti-diyarbakir-il-baskani-gorevden-alindi","status":"publish","type":"post","link":"http:\/\/www.korhanyilmaz.com\/?p=9872","title":{"rendered":"AK Parti Diyarbak\u0131r \u0130l Ba\u015fkan\u0131 g\u00f6revden al\u0131nd\u0131"},"content":{"rendered":"<p style=\"text-align: center;\"><img loading=\"lazy\" decoding=\"async\" class=\"size-full wp-image-9873 aligncenter\" src=\"http:\/\/www.korhanyilmaz.com\/wp-content\/uploads\/2009\/06\/354642290000.jpg\" alt=\"\" width=\"200\" height=\"160\" \/><\/p>\n<p style=\"text-align: justify;\">Adalet ve Kalk\u0131nma Partisi (AK Parti) Diyarbak\u0131r \u0130l Ba\u015fkan\u0131 Ahmet Fikret \u00d6cal g\u00f6revinden al\u0131nd\u0131. AK Parti Diyarbak\u0131r \u0130l Ba\u015fkan\u0131 Ahmet \u00d6cal ani bir kararla g\u00f6revinden al\u0131nd\u0131.<\/p>\n<p style=\"text-align: justify;\">Ba\u015fbakan Recep Tayyip Erdo\u011fan taraf\u0131ndan \u0130l Ba\u015fkanl\u0131\u011f\u0131&#8217;na atanan ancak 29 Mart yerel se\u00e7imlerinde D\u0130yarbak\u0131r&#8217;daki 17 il\u00e7eden sadece birinde Belediye Ba\u015fkanl\u0131\u011f\u0131 alan AK Parti&#8217;de bu sonucun faturas\u0131 \u0130l Ba\u015fkan\u0131 \u00d6cal&#8217;a kesildi. \u00d6cal&#8217;dan bo\u015falan \u0130l Ba\u015fkanl\u0131\u011f\u0131 koltu\u011funa kimin oturaca\u011f\u0131 hen\u00fcz bilinmiyor. 22 Temmuz 2007 se\u00e7imlerinde Abdurahman Kurt&#8217;un milletvekili olmas\u0131 ile birlikte bo\u015falan il ba\u015fkanl\u0131\u011f\u0131 g\u00f6revine getirilen Abdurahim Hattapo\u011flu da 1 y\u0131l g\u00f6revi y\u00fcr\u00fctt\u00fckten sonra g\u00f6revden al\u0131nm\u0131\u015ft\u0131. Ge\u00e7en y\u0131l A\u011fustos ay\u0131nda g\u00f6reve getiren \u00d6cal, 1 y\u0131l\u0131n\u0131 tamamlamadan d\u00fcn g\u00f6revinden al\u0131nd\u0131. <!--more--><\/p>\n<p style=\"text-align: justify;\">AK Parti Genel Merkezi&#8217;nin g\u00f6revden ald\u0131\u011f\u0131 \u00d6cal&#8217;\u0131n yerine kimin atanaca\u011f\u0131 hen\u00fcz netlik kazanmazken, yeni il ba\u015fkan\u0131 bu ay i\u00e7erisinde yap\u0131lacak kongrede belirlenecek. Ge\u00e7ti\u011fimiz ay Genel Merkez taraf\u0131ndan aralar\u0131nda milletvekillerinin de bulundu\u011fu bir komisyon, 29 Mart yerel se\u00e7imlerinde al\u0131nan ba\u015far\u0131s\u0131z sonu\u00e7lar\u0131n nedenini ara\u015ft\u0131rmak i\u00e7in inceleme yapm\u0131\u015ft\u0131. Yap\u0131lan g\u00f6r\u00fc\u015fmeler sonras\u0131 komisyon bir rapor haz\u0131rlay\u0131p Ba\u015fbakan Erdo\u011fan&#8217;a sunmu\u015ftu. Erdo\u011fan&#8217;a sunulan rapor do\u011frultusunda \u0130l Ba\u015fkan\u0131 \u00d6cal g\u00f6revden al\u0131nd\u0131.<\/p>\n<p style=\"text-align: justify;\"><span style=\"color: #888888;\">Kaynak : Sabah<\/span><\/p>\n","protected":false},"excerpt":{"rendered":"<p style=\"text-align: center;\">\n<p style=\"text-align: justify;\">Adalet ve Kalk\u0131nma Partisi (AK Parti) Diyarbak\u0131r \u0130l Ba\u015fkan\u0131 Ahmet Fikret \u00d6cal g\u00f6revinden al\u0131nd\u0131. AK Parti Diyarbak\u0131r \u0130l Ba\u015fkan\u0131 Ahmet \u00d6cal ani bir kararla g\u00f6revinden al\u0131nd\u0131.<\/p>\n<p style=\"text-align: justify;\">Ba\u015fbakan Recep Tayyip Erdo\u011fan taraf\u0131ndan \u0130l Ba\u015fkanl\u0131\u011f\u0131&#8217;na atanan ancak 29 Mart yerel se\u00e7imlerinde D\u0130yarbak\u0131r&#8217;daki 17 il\u00e7eden sadece birinde Belediye Ba\u015fkanl\u0131\u011f\u0131 alan AK <\/p>\n","protected":false},"author":1,"featured_media":0,"comment_status":"open","ping_status":"closed","sticky":false,"template":"","format":"standard","meta":{"footnotes":""},"categories":[105],"tags":[],"class_list":["post-9872","post","type-post","status-publish","format-standard","hentry","category-gundem","odd"],"_links":{"self":[{"href":"http:\/\/www.korhanyilmaz.com\/index.php?rest_route=\/wp\/v2\/posts\/9872","targetHints":{"allow":["GET"]}}],"collection":[{"href":"http:\/\/www.korhanyilmaz.com\/index.php?rest_route=\/wp\/v2\/posts"}],"about":[{"href":"http:\/\/www.korhanyilmaz.com\/index.php?rest_route=\/wp\/v2\/types\/post"}],"author":[{"embeddable":true,"href":"http:\/\/www.korhanyilmaz.com\/index.php?rest_route=\/wp\/v2\/users\/1"}],"replies":[{"embeddable":true,"href":"http:\/\/www.korhanyilmaz.com\/index.php?rest_route=%2Fwp%2Fv2%2Fcomments&post=9872"}],"version-history":[{"count":0,"href":"http:\/\/www.korhanyilmaz.com\/index.php?rest_route=\/wp\/v2\/posts\/9872\/revisions"}],"wp:attachment":[{"href":"http:\/\/www.korhanyilmaz.com\/index.php?rest_route=%2Fwp%2Fv2%2Fmedia&parent=9872"}],"wp:term":[{"taxonomy":"category","embeddable":true,"href":"http:\/\/www.korhanyilmaz.com\/index.php?rest_route=%2Fwp%2Fv2%2Fcategories&post=9872"},{"taxonomy":"post_tag","embeddable":true,"href":"http:\/\/www.korhanyilmaz.com\/index.php?rest_route=%2Fwp%2Fv2%2Ftags&post=9872"}],"curies":[{"name":"wp","href":"https:\/\/api.w.org\/{rel}","templated":true}]}}