{"id":9853,"date":"2009-06-08T10:10:27","date_gmt":"2009-06-08T07:10:27","guid":{"rendered":"http:\/\/www.korhanyilmaz.com\/?p=9853"},"modified":"2009-06-08T10:10:27","modified_gmt":"2009-06-08T07:10:27","slug":"tahil-pazarinin-gelismesi","status":"publish","type":"post","link":"http:\/\/www.korhanyilmaz.com\/?p=9853","title":{"rendered":"Tah\u0131l pazar\u0131n\u0131n geli\u015fmesi"},"content":{"rendered":"<p style=\"text-align: center;\"><img loading=\"lazy\" decoding=\"async\" class=\"size-full wp-image-9854 aligncenter\" src=\"http:\/\/www.korhanyilmaz.com\/wp-content\/uploads\/2009\/06\/fft5_mf186624.jpg\" alt=\"\" width=\"306\" height=\"204\" \/><\/p>\n<p style=\"text-align: justify;\">Bug\u00fcn dikkatlerin ekonomik krize odaklanm\u0131\u015f olmas\u0131 anla\u015f\u0131labilir. Ancak g\u0131da pazar\u0131n\u0131n sorunlar\u0131 ortadan kalkm\u0131\u015f de\u011fil. Dahas\u0131 krizden \u00e7\u0131k\u0131\u015f d\u00f6neminde de bu sorunlar aciliyetini koruyor olacak. Zengin \u00fclkelerde t\u00fcketilen ayl\u0131k g\u0131dan\u0131n \u00e7e\u015fidi azald\u0131 ve ucuzlad\u0131. Yoksul \u00fclkelerde ise a\u00e7l\u0131k y\u00fckseli\u015fte<\/p>\n<p style=\"text-align: justify;\">Rusya\u2019da bizler antik zamanlardan bu yana ekme\u011fin \u2018hayat\u0131n belkemi\u011fi\u2019 oldu\u011funa inan\u0131r\u0131z. Bu halk deyi\u015fi, tar\u0131m ve tah\u0131m \u00fcretimi gibi alanlarda \u00e7al\u0131\u015fan insanl\u0131\u011f\u0131n b\u00fcy\u00fck \u00f6nemini yans\u0131tmaktad\u0131r. G\u0131da tedari\u011fi hayat\u0131n ana kayna\u011f\u0131, g\u0131da \u00fcretiminin d\u00fczeyi ise hayat standartlar\u0131n\u0131n ba\u015fl\u0131ca \u00f6l\u00e7\u00fcs\u00fcd\u00fcr.<\/p>\n<p style=\"text-align: justify;\">Bu ba\u011flamda Rusya, \u0131srarla varl\u0131\u011f\u0131n\u0131 s\u00fcrd\u00fcren akut k\u00fcresel g\u0131da krizinden ciddi endi\u015fe duyuyor. Bu krizin geli\u015fmesine birka\u00e7 fakt\u00f6r katk\u0131da bulundu; bunlar aras\u0131nda d\u00fcnya n\u00fcfusunun artmas\u0131, de\u011fi\u015fen beslenme tarzlar\u0131, biyoyak\u0131t \u00fcretiminin geli\u015ftirilmesi, iklim de\u011fi\u015fikli\u011fi gibi bir\u00e7ok fakt\u00f6r say\u0131labilir.<!--more--><\/p>\n<p style=\"text-align: justify;\"><strong>A\u00e7l\u0131k azalm\u0131yor<\/strong><\/p>\n<p style=\"text-align: justify;\">Ge\u00e7en ilkbaharda d\u00fcnya pazarlar\u0131nda g\u0131da fiyatlar\u0131 y\u00fczde 55 artarken, Asya\u2019da pirin\u00e7 fiyatlar\u0131 \u00fc\u00e7 kat\u0131na \u00e7\u0131kt\u0131. Temel g\u0131da \u00fcr\u00fcnlerindeki fiyatlar\u0131n\u0131n tavana vurmas\u0131, g\u0131da masraflar\u0131n\u0131n ortalama y\u00fczde 50 ila 90\u2019\u0131 te\u015fkil etti\u011fi yoksul \u00fclkeleri \u00e7ok k\u00f6t\u00fc \u015fekilde vurdu. D\u00fcnyada a\u00e7l\u0131k d\u00fczeyi azalm\u0131yor. Bug\u00fcn yakla\u015f\u0131k 950 milyon insan k\u0131tl\u0131\u011f\u0131n pen\u00e7esinde. Pek \u00e7ok durumda bu yetersiz beslenmeden ibaret kalmay\u0131p, d\u00fcped\u00fcz a\u00e7l\u0131k boyutunu al\u0131yor. 21. as\u0131rda bu durum kula\u011fa bilhassa \u00e7ok vahim geliyor olmal\u0131, fakat ger\u00e7ekler b\u00f6yle. \u0130klim ko\u015fullar\u0131na ba\u011fl\u0131 olarak g\u0131da \u00fcretiminin az geli\u015fmi\u015f oldu\u011fu bir dizi \u00fclkede durum, a\u015f\u0131r\u0131 derecede istikrars\u0131z olmay\u0131 s\u00fcrd\u00fcr\u00fcyor.<\/p>\n<p style=\"text-align: justify;\">Bug\u00fcn dikkatlerin ekonomik krize odaklanm\u0131\u015f olmas\u0131 anla\u015f\u0131labilir.Ancak g\u0131da pazar\u0131n\u0131n sorunlar\u0131 ortadan kalkm\u0131\u015f de\u011fil. Dahas\u0131 krizden \u00e7\u0131k\u0131\u015f d\u00f6neminde de bu sorunlar aciliyetini koruyor olacak. Bug\u00fcn g\u0131da \u00fcr\u00fcnlerine y\u00f6nelik k\u00fcresel t\u00fcketici talebi ciddi \u00f6l\u00e7\u00fcde azald\u0131. Zengin \u00fclkelerde t\u00fcketilen ayl\u0131k g\u0131dan\u0131n \u00e7e\u015fidi azald\u0131 ve ucuzlad\u0131. Yoksul \u00fclkelerde ise a\u00e7l\u0131k y\u00fckseli\u015fte. \u2018A\u00e7l\u0131\u011f\u0131n pencesindeki milyar\u2019, yani uluslararas\u0131 s\u0131n\u0131fland\u0131rmalara g\u00f6re gelirleri en asgari d\u00fczeyde bile zaruri g\u0131da \u00fcr\u00fcnlerini almaya yetmeyen insanlar, \u00e7oktand\u0131r \u2018alt\u0131n milyarla\u2019 kar\u015f\u0131 kar\u015f\u0131ya geliyor.<\/p>\n<p style=\"text-align: justify;\"><strong>Talepte d\u00fc\u015f\u00fc\u015f<\/strong><\/p>\n<p style=\"text-align: justify;\">Halihaz\u0131rda tah\u0131l talebinde keskin bir d\u00fc\u015f\u00fc\u015f s\u00f6z konusu, zira bir dizi geli\u015fmekte olan \u00fclkedeki sosyal ve ekonomik istikrar\u0131n merkezinde s\u00fcrd\u00fcrebilir tah\u0131l tedari\u011fi ve tah\u0131la ula\u015f\u0131m yat\u0131yor. Uzmanlar 2030\u2019a gelindi\u011finde k\u00fcresel tah\u0131l t\u00fcketiminin y\u00fczde 30 ila 40 oran\u0131nda artaca\u011f\u0131n\u0131 tahmin ediyor. Bu da uluslararas\u0131 toplumun yeni g\u0131da krizi dalgalar\u0131na kar\u015f\u0131 g\u00fcvende olmad\u0131\u011f\u0131 anlam\u0131na geliyor. Bu ba\u011flamda, k\u00fcresel bir g\u0131da kaynaklar\u0131 y\u00f6netim sisteminin kurulmas\u0131 fikrini memnuniyetle kar\u015f\u0131l\u0131yoruz. Treviso\u2019daki G8 Tar\u0131m Bakanlar\u0131 Toplant\u0131s\u0131\u2019nda b\u00f6yle bir \u00f6neri ortaya kondu. Bu \u00f6nerinin hayata ge\u00e7irilmesi, tah\u0131l tedari\u011finin ihtiya\u00e7 duyan \u00fclkelere insani yard\u0131m bi\u00e7iminde ula\u015ft\u0131r\u0131lmas\u0131n\u0131 sa\u011flamakla kalmayacak, bizzat d\u00fcnya g\u0131da pazar\u0131n\u0131n risklerini de azaltacak. Fakat g\u0131da fazlas\u0131n\u0131n ihrac\u0131n\u0131n yararlar\u0131 ile potansiyel \u2018ba\u011f\u0131ml\u0131l\u0131k sendromu\u2019 (d\u00fczenli olarak \u2018beslenen\u2019 al\u0131c\u0131 \u00fclkeler, mevcut problemleri kendi ara\u00e7lar\u0131yla \u00e7\u00f6zmek y\u00f6n\u00fcndeki d\u00fcrt\u00fclerini yitirebiliyor) aras\u0131nda adil bir denge kurmak \u00f6nemli.<\/p>\n<p style=\"text-align: justify;\">Tah\u0131l \u00fcretimi Rusya\u2019n\u0131n geleneksel end\u00fcstrisi, bu y\u00fczden bunun geli\u015ftirilmesi ekmek \u00fcr\u00fcnlerinin bulunabilmesinin yan\u0131 s\u0131ra, \u00e7iftlik hayvanlar\u0131 \u00fcretiminin etkinli\u011fini belirliyor. Tah\u0131l sat\u0131\u015f\u0131 gelirleri, tar\u0131msal \u00fcreticilerin k\u00e2rlar\u0131n\u0131n ana pay\u0131n\u0131 olu\u015fturuyor.<\/p>\n<p style=\"text-align: justify;\">Ge\u00e7en y\u0131l olumlu hava ko\u015fullar\u0131, ekilebilir topraklar\u0131n y\u00fcksek do\u011fal verimlili\u011fi ve devletin tar\u0131ma zaman\u0131nda verdi\u011fi finans deste\u011fi, son y\u0131llar\u0131n rekor tah\u0131l \u00fcretimiyle (108.4 milyon ton) sonu\u00e7land\u0131. Rusya ekonomik gerileme d\u00f6neminde bile bu politikay\u0131 takip etmeye kararl\u0131.<\/p>\n<p style=\"text-align: justify;\"><strong>Ekilebilir toprak<\/strong><\/p>\n<p style=\"text-align: justify;\">D\u00fcnyan\u0131n b\u00fcy\u00fck b\u00f6l\u00fcm\u00fcnde ekilebilir topraklar\u0131n geni\u015flemesi olas\u0131l\u0131\u011f\u0131n\u0131n t\u00fckendi\u011fine dikkat \u00e7ekmek isterim. Bu arada Rusya toprak miktar\u0131 ve tar\u0131m alanlar\u0131n\u0131n kalitesi bak\u0131m\u0131ndan lider \u00fclke konumunda. Bu y\u00fczden 1889\u2019dan beni Uluslararas\u0131 A\u011f\u0131rl\u0131klar ve \u00d6l\u00e7\u00fcler Dairesi (Paris) bir metrek\u00fcp Voronej kara topra\u011f\u0131n\u0131 (toprak yap\u0131s\u0131 ve veriminin tipik \u00f6l\u00e7\u00fcs\u00fc mahiyetinde) t\u0131pk\u0131 platin metre \u00e7ubu\u011fu gibi \u00f6l\u00e7\u00fc saymay\u0131 s\u00fcrd\u00fcr\u00fcyor. Rusya toplam kara topra\u011f\u0131n (en y\u00fcksek do\u011fal verimlili\u011fe sahip toprak \u00e7e\u015fidi) y\u00fczde 40\u2019\u0131na sahip ve bu \u00f6nemli bir rekabet avantaj\u0131 sa\u011fl\u0131yor. Dahas\u0131 mevcut g\u0131da krizi ko\u015fullar\u0131nda, 1991\u2019den beri ekilmeyen 20 milyon hektar Rus tar\u0131msal alan\u0131n\u0131n geli\u015ftirilmesi tekrar g\u00fcndeme al\u0131nabilir.<\/p>\n<p style=\"text-align: justify;\">Ekilen topraklar\u0131n en az y\u00fczde 14\u2019\u00fcne sahip olan Rusya\u2019n\u0131n k\u00fcresel tah\u0131l \u00fcretimindeki pay\u0131 sadece y\u00fczde 5. Bu bak\u0131mdan bir d\u00fcnya ihracat\u00e7\u0131s\u0131 olarak rol\u00fcm\u00fcz belli. Rus biyolojik toprak potansiyelinin etkili kullan\u0131m\u0131 ve biyoiklimsel alanlarla uyumlu bir geni\u015f \u00e7apl\u0131 \u00fcretim sistemine d\u00f6n\u00fclmesi, cazip bir \u00e7\u00f6z\u00fcm sa\u011flayabilir. Bununla birlikte (uzmanlar\u0131 ve biliminsanlar\u0131n\u0131 i\u00e7erecek) daha ileri ara\u015ft\u0131rmalar yap\u0131lmas\u0131 gerekiyor.<\/p>\n<p style=\"text-align: justify;\">Rusya sorumlulu\u011funun fark\u0131nda ve muazzam tar\u0131msal potansiyelini kullan\u0131p tah\u0131l \u00fcretimini, di\u011fer b\u00fcy\u00fck tar\u0131m \u00fcreticileriyle birlikte, d\u00fcnya n\u00fcfusunun \u00f6nemli bir k\u0131sm\u0131 i\u00e7in g\u0131da g\u00fcvenli\u011fini teminat alt\u0131na alacak bir d\u00fczeye getirmeye kararl\u0131. Rusya\u2019n\u0131n d\u00fcnyan\u0131n \u00f6nde gelen bu\u011fday ihracat\u00e7\u0131lar\u0131 \u2018kul\u00fcb\u00fcne\u2019 tekrar kat\u0131lmas\u0131yla da kan\u0131tlanacak gibi g\u00f6r\u00fcnen bu hedefe ula\u015fmak gayet m\u00fcmk\u00fcnd\u00fcr. Bu y\u00fczden 2008\/2009 d\u00f6neminde Rusya yakla\u015f\u0131k 50 \u00fclkeye 21 milyon tona yak\u0131n tah\u0131l tedarik etmeyi umuyor. Y\u00fcksek kaliteli yumu\u015fak bu\u011fday en fazla talep edilen \u00fcr\u00fcn konumunda, zira gerek geli\u015fmi\u015f gerekse geli\u015fmekte olan \u00fclkeler bu bu\u011fday\u0131 un yapmak i\u00e7in kullan\u0131yor. Velhas\u0131l Rus tah\u0131l\u0131 bir dizi \u00fclkede g\u0131da tedari\u011fini \u00f6nemli \u00f6l\u00e7\u00fcde sa\u011flayarak k\u00fcresel g\u0131da g\u00fcvenli\u011fine katk\u0131da bulunuyor.<\/p>\n<p style=\"text-align: justify;\"><strong>\u0130\u015flenmi\u015f tah\u0131l<\/strong><\/p>\n<p style=\"text-align: justify;\">Rusya (Do\u011fu Kalk\u0131nma Koridoru i\u00e7in yap\u0131lacak olas\u0131 d\u00fczenlemelerle) yeni G\u00fcneydo\u011fu Asya pazarlar\u0131na girerek tah\u0131l tedarikini geni\u015fletme niteyinde; i\u015flenmi\u015f tah\u0131l \u00fcr\u00fcnlerinin pay\u0131n\u0131 art\u0131rarak ihracat kalemlerimizi \u00e7e\u015fitlendirmek istiyoruz. Tar\u0131mda \u00fcretim etkinli\u011fini art\u0131rmak, yenilikler yapmak ve etkili tar\u0131m \u00fcreticilerinin topra\u011fa ve sermayeye eri\u015fimi i\u00e7in uygun ortam\u0131 yaratmak y\u00f6n\u00fcnde ilave \u00f6nlemler almaya haz\u0131rlan\u0131yoruz.<\/p>\n<p style=\"text-align: justify;\">Do\u011fal olarak \u00f6nceli\u011fimiz, yeniliklerin tar\u0131mda yayg\u0131n kullan\u0131m\u0131. Bu alanda uzun vadeli yabanc\u0131 yat\u0131r\u0131mlar\u0131 desteklemeye haz\u0131r\u0131z. Yo\u011fun tar\u0131m\u0131 ba\u015flatarak, tah\u0131l i\u015fleme teknolojisini uygulayarak ve ortalama bu\u011fday ekim kapasitesini hektar ba\u015f\u0131na 2.4 tona \u00e7\u0131kararak (2008\u2019de bu noktaya ula\u015f\u0131ld\u0131), y\u0131lda 112-115 milyon ton tah\u0131l \u00fcretmek m\u00fcmk\u00fcnd\u00fcr. Ve et topraklar\u0131n ekilmesiyle bu rakam 133-136 milyon tona ula\u015fabilir. Bug\u00fcn uluslararas\u0131 \u00f6rg\u00fctler bilhassa \u00f6nemli bir g\u00f6revle kar\u015f\u0131 kar\u015f\u0131ya: teknolojilerin geli\u015ftirilmesi ve b\u00fct\u00fcn \u00fclkelerin buna ula\u015fabilmesi gibi meselelerde bir ara\u015ft\u0131rma program\u0131 olu\u015fturmak. \u00d6zellikle g\u00fcndemde olan mesele, geli\u015fmekte olan \u00fclkeler i\u00e7in g\u0131da yard\u0131m programlar\u0131na, \u00fclke i\u00e7i tar\u0131msal \u00fcretimi te\u015fvik edecek ekipman ve teknoloji tedari\u011finin de dahil edilmesi.<\/p>\n<p style=\"text-align: justify;\">Tar\u0131msal \u00fcretim, ancak yeterli depolama ve nakliye altyap\u0131s\u0131 oldu\u011fu takdirde etkili olabilir. Bu y\u00fczden yak\u0131n gelecek i\u00e7in en \u00f6nemli g\u00f6rev, altyap\u0131 projelerine aktif destek sa\u011flamakt\u0131r. Buna modernizasyon ve yeni depolama kapasitelerinin yarat\u0131lmas\u0131, nakliye a\u011flar\u0131ndan ve deniz ve nehir limanlar\u0131ndaki gemiyle ta\u015f\u0131ma alanlar\u0131ndan olu\u015fan nakliye sisteminin geli\u015ftirilmesi dahildir. \u00dclkemizde kurulan Birle\u015fik Tah\u0131l \u015eirketi, bu konuda da aktif devlet politikas\u0131n\u0131 y\u00fcr\u00fctmekle g\u00f6revlendirildi. Tah\u0131l pazar\u0131nda di\u011fer akt\u00f6rler gibi \u00e7al\u0131\u015facakt\u0131r. Ayn\u0131 zamanda m\u00fcdahale operasyonlar\u0131n\u0131 y\u00fcr\u00fctmek, h\u00fck\u00fcmetler aras\u0131 anla\u015fmalar uyar\u0131nca tedarikleri sa\u011flamak gibi belli devlet g\u00f6revlerini de yerine getirecektir.<\/p>\n<p style=\"text-align: justify;\">B\u00fct\u00fcn bu konular haziran ba\u015f\u0131nda St. Petersburg\u2019da yap\u0131lacak olan D\u00fcnya Tah\u0131l Forumu\u2019nda tart\u0131\u015f\u0131lacak. Rusya bu giri\u015fimi ba\u015flatt\u0131. Ve a\u00e7\u0131k bir diyalo\u011fun g\u0131da tedari\u011fi alan\u0131ndaki son derece karma\u015f\u0131k bir\u00e7ok meseleyi \u00e7\u00f6zmeye ba\u015flama f\u0131rsat\u0131 sa\u011flayaca\u011f\u0131ndan eminiz.<\/p>\n<p style=\"text-align: justify;\"><span style=\"color: #888888;\">Dimitri Medvedev: Rusya Federasyonu Devlet Ba\u015fkan\u0131<\/span><\/p>\n<p style=\"text-align: justify;\"><span style=\"color: #888888;\">D\u0130M\u0130TR\u0130 MEDVEDEV (Ar\u015fivi)<\/span><\/p>\n<p style=\"text-align: justify;\"><span style=\"color: #888888;\">Kaynak : Radikal<\/span><\/p>\n","protected":false},"excerpt":{"rendered":"<p style=\"text-align: center;\">\n<p style=\"text-align: justify;\">Bug\u00fcn dikkatlerin ekonomik krize odaklanm\u0131\u015f olmas\u0131 anla\u015f\u0131labilir. Ancak g\u0131da pazar\u0131n\u0131n sorunlar\u0131 ortadan kalkm\u0131\u015f de\u011fil. Dahas\u0131 krizden \u00e7\u0131k\u0131\u015f d\u00f6neminde de bu sorunlar aciliyetini koruyor olacak. Zengin \u00fclkelerde t\u00fcketilen ayl\u0131k g\u0131dan\u0131n \u00e7e\u015fidi azald\u0131 ve ucuzlad\u0131. Yoksul \u00fclkelerde ise a\u00e7l\u0131k y\u00fckseli\u015fte<\/p>\n<p style=\"text-align: justify;\">Rusya\u2019da bizler antik zamanlardan bu yana ekme\u011fin \u2018hayat\u0131n belkemi\u011fi\u2019 oldu\u011funa <\/p>\n","protected":false},"author":1,"featured_media":0,"comment_status":"open","ping_status":"closed","sticky":false,"template":"","format":"standard","meta":{"footnotes":""},"categories":[3],"tags":[],"class_list":["post-9853","post","type-post","status-publish","format-standard","hentry","category-dunya","odd"],"_links":{"self":[{"href":"http:\/\/www.korhanyilmaz.com\/index.php?rest_route=\/wp\/v2\/posts\/9853","targetHints":{"allow":["GET"]}}],"collection":[{"href":"http:\/\/www.korhanyilmaz.com\/index.php?rest_route=\/wp\/v2\/posts"}],"about":[{"href":"http:\/\/www.korhanyilmaz.com\/index.php?rest_route=\/wp\/v2\/types\/post"}],"author":[{"embeddable":true,"href":"http:\/\/www.korhanyilmaz.com\/index.php?rest_route=\/wp\/v2\/users\/1"}],"replies":[{"embeddable":true,"href":"http:\/\/www.korhanyilmaz.com\/index.php?rest_route=%2Fwp%2Fv2%2Fcomments&post=9853"}],"version-history":[{"count":0,"href":"http:\/\/www.korhanyilmaz.com\/index.php?rest_route=\/wp\/v2\/posts\/9853\/revisions"}],"wp:attachment":[{"href":"http:\/\/www.korhanyilmaz.com\/index.php?rest_route=%2Fwp%2Fv2%2Fmedia&parent=9853"}],"wp:term":[{"taxonomy":"category","embeddable":true,"href":"http:\/\/www.korhanyilmaz.com\/index.php?rest_route=%2Fwp%2Fv2%2Fcategories&post=9853"},{"taxonomy":"post_tag","embeddable":true,"href":"http:\/\/www.korhanyilmaz.com\/index.php?rest_route=%2Fwp%2Fv2%2Ftags&post=9853"}],"curies":[{"name":"wp","href":"https:\/\/api.w.org\/{rel}","templated":true}]}}