{"id":9847,"date":"2009-06-08T10:32:45","date_gmt":"2009-06-08T08:32:45","guid":{"rendered":"http:\/\/www.korhanyilmaz.com\/?p=9847"},"modified":"2009-06-08T10:32:45","modified_gmt":"2009-06-08T08:32:45","slug":"ab-ile-isler-iyi-gitmiyor","status":"publish","type":"post","link":"http:\/\/www.korhanyilmaz.com\/?p=9847","title":{"rendered":"AB ile i\u015fler iyi gitmiyor"},"content":{"rendered":"<p><img loading=\"lazy\" decoding=\"async\" class=\"alignleft size-full wp-image-9848\" style=\"margin-left: 10px; margin-right: 10px;\" title=\"Murat Yetkin - Radikal Gazetesi Yazar\u0131\" src=\"http:\/\/www.korhanyilmaz.com\/wp-content\/uploads\/2009\/06\/80.jpg\" alt=\"Murat Yetkin - Yazar\" width=\"81\" height=\"87\" \/><\/p>\n<p style=\"text-align: justify;\">ABD Ba\u015fkan\u0131 Barack Obama ile Fransa Cumhurba\u015fkan\u0131 Nicolas Sarkozy\u2019nin bir tek T\u00fcrkiye-AB konusunda anla\u015famad\u0131klar\u0131n\u0131 a\u00e7\u0131klamalar\u0131 san\u0131r\u0131m T\u00fcrkiye-AB ili\u015fkilerinin ne durumda oldu\u011funu anlat\u0131yor: Pek de h\u00fck\u00fcmetin yans\u0131tmak istedi\u011fi gibi de\u011fil.<\/p>\n<p style=\"text-align: justify;\">Obama-Sarkozy g\u00f6r\u00fc\u015fmesinde neler oldu\u011funu anlamak i\u00e7in filmi birka\u00e7 g\u00fcn geriye sar\u0131p toplant\u0131n\u0131n yap\u0131ld\u0131\u011f\u0131 Fransa\u2019n\u0131n Caen \u015fehrinden, ABD\u2019nin Va\u015fington \u015fehrine gitmek gerekiyor.<\/p>\n<p style=\"text-align: justify;\">\u00c7\u00fcnk\u00fc AB Geni\u015fleme Sorumlusu Olli Rehn ge\u00e7en hafta oradayd\u0131. Ayn\u0131 g\u00fcnlerde Obama\u2019n\u0131n Kahire \u00dcniversitesi\u2019nde yapt\u0131\u011f\u0131 \u00f6nemli \u0130slam ve Bat\u0131 konu\u015fmas\u0131 yank\u0131lan\u0131yordu. Genelkurmay Ba\u015fkan\u0131 Orgeneral \u0130lker Ba\u015fbu\u011f, Va\u015fington\u2019da PKK-Irak-Afganistan-Pakistan odakl\u0131 g\u00f6r\u00fc\u015fmelerde bulunuyordu. D\u0131\u015fi\u015fleri Bakan\u0131 Ahmet Davuto\u011flu, Va\u015fington\u2019dan Nev York\u2019a ge\u00e7mi\u015f, BM Genel Kurulu oturumuna ba\u015fkanl\u0131k etmeye haz\u0131rlan\u0131yordu. Ve Ankara\u2019da AB Ba\u015f M\u00fczakerecisi Devlet Bakan\u0131 Egemen Ba\u011f\u0131\u015f, m\u00fczakerelerde yeni bir fasl\u0131n a\u00e7\u0131lmas\u0131n\u0131 sa\u011flayacak sendikalar reformunun \u2018kriz nedeniyle\u2019 ertelendi\u011fini s\u00f6yl\u00fcyor, AB do\u011frultusundaki ilerlemelere \u00f6rnek olarak N\u00e2z\u0131m Hikmet\u2019e vatanda\u015fl\u0131k verilmesini g\u00f6steriyordu.<!--more--><\/p>\n<p style=\"text-align: justify;\">Olli Rehn, Va\u015fington\u2019da ABD D\u0131-\u015fi\u015fleri, D\u00fcnya Bankas\u0131 yetkilileri ve Amerika\u2019daki bir grup kanaat \u00f6nderi ile temaslarda bulundu. Bu temaslar Obama\u2019n\u0131n Avrupa\u2019da Almanya \u015eans\u00f6lyesi Angela Merkel ve Fransa Cumhurba\u015fkan\u0131 Nicolas Sarkozy ile temaslar\u0131 \u00f6ncesinde ve tabii Avrupa Parlamentosu se\u00e7imleri \u00f6ncesinde Avrupa\u2019n\u0131n siyasi nabz\u0131n\u0131 ABD\u2019ye yans\u0131tt\u0131. Reuters haber ajans\u0131na 4 Haziran\u2019da s\u00f6yledi\u011fine g\u00f6re bu temaslarda \u2018T\u00fcrkiye dahil bir dizi konu\u2019 ele al\u0131nd\u0131.<\/p>\n<p style=\"text-align: justify;\">Radikal\u2019e bilgi veren kaynaklara g\u00f6re Rehn\u2019in Amerikal\u0131larla g\u00f6r\u00fc\u015ft\u00fc\u011f\u00fc en \u00f6nemli konu T\u00fcrkiye idi.<\/p>\n<p style=\"text-align: justify;\">Obama, T\u00fcrkiye\u2019yi ABD ulusal \u00e7\u0131karlar\u0131 a\u00e7\u0131s\u0131ndan stratejik bir ortak g\u00f6r\u00fcyor, Avrupa odakl\u0131 (Ortado\u011fu de\u011fil) ilk d\u00fcnya turuna T\u00fcrkiye\u2019yi dahil ederek hangi d\u00fcnyada g\u00f6rd\u00fc\u011f\u00fcn\u00fc g\u00f6steriyor, T\u00fcrkiye\u2019nin AB \u00fcyesi olmas\u0131n\u0131 istiyor, ayr\u0131ca b\u00f6ylelikle AB-NATO uyumunun da daha iyi sa\u011flanaca\u011f\u0131n\u0131 d\u00fc\u015f\u00fcn\u00fcyordu. Ama bu istek Avrupa\u2019da \u00f6zellikle de kriz ortam\u0131nda h\u00e2kim olan Merkel-Sarkozy siyasetine uymuyordu. Avrupa Parlamentosu se\u00e7imleri s\u00fcreci de g\u00f6steriyordu ki, Avrupa\u2019da T\u00fcrkiye\u2019yi kabul y\u00f6n\u00fcnde bir r\u00fczg\u00e2r esmiyor.<\/p>\n<p style=\"text-align: justify;\">Ama tek sorun bu da de\u011fildi. Rehn\u2019in Va\u015fington temaslar\u0131ndan diplomatik kulise yans\u0131d\u0131\u011f\u0131 kadar\u0131yla, AB Geni\u015fleme Sorumlusu Amerika\u2019daki muhataplar\u0131na Avrupa\u2019daki i\u015ftah\u0131n kapand\u0131\u011f\u0131 kadar, T\u00fcrkiye\u2019deki i\u015ftah\u0131n da kapand\u0131\u011f\u0131ndan s\u00f6z etmi\u015fti. Temaslar sonras\u0131 Va\u015fington\u2019daki izlenim, T\u00fcrkiye\u2019deki reform s\u00fcrecinin durdu\u011fu, s\u00f6zlerin yerine getirilmedi\u011fi, D\u0131\u015fi\u015fleri Bakan\u0131\u2019ndan ayr\u0131 bir Ba\u015f M\u00fczakereci\u2019nin bakan d\u00fczeyinde atanmas\u0131yla ortaya \u00e7\u0131kan iyimserli\u011fin k\u0131sa s\u00fcrede yerini karamsarl\u0131\u011fa b\u0131rakmaya ba\u015flad\u0131\u011f\u0131, ayr\u0131 ayr\u0131 konu\u015fuldu\u011funda Br\u00fcksel\u2019in Davuto\u011flu ve Ba\u011f\u0131\u015f\u2019tan farkl\u0131 mesajlar ald\u0131\u011f\u0131, Ankara\u2019daki AB b\u00fcy\u00fckel\u00e7ilerinin ele\u015ftiri ve \u00f6nerilerinin Ba\u015fbakan Tayyip Erdo\u011fan\u2019a tam aktar\u0131ld\u0131\u011f\u0131ndan dahi emin olmad\u0131klar\u0131, \u00e7\u00fcnk\u00fc Ankara\u2019da ho\u015fa gitmeyen \u015feyleri duymak istemeyen bir atmosferin egemen oldu\u011fu ve i\u015flerin genel olarak pek parlak gitmedi\u011fi y\u00f6n\u00fcnde olmu\u015f.<\/p>\n<p style=\"text-align: justify;\">Rehn bu a\u00e7\u0131kl\u0131kta olmasa da Reuters ile m\u00fclakat\u0131nda T\u00fcrkiye konusunda iyi bir havan\u0131n esmedi\u011fini s\u00f6ylemi\u015f. \u00d6rnek olarak sosyal politikalar ve istihdam fasl\u0131n\u0131n a\u00e7\u0131lmas\u0131 i\u00e7in \u015fart olan ve \u2018\u00fc\u00e7 y\u0131ld\u0131r talep edilen\u2019 sendikalar reformunun \u2018ocak ve nisanda s\u00f6z verilmi\u015f olmas\u0131na kar\u015f\u0131n\u2019 \u00e7\u0131kmamas\u0131n\u0131 vermi\u015f. Sadece bunlar de\u011fil, \u00f6rne\u011fin \u2018ifade \u00f6zg\u00fcrl\u00fc\u011f\u00fc ve medya\u2019 ile ilgili konular bulundu\u011funu vurgulanm\u0131\u015f. Rehn yine de AB \u00fclkelerinin ekonomik krizin su\u00e7unu geni\u015flemeye atmamas\u0131n\u0131 istemi\u015f m\u00fclakat\u0131nda.<\/p>\n<p style=\"text-align: justify;\">Ama bu, Va\u015fington toplant\u0131lar\u0131nda b\u0131rakal\u0131m H\u0131rvatistan\u2019\u0131 bir yana, b\u0131rakal\u0131m kriz ard\u0131ndan AB\u2019ye ba\u015fvuru e\u011filimine giren \u0130zlanda ve Norve\u00e7\u2019in k\u0131sa s\u00fcrede AB \u00fcyelik ihtimalini bir yana, S\u0131rbistan\u2019\u0131n dahi T\u00fcrkiye\u2019den \u00f6nce \u00fcye olma ihtimalinin konu\u015fulmas\u0131n\u0131 engellememi\u015f.<\/p>\n<p style=\"text-align: justify;\">Dolay\u0131s\u0131yla, Obama ve Sarkozy\u2019nin T\u00fcrkiye \u00fczerine m\u00fcnaka\u015fas\u0131n\u0131 daha iyi anlamak, i\u015fin ne kadar ciddi oldu\u011funu daha iyi kavramak, filmi birka\u00e7 g\u00fcn geriye sararak m\u00fcmk\u00fcn. AB \u0130\u015fleri Bakan\u0131 Ba\u011f\u0131\u015f, Sarkozy ve Merkel\u2019e \u2018Modeliniz Tayyip Erdo\u011fan m\u0131, Usame bin Ladin mi olsun?\u2019 diye sorarken muhakkak uluslararas\u0131 bir ter\u00f6ristle T\u00fcrk ba\u015fbakan\u0131n\u0131 kar\u015f\u0131la\u015ft\u0131rmay\u0131 de\u011fil, T\u00fcrkiye-AB ili\u015fkilerindeki sorunu tan\u0131mlamaya \u00e7al\u0131\u015f\u0131yordu. Ama belli ki Avrupal\u0131lar\u0131n zihnindeki soru o de\u011fil.<\/p>\n<p style=\"text-align: justify;\"><span style=\"color: #888888;\">Kaynak :Murat Yetkin &#8211;\u00a0Radikal<\/span><\/p>\n","protected":false},"excerpt":{"rendered":"<\/p>\n<p style=\"text-align: justify;\">ABD Ba\u015fkan\u0131 Barack Obama ile Fransa Cumhurba\u015fkan\u0131 Nicolas Sarkozy\u2019nin bir tek T\u00fcrkiye-AB konusunda anla\u015famad\u0131klar\u0131n\u0131 a\u00e7\u0131klamalar\u0131 san\u0131r\u0131m T\u00fcrkiye-AB ili\u015fkilerinin ne durumda oldu\u011funu anlat\u0131yor: Pek de h\u00fck\u00fcmetin yans\u0131tmak istedi\u011fi gibi de\u011fil.<\/p>\n<p style=\"text-align: justify;\">Obama-Sarkozy g\u00f6r\u00fc\u015fmesinde neler oldu\u011funu anlamak i\u00e7in filmi birka\u00e7 g\u00fcn geriye sar\u0131p toplant\u0131n\u0131n yap\u0131ld\u0131\u011f\u0131 Fransa\u2019n\u0131n Caen \u015fehrinden, ABD\u2019nin Va\u015fington \u015fehrine gitmek gerekiyor.<\/p>\n","protected":false},"author":1,"featured_media":0,"comment_status":"open","ping_status":"closed","sticky":false,"template":"","format":"standard","meta":{"footnotes":""},"categories":[105],"tags":[],"class_list":["post-9847","post","type-post","status-publish","format-standard","hentry","category-gundem","odd"],"_links":{"self":[{"href":"http:\/\/www.korhanyilmaz.com\/index.php?rest_route=\/wp\/v2\/posts\/9847","targetHints":{"allow":["GET"]}}],"collection":[{"href":"http:\/\/www.korhanyilmaz.com\/index.php?rest_route=\/wp\/v2\/posts"}],"about":[{"href":"http:\/\/www.korhanyilmaz.com\/index.php?rest_route=\/wp\/v2\/types\/post"}],"author":[{"embeddable":true,"href":"http:\/\/www.korhanyilmaz.com\/index.php?rest_route=\/wp\/v2\/users\/1"}],"replies":[{"embeddable":true,"href":"http:\/\/www.korhanyilmaz.com\/index.php?rest_route=%2Fwp%2Fv2%2Fcomments&post=9847"}],"version-history":[{"count":0,"href":"http:\/\/www.korhanyilmaz.com\/index.php?rest_route=\/wp\/v2\/posts\/9847\/revisions"}],"wp:attachment":[{"href":"http:\/\/www.korhanyilmaz.com\/index.php?rest_route=%2Fwp%2Fv2%2Fmedia&parent=9847"}],"wp:term":[{"taxonomy":"category","embeddable":true,"href":"http:\/\/www.korhanyilmaz.com\/index.php?rest_route=%2Fwp%2Fv2%2Fcategories&post=9847"},{"taxonomy":"post_tag","embeddable":true,"href":"http:\/\/www.korhanyilmaz.com\/index.php?rest_route=%2Fwp%2Fv2%2Ftags&post=9847"}],"curies":[{"name":"wp","href":"https:\/\/api.w.org\/{rel}","templated":true}]}}