{"id":9844,"date":"2009-06-08T10:22:43","date_gmt":"2009-06-08T08:22:43","guid":{"rendered":"http:\/\/www.korhanyilmaz.com\/?p=9844"},"modified":"2009-06-08T10:22:43","modified_gmt":"2009-06-08T08:22:43","slug":"iliskiler-bu-haldeyken-israilli-sirketler-mayin-isine-gelmez","status":"publish","type":"post","link":"http:\/\/www.korhanyilmaz.com\/?p=9844","title":{"rendered":"&#039;\u0130li\u015fkiler bu haldeyken \u0130srailli \u015firketler may\u0131n i\u015fine gelmez&#039;"},"content":{"rendered":"<p style=\"text-align: center;\"><img loading=\"lazy\" decoding=\"async\" class=\"aligncenter size-full wp-image-9845\" title=\"\u0130srail\u2019in eski m\u00fczakerecisi ve \u00fclkenin en b\u00fcy\u00fck d\u00fc\u015f\u00fcnce kurulu\u015fu INNS\u2019in Ba\u015fkan\u0131 emekli B\u00fcy\u00fckel\u00e7i Oded Eran\" src=\"http:\/\/www.korhanyilmaz.com\/wp-content\/uploads\/2009\/06\/fft5_mf186644.jpg\" alt=\"\u0130srail\u2019in eski m\u00fczakerecisi ve \u00fclkenin en b\u00fcy\u00fck d\u00fc\u015f\u00fcnce kurulu\u015fu INNS\u2019in Ba\u015fkan\u0131 emekli B\u00fcy\u00fckel\u00e7i Oded Eran\" width=\"306\" height=\"204\" \/><\/p>\n<p style=\"text-align: justify;\">Emekli B\u00fcy\u00fckel\u00e7i Eran, Radikal&#8217;e konu\u015ftu: May\u0131nl\u0131 arazilerin \u0130srailli firmalara verilece\u011fi iddialar\u0131 sa\u00e7mal\u0131k&#8230; \u0130ki taraf da Davos&#8217;u tarihin d\u0131\u015f\u0131nda b\u0131rakmak i\u00e7in \u00e7abal\u0131yor&#8230; Kuzey Irak&#8217;ta ba\u011f\u0131ms\u0131z K\u00fcrt devleti \u0130srail&#8217;in de\u011fil, \u0130ran&#8217;\u0131n \u00e7\u0131kar\u0131na&#8230;<\/p>\n<p style=\"text-align: justify;\">ANKARA &#8211; \u0130srail\u2019in eski m\u00fczakerecisi ve \u00fclkenin en b\u00fcy\u00fck d\u00fc\u015f\u00fcnce kurulu\u015fu INNS\u2019in Ba\u015fkan\u0131 emekli B\u00fcy\u00fckel\u00e7i Oded Eran, T\u00fcrkiye-Suriye s\u0131n\u0131r\u0131ndaki may\u0131nlar\u0131n temizlenmesi i\u015finin \u0130srailli \u015firketlere verilece\u011fi iddialar\u0131 i\u00e7in \u201cSa\u00e7mal\u0131k. \u0130li\u015fkiler bu haldeyken \u0130sraillilerin gelip b\u00f6yle bir i\u015fe girmesinin yolu yok\u201d dedi. \u0130srail a\u00e7\u0131s\u0131ndan Ba\u015fbakan Tayyip Erdo\u011fan\u2019\u0131n Davos\u2019taki \u00fcslubunun de\u011fil, s\u00f6ylediklerinin \u00fcz\u00fcc\u00fc oldu\u011funu ifade eden Eron, \u201cSadece politikac\u0131lar de\u011fil, b\u00fct\u00fcn israilliler, T\u00fcrkiye\u2019nin b\u00f6lgedeki a\u011f\u0131rl\u0131\u011f\u0131n\u0131 ve \u00f6nemini kabullendi\u011finden bu a\u00e7\u0131klamalar bizi endi\u015felendirdi. \u0130ki taraf da Davos\u2019u tarihin d\u0131\u015f\u0131nda b\u0131rakmak i\u00e7in \u00e7abal\u0131yor\u201d dedi. Eran, Radikal\u2019in sorular\u0131na \u015fu yan\u0131tlar\u0131 verdi:<!--more--><\/p>\n<p style=\"text-align: justify;\"><strong>Ba\u015fbakan Tayyip Erdo\u011fan\u2019\u0131n Davos\u2019taki sert \u00e7\u0131k\u0131\u015f\u0131 kar\u015f\u0131s\u0131nda h\u00fck\u00fcmetiniz tavr\u0131 olduk\u00e7a sakindi. Bunun nedeni neydi?<\/strong><\/p>\n<p style=\"text-align: justify;\">Davos olay\u0131nda \u00fcz\u00fcc\u00fc olan Erdo\u011fan\u2019\u0131n d\u00fc\u015f\u00fcncelerini ifade etmesi de\u011fil, Gazze\u2019de kar\u015f\u0131 kar\u015f\u0131ya oldu\u011fumuz durumla ilgili s\u00f6yledikleriydi. Tek tarafl\u0131 tutumun ortaya \u00e7\u0131kard\u0131\u011f\u0131 yanl\u0131\u015f anlamalar\u0131n T\u00fcrk halk\u0131na aynen yans\u0131t\u0131lmas\u0131yd\u0131. Burada konu \u00fcslup de\u011fil. \u00d6nemli olan s\u00f6ylenenlerdi. Sadece politikac\u0131lar de\u011fil, b\u00fct\u00fcn \u0130srailliler, T\u00fcrkiye\u2019nin b\u00f6lgedeki a\u011f\u0131rl\u0131\u011f\u0131n\u0131 ve \u00f6nemini kabullendi\u011finden bu a\u00e7\u0131klamalar bizi endi\u015felendirdi. Hamas\u2019\u0131, Hamas\u2019la pazarl\u0131\u011f\u0131 tart\u0131\u015fabilirsiniz fakat hi\u00e7bir devlet vatanda\u015flar\u0131n\u0131n g\u00fcvenli\u011fini tart\u0131\u015famaz. T\u00fcrkiye\u2019nin b\u00f6lgedeki rol\u00fcn\u00fc \u00e7ok takdir ediyoruz. T\u00fcrkiye\u2019nin Suriye ile aras\u0131nda olmas\u0131n \u0130srail i\u00e7in ya\u015famsal. T\u00fcrkiye\u2019ye g\u00fcveniyoruz ama Davos olay\u0131, T\u00fcrk h\u00fck\u00fcmetine duyulan g\u00fcvenin sorgulanmas\u0131na neden oldu. 150 bin \u0130srailli turist T\u00fcrkiye\u2019ye geliyor. T\u00fcrk toplumunun b\u00fcy\u00fck b\u00f6l\u00fcm\u00fcn\u00fcn M\u00fcsl\u00fcman oldu\u011funu bildikleri halde geliyorlar. Ancak b\u00f6yle bir a\u00e7\u0131klama ile kar\u015f\u0131la\u015f\u0131nca bunu bir d\u00fc\u015fmanl\u0131\u011f\u0131n yans\u0131mas\u0131 olarak alg\u0131layabilir ve gelmekten \u00e7ekinebilirler, gitmeyi iki kere d\u00fc\u015f\u00fcnebilirler. Duyduklar\u0131 \u00fcz\u00fcnt\u00fc b\u00f6yle ifade edilebilir. \u0130srail\u2019in tepkisi \u2018biz ili\u015fkileri k\u00fcsk\u00fcnl\u00fc\u011fe g\u00f6t\u00fcrmek istemiyoruz, \u00e7\u00fcnk\u00fc onlar \u00e7ok \u00f6nemli. Kar\u015f\u0131l\u0131kl\u0131 su\u00e7lamalar\u0131, s\u00f6zc\u00fckleri yar\u0131\u015ft\u0131rman\u0131n yeri yok. \u00c7\u00f6zmeye \u00e7al\u0131\u015fmal\u0131y\u0131z\u2019 s\u00f6yleminin yans\u0131mas\u0131d\u0131r. \u0130ki taraf da \u00e7\u0131karlar\u0131na, bu olay\u0131n yaratt\u0131\u011f\u0131 yaralar\u0131 sarmaya \u00e7al\u0131\u015fmal\u0131d\u0131r. Davos\u2019u tarihin d\u0131\u015f\u0131nda b\u0131rakmak i\u00e7in \u00e7abal\u0131yor<\/p>\n<p style=\"text-align: justify;\"><strong>T\u00fcrkiye\u2019nin b\u00f6lgedeki \u0130ran, Hizbullah, Hamas ve M\u00fcsl\u00fcman Karde\u015fler\u2019in yer ald\u0131\u011f\u0131 blo\u011fa yakla\u015ft\u0131\u011f\u0131 endi\u015fesi duyuyor musunuz?<\/strong><\/p>\n<p style=\"text-align: justify;\">Biz T\u00fcrkiye\u2019nin jeostratejik \u00f6nemini biliyoruz. T\u00fcrkiye \u00e7ok \u00f6nemlidir. T\u00fcrkiye, AB yoluna devam ediyor, T\u00fcrkiye AB \u00fcyesi olmal\u0131. En son AB\u2019de b\u00fcy\u00fckel\u00e7iydim. Muhataplar\u0131ma bunu anlat\u0131yordum. AB bunu dikkate almal\u0131. T\u00fcrkiye b\u00f6lgede m\u00fcttefik olarak kalmal\u0131.<\/p>\n<p style=\"text-align: justify;\"><strong>Hamas\u2019la diyalog<\/strong><\/p>\n<p style=\"text-align: justify;\"><strong>Ya\u015fananlardan sonra \u0130srail T\u00fcrkiye\u2019ye tam g\u00fcvenebilecek mi?<\/strong><\/p>\n<p style=\"text-align: justify;\">\u0130htiyac\u0131m\u0131z stratejik ili\u015fkileri yeniden ba\u015flatmak. Davos\u2019ta ya\u015fanan sadece Ba\u015fbakan\u2019\u0131n de\u011fil h\u00fck\u00fcmetin yakla\u015f\u0131m\u0131yd\u0131. Tam bir anla\u015fmaya varmak de\u011fil, ama diyalogu s\u00fcrd\u00fcrmek \u00f6nemli. T\u00fcrkiye Hamas\u2019la \u0130ran\u2019la diyalo\u011funu kessin demiyoruz. Fakat \u015fimdi kar\u015f\u0131l\u0131kl\u0131 g\u00fcven sorunu var. \u00c7abucak restore etmeliyiz.<\/p>\n<p style=\"text-align: justify;\">Hamas\u2019la ili\u015fkisi ele\u015ftiri konusu olan Davuto\u011flu\u2019nun D\u0131\u015fi\u015fleri Bakan\u0131 olmas\u0131 hakk\u0131nda ne d\u00fc\u015f\u00fcn\u00fcyorsunuz?<\/p>\n<p style=\"text-align: justify;\">Say\u0131n Davuto\u011flu\u2019nu ki\u015fisel olarak tan\u0131mam. Yorum yapmak do\u011fru olmaz. Ancak Hamas, ho\u015flanal\u0131m, ho\u015flanmayal\u0131m Gazze\u2019deki h\u00fck\u00fcmettir. G\u00fcnl\u00fck konular s\u00f6z konusu oldu\u011funda Hamas Gazze\u2019deki h\u00fck\u00fcmettir. E\u011fer T\u00fcrkiye Hamas ile diyalo\u011fu sayesinde Hamas ve Fetih aras\u0131ndaki s\u00fcrece, dolay\u0131s\u0131yla da izin verilen platformun y\u00fcr\u00fctt\u00fc\u011f\u00fc m\u00fczakerelere katk\u0131da bulunursa bu, \u0130srail taraf\u0131ndan kabul edilecek \u00f6nemli bir katk\u0131 olacakt\u0131r. E\u011fer T\u00fcrkiye, \u0130ranl\u0131lar\u0131 ikna edip ABD ile bir diyalog a\u00e7abilirse bu inan\u0131lmaz bir katk\u0131d\u0131r. T\u00fcrkiye\u2019nin Hamas ya da \u0130ran\u2019la a\u00e7\u0131k kanallara sahip olmas\u0131n\u0131 ele\u015ftirmiyorum. Yeterki yap\u0131c\u0131 ama\u00e7larla kullan\u0131ls\u0131n.<\/p>\n<p style=\"text-align: justify;\"><strong>\u0130yimsersiniz yani?<\/strong><\/p>\n<p style=\"text-align: justify;\">Hay\u0131r, ger\u00e7ek\u00e7iyim. Ortado\u011fu\u2019da sorunun \u00e7\u00f6z\u00fcm\u00fc i\u00e7in u\u011fra\u015fan, taraflar aras\u0131nda gidip gelenlerin say\u0131s\u0131 fazla de\u011fil. ABD var, Hamas\u2019la ili\u015fkisi ve de\u011fi\u015ftirme \u015fans\u0131 yok. M\u0131s\u0131r var, M\u00fcsl\u00fcman Karde\u015fler gibi i\u00e7 sorunlar\u0131 ve Gazze ile s\u0131n\u0131r\u0131 nedeniyle durumu karma\u015f\u0131k. T\u00fcrkiye\u2019nin konumu sadece Hamas a\u00e7\u0131s\u0131ndan da de\u011fil, Suriye ve belki L\u00fcbnan a\u00e7\u0131s\u0131ndan da ge\u00e7erli. Bu nedenle T\u00fcrkiye\u2019yi ciddi bir oyuncu olarak g\u00f6r\u00fcyoruz. Bu nedenle objektif olmayan, ger\u00e7ek durumu yans\u0131tmayan a\u00e7\u0131klamalar geldi\u011finde b\u00fcy\u00fck hayal k\u0131r\u0131kl\u0131klar\u0131 ya\u015f\u0131yoruz. Diplomasi ile onar\u0131labilmesini, yoluna konulmas\u0131n\u0131 umut ediyoruz.<\/p>\n<p style=\"text-align: justify;\"><strong>Kuzey Irak\u2019taki ba\u011f\u0131ms\u0131z K\u00fcrt devleti \u0130srail\u2019in stratejik \u00e7\u0131karlar\u0131na uyar m\u0131?<\/strong><\/p>\n<p style=\"text-align: justify;\">Hik\u00e2ye y\u0131llar \u00f6nce ilk g\u00fcndeme geldi\u011finde ba\u015fka bir Irak vard\u0131. \u0130srail\u2019in hi\u00e7bir \u00dcrd\u00fcn, M\u0131s\u0131r da dahil Arap \u00fclkesi taraf\u0131ndan tan\u0131nmad\u0131\u011f\u0131 ba\u015fka bir Ortado\u011fu vard\u0131. \u0130srail izole edilmi\u015fti ve \u00e7e\u015fitli m\u00fcttefikler ar\u0131yordu. \u0130ran\u2019da \u015eah y\u00f6netimi vard\u0131. Bug\u00fcn bir\u00e7ok konu de\u011fi\u015fti. Ortado\u011fu\u2019nun siyasi sistemini par\u00e7alayacak bir yap\u0131n\u0131n \u0130srail\u2019in \u00e7\u0131karlar\u0131na olaca\u011f\u0131n\u0131 d\u00fc\u015f\u00fcnm\u00fcyorum. Irak\u2019\u0131 ikiye \u00fc\u00e7e par\u00e7alamak \u0130ran\u2019a yarar. \u0130ran G\u00fcney Irak\u2019\u0131n kontrol\u00fcn\u00fc eline alabilir. Irak\u2019taki devletin T\u00fcrkiye ile ya\u015fayaca\u011f\u0131 gerilim b\u00f6lgedeki istikrar\u0131 bozar. Ge\u00e7mi\u015fteki baz\u0131 \u00e7\u0131karlar bug\u00fcn ge\u00e7erli olmuyor. Tam ba\u011f\u0131ms\u0131z bir K\u00fcrt devleti \u0130srail\u2019in yarar\u0131na olmaz.<\/p>\n<p style=\"text-align: justify;\"><strong>T\u00fcrkiye\u2019deki may\u0131n temizleme tart\u0131\u015fmas\u0131n\u0131 takip ettiniz mi?<\/strong><\/p>\n<p style=\"text-align: justify;\">Sa\u00e7mal\u0131k. Uzmanlar\u0131m\u0131z var m\u0131? Var. Para kazanmak isteyen \u015firketlerimiz var m\u0131? Var. \u0130li\u015fkiler bu haldeyken, \u0130sraillilerin gelip b\u00f6yle bir i\u015fe girmesinin yolu yok.\u2019<\/p>\n<p style=\"text-align: justify;\">ABD g\u00fc\u00e7leri \u00e7ekilince&#8230;<\/p>\n<p style=\"text-align: justify;\"><strong>B\u00f6lgede 10-15 y\u0131l i\u00e7inde ne t\u00fcr iyi ve k\u00f6t\u00fc senaryolar ya\u015fanabilir?<\/strong><\/p>\n<p style=\"text-align: justify;\">ABD g\u00fc\u00e7leri \u00e7ekildikten sonra Irak k\u00f6t\u00fcle\u015febilir. Pakistan da\u011f\u0131labilir. \u0130ran k\u00f6rfezinde karga\u015fa ya\u015fanabilir, bu b\u00fct\u00fcn enerji pazar\u0131n\u0131 alt\u00fcst edebilir. \u0130srail ile bir ya da iki kom\u015fusu aras\u0131nda sorun \u00e7\u0131kabilir. L\u00fcbnan\u2019da Hizbullah, Filistin\u2019de Hamas, M\u0131s\u0131r\u2019da M\u00fcsl\u00fcman Karde\u015fler se\u00e7im zaferi kazanabilir. Bunlar b\u00f6lge \u00fczerindeki ciddi tehditler. Di\u011fer taraf\u0131nda b\u00f6lgede bu tehditler daha iyi anla\u015f\u0131labiliyor. B\u00fct\u00fcn y\u0131k\u0131c\u0131 olas\u0131l\u0131klara kar\u015f\u0131 pozitif unsurlar da mevcut. B\u00fcy\u00fck ebeveynlerime \u00dcrd\u00fcn\u2019deki ikinci \u0130srail b\u00fcy\u00fckel\u00e7isi olaca\u011f\u0131m\u0131, Arafat\u2019\u0131n elini s\u0131kaca\u011f\u0131m\u0131 s\u00f6ylesem, psikiyatriste gitmemi isterlerdi. Yani yava\u015f ilerlese de lineer bir ilerleme var.<\/p>\n<p style=\"text-align: justify;\"><span style=\"color: #888888;\">Kaynak :\u00a0DEN\u0130Z ZEYREK &#8211; Radikal<\/span><\/p>\n","protected":false},"excerpt":{"rendered":"<p style=\"text-align: center;\">\n<p style=\"text-align: justify;\">Emekli B\u00fcy\u00fckel\u00e7i Eran, Radikal&#8217;e konu\u015ftu: May\u0131nl\u0131 arazilerin \u0130srailli firmalara verilece\u011fi iddialar\u0131 sa\u00e7mal\u0131k&#8230; \u0130ki taraf da Davos&#8217;u tarihin d\u0131\u015f\u0131nda b\u0131rakmak i\u00e7in \u00e7abal\u0131yor&#8230; Kuzey Irak&#8217;ta ba\u011f\u0131ms\u0131z K\u00fcrt devleti \u0130srail&#8217;in de\u011fil, \u0130ran&#8217;\u0131n \u00e7\u0131kar\u0131na&#8230;<\/p>\n<p style=\"text-align: justify;\">ANKARA &#8211; \u0130srail\u2019in eski m\u00fczakerecisi ve \u00fclkenin en b\u00fcy\u00fck d\u00fc\u015f\u00fcnce kurulu\u015fu INNS\u2019in Ba\u015fkan\u0131 emekli B\u00fcy\u00fckel\u00e7i Oded Eran, T\u00fcrkiye-Suriye <\/p>\n","protected":false},"author":1,"featured_media":0,"comment_status":"open","ping_status":"closed","sticky":false,"template":"","format":"standard","meta":{"footnotes":""},"categories":[105],"tags":[],"class_list":["post-9844","post","type-post","status-publish","format-standard","hentry","category-gundem","odd"],"_links":{"self":[{"href":"http:\/\/www.korhanyilmaz.com\/index.php?rest_route=\/wp\/v2\/posts\/9844","targetHints":{"allow":["GET"]}}],"collection":[{"href":"http:\/\/www.korhanyilmaz.com\/index.php?rest_route=\/wp\/v2\/posts"}],"about":[{"href":"http:\/\/www.korhanyilmaz.com\/index.php?rest_route=\/wp\/v2\/types\/post"}],"author":[{"embeddable":true,"href":"http:\/\/www.korhanyilmaz.com\/index.php?rest_route=\/wp\/v2\/users\/1"}],"replies":[{"embeddable":true,"href":"http:\/\/www.korhanyilmaz.com\/index.php?rest_route=%2Fwp%2Fv2%2Fcomments&post=9844"}],"version-history":[{"count":0,"href":"http:\/\/www.korhanyilmaz.com\/index.php?rest_route=\/wp\/v2\/posts\/9844\/revisions"}],"wp:attachment":[{"href":"http:\/\/www.korhanyilmaz.com\/index.php?rest_route=%2Fwp%2Fv2%2Fmedia&parent=9844"}],"wp:term":[{"taxonomy":"category","embeddable":true,"href":"http:\/\/www.korhanyilmaz.com\/index.php?rest_route=%2Fwp%2Fv2%2Fcategories&post=9844"},{"taxonomy":"post_tag","embeddable":true,"href":"http:\/\/www.korhanyilmaz.com\/index.php?rest_route=%2Fwp%2Fv2%2Ftags&post=9844"}],"curies":[{"name":"wp","href":"https:\/\/api.w.org\/{rel}","templated":true}]}}