{"id":9838,"date":"2009-06-08T10:11:00","date_gmt":"2009-06-08T07:11:00","guid":{"rendered":"http:\/\/www.korhanyilmaz.com\/?p=9838"},"modified":"2009-06-08T10:11:00","modified_gmt":"2009-06-08T07:11:00","slug":"seferihisar-ayaklanmasindan-aziz-nesinlik-bir-oyku-cikti","status":"publish","type":"post","link":"http:\/\/www.korhanyilmaz.com\/?p=9838","title":{"rendered":"&#039;Seferihisar ayaklanmas\u0131&#039;ndan Aziz Nesin&#039;lik bir \u00f6yk\u00fc \u00e7\u0131kt\u0131"},"content":{"rendered":"<p style=\"text-align: center;\"><img loading=\"lazy\" decoding=\"async\" class=\"aligncenter size-full wp-image-9839\" src=\"http:\/\/www.korhanyilmaz.com\/wp-content\/uploads\/2009\/06\/fft28_mf186621.jpg\" alt=\"\" width=\"306\" height=\"204\" \/><\/p>\n<p style=\"text-align: justify;\">D\u00f6rt y\u0131l \u00f6nceki olaylar\u0131 park kavgas\u0131 ba\u015flatm\u0131\u015ft\u0131. PKK&#8217;l\u0131 diye lin\u00e7 edilmek istenen be\u015f ki\u015fi Arap&#8217;t\u0131. &#8216;Slogan at\u0131p jandarmaya sald\u0131rd\u0131lar&#8217; diyen tan\u0131klar g\u00f6rmemi\u015f &#8216;duymu\u015f&#8217;tu. Ma\u011fdurlara ceza yerine bo\u015funa yat\u0131lan hapis nedeniyle tazminat \u00e7\u0131kt\u0131<\/p>\n<p style=\"text-align: justify;\">\u0130STANBUL &#8211; \u0130zmir Seferihisar\u2019a ba\u011fl\u0131 \u00dcrkmez\u2019i d\u00f6rt y\u0131l \u00f6nce yang\u0131n yerine \u00e7eviren gerilimin sebebi basit bir park yeri kavgas\u0131yd\u0131. Fakat, hatal\u0131 park eden ara\u00e7tan biri Diyarbak\u0131r plakal\u0131, ara\u00e7tan \u00e7\u0131k\u0131p jandarma trafik eriyle tart\u0131\u015fanlar Diyarbak\u0131rl\u0131 olunca, \u00f6nce \u201cPKK\u2019l\u0131lar asker d\u00f6vd\u00fc\u201d s\u00f6ylentisi yay\u0131ld\u0131, ard\u0131ndan b\u00fct\u00fcn belde \u00fczerlerine \u00e7ulland\u0131. Ve i\u015fte Aziz Nesin\u2019lik \u00f6yk\u00fc b\u00f6yle ba\u015flad\u0131. Be\u015f ki\u015fi, \u201cBiz K\u00fcrt bile de\u011filiz. Arab\u0131z\u201d deseler de Adliye binas\u0131 \u00f6n\u00fcnde ve cezaevine g\u00f6t\u00fcr\u00fcl\u00fcrken lin\u00e7 giri\u015fiminden kurtulamad\u0131lar. \u00dcst\u00fcne bir de tutukland\u0131lar. Jandarmada, \u201cSlogan at\u0131p sopa ve b\u0131\u00e7akla sald\u0131rd\u0131lar\u201d diyen 38 tan\u0131k, savc\u0131l\u0131kta, \u201cG\u00f6rmedik, biz duyduklar\u0131m\u0131z\u0131 anlatt\u0131k\u201d dedi. Be\u015f ma\u011fdurun davas\u0131 d\u00f6rt y\u0131l s\u00fcrd\u00fc. Karar m\u0131? \u0130kisine \u2018memura direnmek\u2019ten verilen ceza ertelenirken, \u00fc\u00e7\u00fc bo\u015funa cezaevinde yatt\u0131klar\u0131 i\u00e7in tazminat kazand\u0131.<!--more--><\/p>\n<p style=\"text-align: justify;\"><strong>Pasta alacaklard\u0131<\/strong><\/p>\n<p style=\"text-align: justify;\">Seferihisar il\u00e7esine ba\u011fl\u0131 \u00dcrkmez Beldesi 21-22 A\u011fustos 2005\u2019te y\u0131l\u0131n en s\u0131cak yaz\u0131n\u0131 ya\u015fad\u0131. O pazar g\u00fcn\u00fc, Naim Do\u011fan Balg\u00fcn\u2019\u00fcn 32. do\u011fumg\u00fcn\u00fcyd\u00fc. Denize gittiler. Naim Do\u011fan\u2019\u0131n Diyarbak\u0131r plakal\u0131 arac\u0131nda, e\u015fi, k\u0131z\u0131, iki karde\u015fi, yengesi ve ye\u011feni vard\u0131. Di\u011fer ara\u00e7ta ise Balg\u00fcn\u2019lerin k\u0131z karde\u015fi, e\u015fi ve o\u011fullar\u0131 bulunuyordu. D\u00f6n\u00fc\u015fte, saat 20.00\u2019de pasta almak i\u00e7in pazar yerine geldiler. Arkada\u015flar\u0131 U\u011fur Tan\u0131k da aileyi g\u00f6r\u00fcnce onlara kat\u0131ld\u0131. Yan\u0131nda annesi vard\u0131. \u00dc\u00e7 ara\u00e7 kahvehane \u00f6n\u00fcne park etti.<\/p>\n<p style=\"text-align: justify;\">Naim Do\u011fan Balg\u00fcn\u2019\u00fcn ertesi g\u00fcn savc\u0131l\u0131kta verdi\u011fi ifadeye g\u00f6re kahvehanede oturan jandarma B\u00fclent Ko\u00e7 \u201cArac\u0131 \u00e7ekin!\u201d dedi. Balg\u00fcn, \u201cPasta al\u0131p d\u00f6n\u00fcyoruz\u201d dese de kavga patlad\u0131: \u201cBir anda masa ve sandalyeler u\u00e7u\u015ftu. Halk galeyana gelip sald\u0131rd\u0131. Arabama bindik.\u201d<\/p>\n<p style=\"text-align: justify;\">Be\u015f ki\u015fiye g\u00f6re; lince kar\u015f\u0131 jandarma arac\u0131na al\u0131nd\u0131lar. Bu kez o arac\u0131n \u00f6n\u00fc kesildi. \u0130ddiaya g\u00f6re, aile ara\u00e7ta, yolda ve Do\u011fanbey Jandarma Karakolu\u2019nda d\u00f6v\u00fcld\u00fc.<\/p>\n<p style=\"text-align: justify;\">\u00d6nce Balg\u00fcn\u2019ler, ard\u0131ndan kalabal\u0131k karakola gitti. Jandarman\u0131n tuttu\u011fu tutana\u011fa g\u00f6re, iki ara\u00e7 yasak yere park edince uyar\u0131lm\u0131\u015f, be\u015f ki\u015fi kendilerine sald\u0131rm\u0131\u015ft\u0131. Ve sonra:<\/p>\n<p style=\"text-align: justify;\">\u201cBu ki\u015filerin \u2018\u0130stedi\u011fimiz yere park ederiz, siz kimsiniz, \u00e7ok asker sinkaf ettik\u2019 diyerek ekibin \u00fczerine y\u00fcr\u00fcy\u00fcp vurduklar\u0131, hepsi bir anda, \u2018Kahrolsun asker, ya\u015fas\u0131n PKK\u2019 diye slogan att\u0131klar\u0131, vatanda\u015flar\u0131n araya girme \u00e7abas\u0131na kar\u015f\u0131n Eyy\u00fcp Balg\u00fcn\u2019\u00fcn arabadan \u00e7\u0131kartt\u0131\u011f\u0131 b\u0131\u00e7a\u011f\u0131, \u2018Hepinizin anas\u0131n\u0131 sinkaf etmeye geldik, sald\u0131r\u0131n askere\u2019 diyerek vatanda\u015flar\u0131 galeyana getirmeye \u00e7al\u0131\u015ft\u0131klar\u0131, ta\u015f ve sopalarla jandarmaya sald\u0131rd\u0131klar\u0131, bunun \u00fczerine vatanda\u015flar\u0131n lin\u00e7 giri\u015fiminde bulunduklar\u0131&#8230;\u201d<\/p>\n<p style=\"text-align: justify;\">Tutana\u011f\u0131 \u00fc\u00e7 jandarma ve 38 \u00dcrkmezli imzalad\u0131.<\/p>\n<p style=\"text-align: justify;\"><strong>\u2018Halk bize sahip \u00e7\u0131kt\u0131\u2019<\/strong><\/p>\n<p style=\"text-align: justify;\">Ard\u0131ndan jandarmalar ve 38 \u00dcrkmezli\u2019nin \u2018ma\u011fdur, tan\u0131k ve \u015fik\u00e2yet\u00e7i\u2019 olarak ifadesi al\u0131nd\u0131. Ko\u00e7\u2019a g\u00f6re Naim Do\u011fan Balg\u00fcn park i\u00e7in direnmi\u015f, k\u00fcfrederek vurmu\u015f; Veysel Ferit Balg\u00fcn de yumruk atm\u0131\u015ft\u0131. Balg\u00fcnler, halka el kol hareketi yapm\u0131\u015ft\u0131. Jandarma Levent Ta\u015ftan, ka\u015f\u0131n\u0131n patlad\u0131\u011f\u0131n\u0131 s\u00f6yl\u00fcyor, \u201cBize vurduklar\u0131n\u0131 g\u00f6ren halk \u015fah\u0131slar\u0131 sopalarla d\u00f6vmeye ba\u015flad\u0131\u201d diyordu. \u0130ki jandarma daha \u015fik\u00e2yet\u00e7iydi.<\/p>\n<p style=\"text-align: justify;\">Sonra 38 \u00dcrkmezli ifade verdi. Bir \u00f6rnek ifadelerde jandarmaya direnildi\u011fi, k\u00fcfredildi\u011fi, yumruk, sopa ve yumrukla vuruldu\u011fu, b\u0131\u00e7akla sald\u0131r\u0131ld\u0131\u011f\u0131 ve PKK lehine slogan at\u0131ld\u0131\u011f\u0131 \u00f6ne s\u00fcr\u00fcl\u00fcyordu.<\/p>\n<p style=\"text-align: justify;\">Be\u015f ki\u015fi ertesi g\u00fcn \u00e7\u0131kar\u0131ld\u0131klar\u0131 Seferihisar Ba\u015fsavc\u0131l\u0131\u011f\u0131\u2019nda darp ve slogan iddias\u0131n\u0131 reddetti. \u201cK\u00fcrt de\u011fil, Arab\u0131z\u201d diyorlard\u0131. En \u00e7ok PKK iddias\u0131na \u00fcz\u00fclm\u00fc\u015flerdi. Veysel Ferit Balg\u00fcn, \u015fa\u015fk\u0131nd\u0131: \u201cAskere laf s\u00f6ylemedim, s\u00f6yleyenin de Allah belas\u0131n\u0131 versin! Arap k\u00f6kenliyim. Olay niye bu boyuta geldi, bilmiyorum.\u201d<\/p>\n<p style=\"text-align: justify;\">\u0130fade al\u0131n\u0131rken 1500 \u00dcrkmezli d\u0131\u015farda \u201cKahrolsun PKK\u201d diye slogan at\u0131yordu. \u0130ki \u015f\u00fcpheli, rapor i\u00e7in hastaneye g\u00f6t\u00fcr\u00fcl\u00fcrken lin\u00e7e kalk\u0131\u015f\u0131l\u0131nca ek kuvvet getirildi. \u2018G\u00f6revi yapt\u0131rmamak i\u00e7in direnme, yaralama ve Ter\u00f6rle M\u00fccadele Yasas\u0131\u2019na muhalefet\u2019ten tutuklanmalar\u0131 bile \u00dcrkmezlileri teskin etmedi. Cezaevine nakil s\u0131ras\u0131nda da lince kalk\u0131\u015f\u0131ld\u0131.<\/p>\n<p style=\"text-align: justify;\"><strong>\u2018Arkada\u015flar s\u00f6yledi!\u2019<\/strong><\/p>\n<p style=\"text-align: justify;\">Ancak bu ak\u0131l tutulmas\u0131 \u00e7ok s\u00fcrmedi. Savc\u0131l\u0131k, tan\u0131k \u00dcrkmezlileri yeniden ifadeye \u00e7a\u011f\u0131r\u0131nca tam bir \u015fa\u015fk\u0131nl\u0131k ya\u015fand\u0131. \u00c7o\u011fu tan\u0131k gibi Abit Ballan da kimin kime vurdu\u011funu g\u00f6rmemi\u015fti: \u201cJandarman\u0131n d\u00f6v\u00fcld\u00fc\u011f\u00fc, d\u00f6venlerin PKK\u2019l\u0131 oldu\u011fu s\u00f6yleniyordu.\u201d Peki, karakolda neden yanl\u0131\u015f ifade vermi\u015fti? \u201cVatanda\u015flar, \u2018Gidelim, \u015fik\u00e2yet\u00e7i olal\u0131m. Askerimizi nas\u0131l d\u00f6verler\u2019 deyince gittim. Duyduklar\u0131m\u0131 s\u00f6ylemi\u015fim. Okumadan imzalad\u0131m. \u00c7\u00fcnk\u00fc \u00e7ok kalabal\u0131kt\u0131.\u201d<\/p>\n<p style=\"text-align: justify;\">Hasan Soner Ye\u015filova ve Ahmet Tekin olay\u0131 g\u00f6rmeden tan\u0131k olmu\u015ftu. Ayd\u0131n K\u00fc\u00e7\u00fckkural ise olaydan sonra gelmi\u015f, gelmi\u015fken imza atm\u0131\u015ft\u0131. \u201cDuydu\u011fumuzu anlatt\u0131k\u201d diyen d\u00f6rt tatilci vard\u0131. Jandarman\u0131n darp edildi\u011fini \u00f6ne s\u00fcren az say\u0131daki tan\u0131k bile slogan at\u0131ld\u0131\u011f\u0131 ve b\u0131\u00e7ak \u00e7ekildi\u011fini do\u011frulam\u0131yordu.<\/p>\n<p style=\"text-align: justify;\">\u0130fadeler sonras\u0131 \u00fc\u00e7 ara\u00e7ta bulunan U\u011fur Tan\u0131k, Halil \u0130brahim Bed\u00fck ve Eyy\u00fcp Balg\u00fcn 2 Eyl\u00fcl\u2019de, Veysel Ferit ve Naim Do\u011fan Balg\u00fcn ise 13 Eyl\u00fcl\u2019de tahliye edildi. Be\u015f ma\u011fdur T\u00fcrkiye \u0130nsan Haklar\u0131 Vakf\u0131\u2019na ba\u015fvurdu. Rapora g\u00f6re t\u00fcm\u00fc darp g\u00f6rm\u00fc\u015ft\u00fc. Naim Do\u011fan Bayg\u00fcn\u2019\u00fcn burnu, karde\u015finin kaburgas\u0131 k\u0131r\u0131kt\u0131. Savc\u0131l\u0131k 30 Aral\u0131k 2005\u2019te haz\u0131rlad\u0131\u011f\u0131 iddianamede, Naim Do\u011fan Balg\u00fcn i\u00e7in \u2018g\u00f6revi yapt\u0131rmamak i\u00e7in direnme, kasten kamu g\u00f6revlisini yaralama ve hakaret\u2019ten, d\u00f6rd\u00fc i\u00e7in \u2018g\u00f6revi yapt\u0131rmamak i\u00e7in \u2018direnme\u2019den dava a\u00e7\u0131ld\u0131. Aralar\u0131nda, CHP\u2019li \u00dcrkmez Belediye Ba\u015fkan\u0131 Osman \u00dcrkmez\u2019in de bulundu\u011fu lin\u00e7 \u015f\u00fcphelileri ve jandarmalar hakk\u0131nda \u2018takipsizlik\u2019 \u00e7\u0131kt\u0131. Kararda, lin\u00e7\u00e7iler i\u00e7in \u201cKim olduklar\u0131 tespit edilemeyen halk kitlesi\u201d deniliyordu.<\/p>\n<p style=\"text-align: justify;\">Karara itiraz edildi. \u00dcst mahkeme, Ba\u015fkan \u00dcrkmez\u2019in yarg\u0131lanmas\u0131na izin verdi. \u00dcrkmez, \u2018kasten yaralama\u2019dan beraat etti. Aziz Nesin\u2019lik hik\u00e2ye, ge\u00e7en ay bitti. Be\u015f ma\u011fdurun son duru\u015fmas\u0131, 5 May\u0131s\u2019tayd\u0131. Naim Do\u011fan ve Veysel Ferit Balg\u00fcn\u2019e, \u2018memura direnme\u2019den alt\u0131\u015far ay 20\u2019\u015fer g\u00fcn hapis verilirken, cezan\u0131n a\u00e7\u0131klanmas\u0131 geriye b\u0131rak\u0131ld\u0131. \u00dc\u00e7 san\u0131\u011fa ceza verilmedi\u011fi gibi, yatt\u0131klar\u0131 cezaya kar\u015f\u0131l\u0131k tazminata h\u00fckmedildi.<\/p>\n<p style=\"text-align: justify;\"><strong>H\u00e2l\u00e2 korkuyorlar<\/strong><\/p>\n<p style=\"text-align: justify;\">Avukat Kemal K\u0131rlang\u0131\u00e7 lin\u00e7 giri\u015fimcilerinin yarg\u0131lanmamas\u0131n\u0131 \u201cG\u00f6revliler hukuken korundu\u201d diye yorumluyor. M\u00fcvekkillerinin tazminat i\u00e7in ba\u015fvurmay\u0131, yarg\u0131 kararlar\u0131n\u0131 A\u0130HM\u2019e g\u00f6t\u00fcrmeyi d\u00fc\u015f\u00fcnmediklerini anlatan K\u0131rlang\u0131\u00e7, \u201cDevleti kar\u015f\u0131lar\u0131na almak istemiyorlar\u201d diyor.<\/p>\n<p style=\"text-align: justify;\"><span style=\"color: #888888;\">Kaynak :\u00a0\u0130SMA\u0130L SAYMAZ &#8211; Radikal<\/span><\/p>\n","protected":false},"excerpt":{"rendered":"<p style=\"text-align: center;\">\n<p style=\"text-align: justify;\">D\u00f6rt y\u0131l \u00f6nceki olaylar\u0131 park kavgas\u0131 ba\u015flatm\u0131\u015ft\u0131. PKK&#8217;l\u0131 diye lin\u00e7 edilmek istenen be\u015f ki\u015fi Arap&#8217;t\u0131. &#8216;Slogan at\u0131p jandarmaya sald\u0131rd\u0131lar&#8217; diyen tan\u0131klar g\u00f6rmemi\u015f &#8216;duymu\u015f&#8217;tu. Ma\u011fdurlara ceza yerine bo\u015funa yat\u0131lan hapis nedeniyle tazminat \u00e7\u0131kt\u0131<\/p>\n<p style=\"text-align: justify;\">\u0130STANBUL &#8211; \u0130zmir Seferihisar\u2019a ba\u011fl\u0131 \u00dcrkmez\u2019i d\u00f6rt y\u0131l \u00f6nce yang\u0131n yerine \u00e7eviren gerilimin sebebi basit bir <\/p>\n","protected":false},"author":1,"featured_media":0,"comment_status":"open","ping_status":"closed","sticky":false,"template":"","format":"standard","meta":{"footnotes":""},"categories":[105],"tags":[],"class_list":["post-9838","post","type-post","status-publish","format-standard","hentry","category-gundem","odd"],"_links":{"self":[{"href":"http:\/\/www.korhanyilmaz.com\/index.php?rest_route=\/wp\/v2\/posts\/9838","targetHints":{"allow":["GET"]}}],"collection":[{"href":"http:\/\/www.korhanyilmaz.com\/index.php?rest_route=\/wp\/v2\/posts"}],"about":[{"href":"http:\/\/www.korhanyilmaz.com\/index.php?rest_route=\/wp\/v2\/types\/post"}],"author":[{"embeddable":true,"href":"http:\/\/www.korhanyilmaz.com\/index.php?rest_route=\/wp\/v2\/users\/1"}],"replies":[{"embeddable":true,"href":"http:\/\/www.korhanyilmaz.com\/index.php?rest_route=%2Fwp%2Fv2%2Fcomments&post=9838"}],"version-history":[{"count":0,"href":"http:\/\/www.korhanyilmaz.com\/index.php?rest_route=\/wp\/v2\/posts\/9838\/revisions"}],"wp:attachment":[{"href":"http:\/\/www.korhanyilmaz.com\/index.php?rest_route=%2Fwp%2Fv2%2Fmedia&parent=9838"}],"wp:term":[{"taxonomy":"category","embeddable":true,"href":"http:\/\/www.korhanyilmaz.com\/index.php?rest_route=%2Fwp%2Fv2%2Fcategories&post=9838"},{"taxonomy":"post_tag","embeddable":true,"href":"http:\/\/www.korhanyilmaz.com\/index.php?rest_route=%2Fwp%2Fv2%2Ftags&post=9838"}],"curies":[{"name":"wp","href":"https:\/\/api.w.org\/{rel}","templated":true}]}}