{"id":9832,"date":"2009-06-08T09:41:22","date_gmt":"2009-06-08T06:41:22","guid":{"rendered":"http:\/\/www.korhanyilmaz.com\/?p=9832"},"modified":"2009-06-08T09:41:22","modified_gmt":"2009-06-08T06:41:22","slug":"emniyet-2003te-ust-duzey-komutanlari-dinledi","status":"publish","type":"post","link":"http:\/\/www.korhanyilmaz.com\/?p=9832","title":{"rendered":"&#039;Emniyet 2003&#039;te \u00fcst d\u00fczey komutanlar\u0131 dinledi&#039;"},"content":{"rendered":"<p style=\"text-align: center;\"><img loading=\"lazy\" decoding=\"async\" class=\"aligncenter size-full wp-image-9833\" src=\"http:\/\/www.korhanyilmaz.com\/wp-content\/uploads\/2009\/06\/fft28_mf186710.jpg\" alt=\"\" width=\"306\" height=\"204\" \/><\/p>\n<p style=\"text-align: justify;\">Emekli Albay Erdal Sar\u0131zeybek, yeni kitab\u0131nda Ergenekon kapsam\u0131nda tutuklanan komutanlar\u0131n daha \u00f6nceden dinlendiklerini iddia etti. Sar\u0131zeybek, savc\u0131 Zekeriya \u00d6z&#8217;\u00fcn de 2008&#8217;de kendisini \u0130stanbul&#8217;a \u00e7a\u011f\u0131rd\u0131\u011f\u0131nda \u201cSiz iyi bir subaym\u0131\u015fs\u0131n\u0131z\u201d dedi\u011fini, Avc\u0131&#8217;n\u0131n da bu g\u00f6r\u00fc\u015fmeden 4 y\u0131l \u00f6nce kendisine ayn\u0131 \u015feyleri s\u00f6yledi\u011fini anlatt\u0131. Kendisinin muhbir durumuna d\u00fc\u015f\u00fcr\u00fclmek istendi\u011fini belirten Sar\u0131zeybek, \u201cBu benzerli\u011fe k\u0131zd\u0131m. Bu nedenle a\u00e7\u0131klama gere\u011fi duyuyorum\u201d dedi.<\/p>\n<p style=\"text-align: justify;\">\u0130STANBUL &#8211; Ergenekon soru\u015fturmas\u0131n\u0131n \u00dcmraniye\u2019de ele ge\u00e7irilen el bombalar\u0131yla ba\u015flad\u0131\u011f\u0131 iddias\u0131n\u0131 yalanlayan emekli Albay Erdal Sar\u0131zeybek, 2003 y\u0131l\u0131ndan itibaren Genelkurmay Ba\u015fkanl\u0131\u011f\u0131\u2019ndaki \u00fcst d\u00fczey komutanlar\u0131n Emniyet Genel M\u00fcd\u00fcrl\u00fc\u011f\u00fc \u0130stihbarat Daire Ba\u015fkanl\u0131\u011f\u0131 taraf\u0131ndan dinlendi\u011fini iddia etti. Bu iddias\u0131n\u0131 son kitab\u0131na ta\u015f\u0131yan Sar\u0131zeybek, d\u00f6nemin \u0130stihbarat Daire Ba\u015fkan\u0131 Hanefi Avc\u0131\u2019n\u0131n kendisini 2004 y\u0131l\u0131 nisan ay\u0131 sonunda g\u00f6r\u00fc\u015fmeye \u00e7a\u011f\u0131rd\u0131\u011f\u0131n\u0131 ve kendisine bu g\u00f6r\u00fc\u015fmede halen Ergenekon soru\u015fturmas\u0131 kapsam\u0131nda tutuklu-tutuksuz yarg\u0131lanan \u00fcst d\u00fczey komutanlar\u0131n teknik takibe tak\u0131ld\u0131klar\u0131n\u0131 a\u00e7\u0131klad\u0131\u011f\u0131n\u0131 yazd\u0131.<!--more--><\/p>\n<p style=\"text-align: justify;\">Cumhuriyet gazetesinden Aykut k\u00fc\u00e7\u00fckkaya&#8217;n\u0131n haberine g\u00f6re Ergenekon soru\u015fturmas\u0131 kapsam\u0131nda ismi g\u00fcndeme s\u0131k\u00e7a gelen Sar\u0131zeybek operasyonla ilgili ku\u015fkular\u0131n\u0131 ve albay r\u00fctbesiyle g\u00f6revde oldu\u011fu d\u00f6nemde ya\u015fad\u0131klar\u0131n\u0131 \u201cErgenekon G\u00f6lgesinde \u0130haneti Ya\u015famak\u201d adl\u0131 kitab\u0131nda kaleme ald\u0131. Sar\u0131zeybek bu kitapta soru\u015fturman\u0131n seyrini de\u011fi\u015ftirebilecek \u00e7ok \u00f6nemli bir iddiay\u0131 g\u00fcndeme getirdi. 2004 y\u0131l\u0131 nisan ay\u0131 sonunda Emniyet Genel M\u00fcd\u00fcrl\u00fc\u011f\u00fc \u0130stihbarat Daire Ba\u015fkan\u0131 Hanefi Avc\u0131\u2019n\u0131n, bir Emniyet M\u00fcd\u00fcr\u00fc arac\u0131l\u0131\u011f\u0131yla kendisiyle g\u00f6r\u00fc\u015fme talebinde bulundu\u011funu ve bu talebi kabul etti\u011fini s\u00f6yleyen Sar\u0131zeybek, Avc\u0131\u2019yla 2004 Nisan ay\u0131 sonunda K\u0131z\u0131lay b\u00f6lgesindeki emniyetin istihbarat kararg\u00e2h\u0131nda Avc\u0131\u2019n\u0131n makam odas\u0131nda bulu\u015ftu\u011funu a\u00e7\u0131klad\u0131. Sar\u0131zeybek\u2019in kitab\u0131nda Avc\u0131\u2019yla ge\u00e7en diyalo\u011fun bir b\u00f6l\u00fcm\u00fc \u015f\u00f6yle:<\/p>\n<p style=\"text-align: justify;\">Avc\u0131: Bilemiyorum, ama telefon meselesi \u00f6nemli gibi, \u00e7\u00fcnk\u00fc ald\u0131\u011f\u0131m\u0131z bilgilere g\u00f6re Telekom \u015febekesinde ka\u00e7ak var. Cihazlar\u0131n \u00f6l\u00e7\u00fcm\u00fcnde bu ka\u00e7ak g\u00f6r\u00fcl\u00fcyor, buradan da \u015fu anla\u015f\u0131l\u0131yor; telefonlar\u0131 baz\u0131 gruplar yasad\u0131\u015f\u0131 yollarla dinliyorlar.<\/p>\n<p style=\"text-align: justify;\">Sar\u0131zeybek: Ama bizim konu, telefon dinlemesi de\u011fil, baz\u0131 telefonlar\u0131n g\u00f6r\u00fc\u015ft\u00fc\u011f\u00fc numaralar\u0131n tespiti i\u015flemi. Bu numaralar\u0131 belirledik ve \u00f6nemli bir askeri soru\u015fturman\u0131n i\u00e7inde bulduk kendimizi, belki de bunu ara\u015ft\u0131rd\u0131\u011f\u0131m\u0131z i\u00e7in Levent Pa\u015fa bize k\u0131zd\u0131 ve haks\u0131z bir soru\u015fturman\u0131n i\u00e7ine \u00e7ekti.<\/p>\n<p style=\"text-align: justify;\">Avc\u0131: Levent Pa\u015fa ile Atilla Albay\u2019\u0131n ba\u015fka i\u015fleri de var albay\u0131m, bir soru\u015fturma \u00e7er\u00e7evesinde telefon dinlemesine tak\u0131ld\u0131lar. Baz\u0131 teknik malzeme al\u0131mlar\u0131nda yanl\u0131\u015f i\u015flerin yap\u0131ld\u0131\u011f\u0131 oldu\u011fu yolunda elimizde bilgiler var.<\/p>\n<p style=\"text-align: justify;\">2004 y\u0131l\u0131ndaki bu diyalo\u011fun \u00f6nemini y\u0131llar sonra Ergenekon soru\u015fturmas\u0131nda Hanefi Avc\u0131\u2019n\u0131n tan\u0131k olarak yer almas\u0131yla anlad\u0131\u011f\u0131n\u0131 ifade eden Sar\u0131zeybek bu g\u00f6r\u00fc\u015fmenin 2009 y\u0131l\u0131ndaki de\u011ferlendirmesini ise \u015f\u00f6yle yap\u0131yor:<\/p>\n<p style=\"text-align: justify;\">\u201cHanefi Avc\u0131\u2019n\u0131n bu soru\u015fturmada tan\u0131k olmas\u0131, ikinci iddianamede Atilla U\u011fur ile Levent Ers\u00f6z\u2019\u00fcn 2003-2004 y\u0131l\u0131na ait telefon dinlemelerinin yer almas\u0131 bizi al\u0131p y\u0131llar \u00f6ncesine g\u00f6t\u00fcrd\u00fc ve d\u00fc\u015f\u00fcnmeye ba\u015flad\u0131k&#8230; \u00dcmraniye\u2019de ele ge\u00e7en el bombalar\u0131yla ba\u015flad\u0131\u011f\u0131 bildirilen bu soru\u015fturman\u0131n i\u00e7erisine nas\u0131l oluyor da 2003 ve 2004 y\u0131l\u0131 Levent Pa\u015fa ile Atilla U\u011fur\u2019un telefon dinlemeleri yer al\u0131yordu?\u201d<\/p>\n<p style=\"text-align: justify;\">Sar\u0131zeybek, yan\u0131t\u0131 da yine kendisi veriyor:<\/p>\n<p style=\"text-align: justify;\">\u201cErgenekon iddianamesine g\u00f6re, aramalarda ele ge\u00e7en dijital verilerden yola \u00e7\u0131k\u0131larak bu tespitlerin yap\u0131ld\u0131\u011f\u0131 ileri s\u00fcr\u00fcl\u00fcyor, ama o veriler bu ki\u015filerin t\u00fcm g\u00f6r\u00fc\u015fmelerini i\u00e7eriyor. S\u00f6zde bir ter\u00f6r \u00f6rg\u00fct\u00fc kurduklar\u0131 iddia edilen bu ki\u015filerin b\u00f6ylesi verileri saklam\u0131\u015f olduklar\u0131n\u0131 d\u00fc\u015f\u00fcnmek biraz garip.\u201d<\/p>\n<p style=\"text-align: justify;\"><span style=\"color: #888888;\">Kaynak : Radikal<\/span><\/p>\n","protected":false},"excerpt":{"rendered":"<p style=\"text-align: center;\">\n<p style=\"text-align: justify;\">Emekli Albay Erdal Sar\u0131zeybek, yeni kitab\u0131nda Ergenekon kapsam\u0131nda tutuklanan komutanlar\u0131n daha \u00f6nceden dinlendiklerini iddia etti. Sar\u0131zeybek, savc\u0131 Zekeriya \u00d6z&#8217;\u00fcn de 2008&#8217;de kendisini \u0130stanbul&#8217;a \u00e7a\u011f\u0131rd\u0131\u011f\u0131nda \u201cSiz iyi bir subaym\u0131\u015fs\u0131n\u0131z\u201d dedi\u011fini, Avc\u0131&#8217;n\u0131n da bu g\u00f6r\u00fc\u015fmeden 4 y\u0131l \u00f6nce kendisine ayn\u0131 \u015feyleri s\u00f6yledi\u011fini anlatt\u0131. Kendisinin muhbir durumuna d\u00fc\u015f\u00fcr\u00fclmek istendi\u011fini belirten Sar\u0131zeybek, \u201cBu benzerli\u011fe <\/p>\n","protected":false},"author":1,"featured_media":0,"comment_status":"open","ping_status":"closed","sticky":false,"template":"","format":"standard","meta":{"footnotes":""},"categories":[105],"tags":[],"class_list":["post-9832","post","type-post","status-publish","format-standard","hentry","category-gundem","odd"],"_links":{"self":[{"href":"http:\/\/www.korhanyilmaz.com\/index.php?rest_route=\/wp\/v2\/posts\/9832","targetHints":{"allow":["GET"]}}],"collection":[{"href":"http:\/\/www.korhanyilmaz.com\/index.php?rest_route=\/wp\/v2\/posts"}],"about":[{"href":"http:\/\/www.korhanyilmaz.com\/index.php?rest_route=\/wp\/v2\/types\/post"}],"author":[{"embeddable":true,"href":"http:\/\/www.korhanyilmaz.com\/index.php?rest_route=\/wp\/v2\/users\/1"}],"replies":[{"embeddable":true,"href":"http:\/\/www.korhanyilmaz.com\/index.php?rest_route=%2Fwp%2Fv2%2Fcomments&post=9832"}],"version-history":[{"count":0,"href":"http:\/\/www.korhanyilmaz.com\/index.php?rest_route=\/wp\/v2\/posts\/9832\/revisions"}],"wp:attachment":[{"href":"http:\/\/www.korhanyilmaz.com\/index.php?rest_route=%2Fwp%2Fv2%2Fmedia&parent=9832"}],"wp:term":[{"taxonomy":"category","embeddable":true,"href":"http:\/\/www.korhanyilmaz.com\/index.php?rest_route=%2Fwp%2Fv2%2Fcategories&post=9832"},{"taxonomy":"post_tag","embeddable":true,"href":"http:\/\/www.korhanyilmaz.com\/index.php?rest_route=%2Fwp%2Fv2%2Ftags&post=9832"}],"curies":[{"name":"wp","href":"https:\/\/api.w.org\/{rel}","templated":true}]}}