{"id":9817,"date":"2009-06-08T08:59:53","date_gmt":"2009-06-08T05:59:53","guid":{"rendered":"http:\/\/www.korhanyilmaz.com\/?p=9817"},"modified":"2009-06-08T08:59:53","modified_gmt":"2009-06-08T05:59:53","slug":"sbs-yuzunden-annesini-oldurdu","status":"publish","type":"post","link":"http:\/\/www.korhanyilmaz.com\/?p=9817","title":{"rendered":"SBS y\u00fcz\u00fcnden annesini \u00f6ld\u00fcrd\u00fc"},"content":{"rendered":"<p style=\"text-align: center;\"><img loading=\"lazy\" decoding=\"async\" class=\"aligncenter size-full wp-image-9818\" title=\"SBS y\u00fcz\u00fcnden annesini \u00f6ld\u00fcrd\u00fc \" src=\"http:\/\/www.korhanyilmaz.com\/wp-content\/uploads\/2009\/06\/103837602500.jpg\" alt=\"SBS y\u00fcz\u00fcnden annesini \u00f6ld\u00fcrd\u00fc \" width=\"333\" height=\"175\" \/><\/p>\n<p style=\"text-align: justify;\"><strong>\u0130lk\u00f6\u011fretim okulu 7&#8217;nci s\u0131n\u0131f \u00f6\u011frencisi, SBS s\u0131nav\u0131na girmesine izin vermeyen annesini tabancayla \u00f6ld\u00fcr\u00fcp teslim oldu.<\/strong><\/p>\n<p style=\"text-align: justify;\">Adana&#8217;da ilk\u00f6\u011fretim okulu 7&#8217;nci s\u0131n\u0131f \u00f6\u011frencisi R.A., d\u00fcn yap\u0131lan SBS s\u0131nav\u0131na girmesine izin vermedi\u011fini iddia etti\u011fi annesini \u00f6ld\u00fcrd\u00fc. Daha sonra \u00e7antas\u0131nda s\u0131nav belgesiyle soka\u011fa \u00e7\u0131k\u0131p 155&#8217;i ankes\u00f6rl\u00fc telefonla arayan R.A., &#8220;Annemi vurdum&#8221; diyerek ihbarda bulundu. Polisler R.A.&#8217;y\u0131 telefon kul\u00fcbesinin \u00f6n\u00fcnden al\u0131p evine gitti. 3 katl\u0131 evin en \u00fcst kat\u0131ndaki yatak odas\u0131na \u00e7\u0131kan polisler, ba\u015f\u0131ndan vurulmu\u015f haldeki Song\u00fcl A.&#8217;y\u0131 kanlar i\u00e7inde buldu. Olay yerine \u00e7a\u011fr\u0131lan 112 ekipleri anneye m\u00fcdahale etti, ancak hayata d\u00f6nd\u00fcremedi. Olaydan sonra \u00f6nce \u015eakirpa\u015fa Polis Merkezi&#8217;ne g\u00f6t\u00fcr\u00fclen R.A. daha sonra \u00c7ocuk \u015eube M\u00fcd\u00fcrl\u00fc\u011f\u00fc&#8217;ne teslim edildi.<!--more--><\/p>\n<p style=\"text-align: justify;\"><strong>&#8216;TAR\u0130KATA SOKACAKTI&#8217;<\/strong><\/p>\n<p style=\"text-align: justify;\">Annesini kendisini 3 ayd\u0131r okula g\u00f6ndermedi\u011fi i\u00e7in \u00f6ld\u00fcrd\u00fc\u011f\u00fcn\u00fc s\u00f6yleyen R.A. &#8220;Tarikata sokaca\u011f\u0131n\u0131 s\u00f6yl\u00fcyordu. Sabah s\u0131nava girecektim. Bana s\u0131nava gitmeyece\u011fimi s\u00f6yledi. \u00c7ok sinirlendim. Babam\u0131n dolaba saklad\u0131\u011f\u0131 tabancas\u0131n\u0131 ald\u0131m ve ba\u015f\u0131na do\u011frultup bir kez teti\u011fe bast\u0131m. Karde\u015flerim ve a\u011fabeyim i\u00e7eri girip bana sald\u0131rmak istedi. Silah\u0131 \u00e7antama koyup evden \u00e7\u0131kt\u0131m&#8221; dedi. R.A&#8217;n\u0131n karde\u015fi Y.A. (10) ise olay\u0131 so\u011fukkanl\u0131l\u0131kla kar\u015f\u0131larken, &#8220;Bunlar aile i\u00e7inde olur. Biri birini vurmu\u015f \u00f6nemli de\u011fil&#8221; dedi.<\/p>\n<p style=\"text-align: justify;\"><strong>&#8216;PS\u0130KOLOJ\u0130S\u0130 BOZUKTU&#8217;<\/strong><\/p>\n<p style=\"text-align: justify;\">Adana \u0130l Milli E\u011fitim M\u00fcd\u00fcr\u00fc Abdulgafur B\u00fcy\u00fckf\u0131rat, R.A.&#8217;n\u0131n psikolojik sorunlar\u0131 oldu\u011funu, \u00f6\u011fretmenlerinin 2 ay \u00f6nce aileyi bu konuda uyard\u0131\u011f\u0131n\u0131 s\u00f6yledi. Okul y\u00f6neticileri de s\u00fcrekli ailesiyle tart\u0131\u015fan R.A.&#8217;n\u0131n okulda da \u00f6\u011fretmenleri ve arkada\u015flar\u0131yla kavga etti\u011fini belirtti. R.A. kemik ya\u015f\u0131 testinin ard\u0131nda Sosyal Hizmetler ve \u00c7ocuk Esirgeme Kurumu&#8217;na ba\u011fl\u0131 \u00e7ocuk yuvas\u0131na yerle\u015ftirildi. \u00d6te yandan ailenin baz\u0131 \u00fcyelerinin ter\u00f6r \u00f6rg\u00fct\u00fc Hizbullan sempatizan\u0131 oldu\u011fu iddia edilirken, Ter\u00f6rle M\u00fcdadele \u015eube M\u00fcd\u00fcrl\u00fc\u011f\u00fc&#8217;n\u00fcn bu ki\u015filer hakk\u0131nda ge\u00e7mi\u015fte incelemede bulundu\u011fu ortaya \u00e7\u0131kt\u0131.<\/p>\n<p style=\"text-align: justify;\"><strong>&#8216;TEMEL\u0130 A\u0130LE \u0130\u00c7\u0130 \u0130LET\u0130\u015e\u0130MS\u0130ZL\u0130K&#8217;<\/strong><\/p>\n<p style=\"text-align: justify;\">Cinayetlerin temelinde aile i\u00e7i ileti\u015fimsizlik yatt\u0131\u011f\u0131n\u0131 belirten Psikolog F\u00fcsun Ersoy \u015funlar\u0131 s\u00f6yledi: &#8220;K\u00fc\u00e7\u00fck k\u0131z \u00e7ocu\u011fu, annesinin kendisini neden s\u0131nava g\u00f6ndermedi\u011fini muhtemelen bilmiyordu. \u00c7\u00fcnk\u00fc aileler art\u0131k sa\u011fl\u0131kl\u0131 ileti\u015fim kuram\u0131yor. Anne ve babalara art\u0131k \u00e7ok b\u00fcy\u00fck g\u00f6revler d\u00fc\u015f\u00fcyor. Eskiden oldu\u011fu gibi toplumsal bir sayg\u0131 yok. Aile yap\u0131s\u0131n\u0131n korunmas\u0131 gerekiyor. Aileler herkesin kendi d\u00fcnyas\u0131na \u00e7ekilmesine izin vermemeli.&#8221;<\/p>\n<p style=\"text-align: justify;\"><strong>ADANA&#8217;DA 10 G\u00dcNDE 12 C\u0130NAYET<\/strong><\/p>\n<p style=\"text-align: justify;\">Adana&#8217;da son 10 g\u00fcnde \u00e7e\u015fitli cinayet olaylar\u0131nda 12 ki\u015fi ya\u015fam\u0131n\u0131 yitirdi. 30 May\u0131s&#8217;ta k\u0131z meselesi y\u00fcz\u00fcnden i\u015fyerine silahla ate\u015f edilen Osman E. (42), \u015fik\u00e2yetinden vazge\u00e7mesi i\u00e7in yan\u0131na gelen Ergin Batmaz&#8217;\u0131 (31) b\u0131\u00e7akla \u00f6ld\u00fcrd\u00fc. 31 May\u0131s&#8217;ta Sar\u0131hamzal\u0131 mahallesindeki bir bah\u00e7ede terk edilmi\u015f minib\u00fcste jandarma ekipleri, Sevim Kutlu (25) ve Ay\u015fe \u00d6zdemir&#8217;in (45) cesetleriyle kar\u015f\u0131la\u015ft\u0131. 2 Haziran&#8217;da Huzurevler mahallesi 142 Sokak&#8217;taki bir apartman\u0131n 11&#8217;inci kat\u0131ndaki dairede ayn\u0131 aileden 8 ki\u015fi \u00f6ld\u00fcr\u00fclm\u00fc\u015f halde bulundu. Evin en b\u00fcy\u00fck o\u011flu Murat Y\u00fcksel zanl\u0131 olarak yakaland\u0131.<\/p>\n<p style=\"text-align: justify;\"><span style=\"color: #888888;\">Kaynak : Sabah<\/span><\/p>\n","protected":false},"excerpt":{"rendered":"<p style=\"text-align: center;\">\n<p style=\"text-align: justify;\">\u0130lk\u00f6\u011fretim okulu 7&#8217;nci s\u0131n\u0131f \u00f6\u011frencisi, SBS s\u0131nav\u0131na girmesine izin vermeyen annesini tabancayla \u00f6ld\u00fcr\u00fcp teslim oldu.<\/p>\n<p style=\"text-align: justify;\">Adana&#8217;da ilk\u00f6\u011fretim okulu 7&#8217;nci s\u0131n\u0131f \u00f6\u011frencisi R.A., d\u00fcn yap\u0131lan SBS s\u0131nav\u0131na girmesine izin vermedi\u011fini iddia etti\u011fi annesini \u00f6ld\u00fcrd\u00fc. Daha sonra \u00e7antas\u0131nda s\u0131nav belgesiyle soka\u011fa \u00e7\u0131k\u0131p 155&#8217;i ankes\u00f6rl\u00fc telefonla arayan R.A., &#8220;Annemi vurdum&#8221; diyerek <\/p>\n","protected":false},"author":1,"featured_media":0,"comment_status":"open","ping_status":"closed","sticky":false,"template":"","format":"standard","meta":{"footnotes":""},"categories":[7],"tags":[],"class_list":["post-9817","post","type-post","status-publish","format-standard","hentry","category-ekonomi","odd"],"_links":{"self":[{"href":"http:\/\/www.korhanyilmaz.com\/index.php?rest_route=\/wp\/v2\/posts\/9817","targetHints":{"allow":["GET"]}}],"collection":[{"href":"http:\/\/www.korhanyilmaz.com\/index.php?rest_route=\/wp\/v2\/posts"}],"about":[{"href":"http:\/\/www.korhanyilmaz.com\/index.php?rest_route=\/wp\/v2\/types\/post"}],"author":[{"embeddable":true,"href":"http:\/\/www.korhanyilmaz.com\/index.php?rest_route=\/wp\/v2\/users\/1"}],"replies":[{"embeddable":true,"href":"http:\/\/www.korhanyilmaz.com\/index.php?rest_route=%2Fwp%2Fv2%2Fcomments&post=9817"}],"version-history":[{"count":0,"href":"http:\/\/www.korhanyilmaz.com\/index.php?rest_route=\/wp\/v2\/posts\/9817\/revisions"}],"wp:attachment":[{"href":"http:\/\/www.korhanyilmaz.com\/index.php?rest_route=%2Fwp%2Fv2%2Fmedia&parent=9817"}],"wp:term":[{"taxonomy":"category","embeddable":true,"href":"http:\/\/www.korhanyilmaz.com\/index.php?rest_route=%2Fwp%2Fv2%2Fcategories&post=9817"},{"taxonomy":"post_tag","embeddable":true,"href":"http:\/\/www.korhanyilmaz.com\/index.php?rest_route=%2Fwp%2Fv2%2Ftags&post=9817"}],"curies":[{"name":"wp","href":"https:\/\/api.w.org\/{rel}","templated":true}]}}