{"id":9810,"date":"2009-06-07T17:45:41","date_gmt":"2009-06-07T14:45:41","guid":{"rendered":"http:\/\/www.korhanyilmaz.com\/?p=9810"},"modified":"2009-06-07T17:45:41","modified_gmt":"2009-06-07T14:45:41","slug":"bak-ben-sana-sayin-diyorum","status":"publish","type":"post","link":"http:\/\/www.korhanyilmaz.com\/?p=9810","title":{"rendered":"&#039;Bak ben sana say\u0131n diyorum&#039;"},"content":{"rendered":"<p style=\"text-align: center;\"><img loading=\"lazy\" decoding=\"async\" class=\"aligncenter size-full wp-image-9811\" title=\"T\u00fcrkiye Cumhuriyeti Ba\u015fbakan\u0131 Recep Tayyip Erdo\u011fan\" src=\"http:\/\/www.korhanyilmaz.com\/wp-content\/uploads\/2009\/06\/BABAKA1.JPG\" alt=\"T\u00fcrkiye Cumhuriyeti Ba\u015fbakan\u0131 Recep Tayyip Erdo\u011fan\" width=\"314\" height=\"218\" \/><\/p>\n<p style=\"text-align: justify;\"><strong>Siyasette yeni kavga: Sen, siz ve say\u0131n&#8230;<\/strong><\/p>\n<p style=\"text-align: justify;\">Ba\u015fbakan: Bu \u00fclkede bir genel ba\u015fkan\u0131n \u2018Sen ve siz\u2019 ifadelerini kullanmas\u0131n\u0131n ne anlama geldi\u011fini bilmesi gerekir. Bak ben sana \u2018Say\u0131n Baykal\u2019 diyorum.<\/p>\n<p style=\"text-align: justify;\"><strong>DEN\u0130Z FENER\u0130\u2019NDE RAHATIZ:<\/strong> Mazisi kara olanlar, tabii ki bunu hazmedemeyecekler. Ama biz huzurluyuz. Bizim temizli\u011fimize leke s\u00fcrmeye gayret eden Say\u0131n Baykal, bana d\u00fcn edep dersi vermeye kalk\u0131yor. \u00d6nce bu \u00fclkede bir partinin genel ba\u015fkan\u0131n\u0131n (sen ve siz) ifadelerini kullanmas\u0131n\u0131n ne anlama geldi\u011fini \u00f6\u011frenmesi laz\u0131m. Bak ben sana (Say\u0131n) diyorum. Say\u0131n Baykal, Anayasa Mahkemesi seni ve sizi mahkum etti. Yakla\u015f\u0131k 1 trilyonluk hazinenin paras\u0131n\u0131 nereye harcad\u0131n, bunun hesab\u0131n\u0131 ver. Bunu nereye harcad\u0131n\u0131z? Siz tescillisiniz. AKP\u2019ye leke s\u00fcremeyeceksiniz. Bizim Deniz Feneri ile \u015funla bunla al\u0131p veremedi\u011fimiz yok. Biz o konuda rahat\u0131z. Partimizi kurdu\u011fumuz g\u00fcnden itibaren, her harcad\u0131\u011f\u0131 kuru\u015fu, partimize giren \u00e7\u0131kan web sitemize girer. Bize leke atamazs\u0131n\u0131z, g\u00fcne\u015fi bal\u00e7\u0131kla s\u0131vayamazs\u0131n\u0131z.<!--more--><\/p>\n<p style=\"text-align: justify;\"><strong>S\u0130YASET DE\u011e\u0130L, FALCILIK:<\/strong> Muhalefetin hayal g\u00fcc\u00fc Nasreddin Hoca\u2019y\u0131 geride b\u0131rak\u0131yor. Biz dedik ki Suriye s\u0131n\u0131r\u0131m\u0131zdaki arazi may\u0131nl\u0131, bu may\u0131nlara gerek yok. Suriye ile ili\u015fkilerimiz tarihinin en olumlu d\u00f6nemini ya\u015f\u0131yor, bu may\u0131nl\u0131 arazileri temizleyelim, bak Suriye temizledi. Bu may\u0131nl\u0131 arazilerimizi temizleyelim T\u00fcrkiye\u2019mize toprak kazand\u0131ral\u0131m. Peki muhalefet ne dedi? Ne dedi\u011fini ben size s\u00f6yleyim: \u2019Siz buradan may\u0131nlar\u0131 temizleyeceksiniz, bu araziyi tar\u0131ma a\u00e7acaks\u0131n\u0131z, buraya diken ekeceksiniz, koyunlar dikenlerin aras\u0131ndan ge\u00e7ecek, y\u00fcnleri dikenlere tak\u0131lacak, siz y\u00fcnleri toplayacaks\u0131n\u0131z, e\u011fireceksiniz, ip yapacaks\u0131n\u0131z, o iplerden kazak \u00f6receksiniz, kaza\u011f\u0131 pazara g\u00f6t\u00fcreceksiniz, sonra o kazaklar\u0131 \u0130srail\u2019e satacaks\u0131n\u0131z\u2019dediler. Muhalefetin bu engin hayal g\u00fcc\u00fcn\u00fc takdir ediyor, alk\u0131\u015fl\u0131yoruz. Ortada fol yok yumurta yok bunlar omlet pi\u015firiyorlar. Yapt\u0131klar\u0131 i\u015f bu. \u00c7ocuk daha do\u011fmam\u0131\u015f bunlar do\u011fmam\u0131\u015f \u00e7ocu\u011fa k\u0131yafet bi\u00e7iyorlar. Ma\u015fallah yapt\u0131klar\u0131 siyaset de\u011fil, falc\u0131l\u0131k. Hem muhalefet hem de medya mensuplar\u0131 araziyi s\u00fcnd\u00fcrd\u00fcler (\u00e7ekerek uzatt\u0131lar) ve iki K\u0131br\u0131s b\u00fcy\u00fckl\u00fc\u011f\u00fcne \u00e7\u0131kard\u0131lar. Bir k\u0131sm\u0131 KKTC adas\u0131n\u0131n birka\u00e7 kat\u0131 dedi. El insaf.<\/p>\n<p style=\"text-align: justify;\"><strong>MON\u015eER ESK\u0130LER\u0130:<\/strong> T\u00fcrkiye\u2019nin s\u0131n\u0131r\u0131nda Suriye var, \u0130srail yok. Biz hi\u00e7bir zaman \u0130srail\u2019in Arz-\u0131 Mevut Plan\u0131\u2019na kusura bakma hi\u00e7bir zaman bu \u00fclkede prim vermeyiz. Siz on y\u0131llar boyunca Filistin davas\u0131 i\u00e7in ne yapt\u0131n\u0131z. CHP, MHP ne yapt\u0131, di\u011ferleri ne yapt\u0131. Bizim \u0130srail ile yap\u0131lm\u0131\u015f anla\u015fmam\u0131z yok. Gizlilik kayd\u0131 oldu\u011fu i\u00e7in tek tek a\u00e7\u0131klam\u0131yoruz. Yap\u0131lm\u0131\u015f bir\u00e7ok anla\u015fman\u0131z var. Hepsini de biliyoruz, ama a\u00e7\u0131klayamam. \u00c7\u00fcnk\u00fc, ona ne siyasi ne hukuki nezaketim m\u00fcsaade etmez. Ben MHP milletvekilleri gibi elinde ka\u011f\u0131tla, meclis k\u00fcrs\u00fcs\u00fcne \u00e7\u0131karak gizlilik kayd\u0131 olan evraklar\u0131 da mecbur kalmad\u0131k\u00e7a ya da hukuka uygunlu\u011fu olmad\u0131k\u00e7a a\u00e7\u0131klamam. Bizim b\u00f6yle bir hukuki terbiyemiz var. CHP\u2019nin milletvekilleri, \u2019\u0130srail ile ili\u015fkilerimiz, Bat\u0131 ile ili\u015fkilerimiz ne olacak\u2019diye a\u011flamaya ba\u015flad\u0131lar. Mon\u015fer eskileri. MHP\u2019deki mon\u015fer eskileri de ayn\u0131 \u015feyi s\u00f6ylediler.<\/p>\n<p style=\"text-align: justify;\"><strong>Ba\u015fsavc\u0131\u2019ya yan\u0131t<\/strong><\/p>\n<p style=\"text-align: justify;\">Yarg\u0131tay Ba\u015fsavc\u0131s\u0131 Abdurrahman Yal\u00e7\u0131nkaya, Yarg\u0131tay Cumhuriyet Ba\u015fsavc\u0131l\u0131\u011f\u0131 Onur G\u00fcn\u00fc etkinli\u011finde yapt\u0131\u011f\u0131 konu\u015fmas\u0131nda \u201cMuhafazakar partiler \u00f6ne \u00e7\u0131kt\u0131k\u00e7a, ekonomik b\u00fcy\u00fcmeye daha \u00e7ok vurgu yap\u0131lmak suretiyle, laikli\u011fin g\u00fcndemden d\u00fc\u015f\u00fcr\u00fcld\u00fc\u011f\u00fc g\u00f6r\u00fclmektedir\u201d demi\u015fti. Erdo\u011fan d\u00fcn, \u201cEkonomiyi tercih ederken di\u011fer de\u011ferleri atmad\u0131k\u201d dedi.<\/p>\n<p style=\"text-align: justify;\"><strong>Ba\u015fbakan, CHP liderine nas\u0131l hitap ediyor?<\/strong><\/p>\n<p style=\"text-align: justify;\"><strong>22 \u015eubat 2009 Sakarya:<\/strong> Say\u0131n Baykal, \u2019Ba\u015fbakan ni\u00e7in Diyarbak\u0131r\u2019a gidiyor? Oray\u0131 kar\u0131\u015ft\u0131rmaya gidiyor\u2019diyor. B\u00f6yle bir siyaset\u00e7i, siyasi parti lideri olur mu? Ne demek? Sen bir genel ba\u015fkan olacaks\u0131n, kulland\u0131\u011f\u0131n ifadeye bak&#8230;.<\/p>\n<p style=\"text-align: justify;\"><strong>23 \u015eubat 2009 Ad\u0131yaman:<\/strong> \u201c&#8230; D\u00fcn Adana meydan\u0131nda \u00e7\u0131km\u0131\u015f, bakt\u0131m gayet ba\u015far\u0131l\u0131 bir avukatl\u0131\u011fa soyunmu\u015f. Bu \u00fclkenin Maliye Bakanl\u0131\u011f\u0131 normal mutad incelemelerinden birini yapm\u0131\u015f, ortada bir netice var. Bunun avukatl\u0131\u011f\u0131 sana m\u0131 kald\u0131 yahu, sana m\u0131 kald\u0131?&#8230;<\/p>\n<p style=\"text-align: justify;\"><strong>26 \u015eubat 2009 Afyonkarahisar:<\/strong> Say\u0131n Baykal, ge\u00e7mi\u015f bana ak\u0131l veriyor, diyor ki \u2019i\u015fsizli\u011fi gidermek i\u00e7in T\u00fcrk paras\u0131 de\u011ferli, de\u011ferini azaltmak laz\u0131m.\u2019 Ha, Say\u0131n Baykal sen git de i\u015fine bak. Ekonomiyi git ehlinden \u00f6\u011fren. Daha bu i\u015fi \u00f6\u011frenmen i\u00e7in \u00e7ok f\u0131r\u0131n ekmek yemen laz\u0131m, \u00e7ok&#8230;<\/p>\n<p style=\"text-align: justify;\"><strong>18 Mart 2009 \u00c7anakkale:<\/strong> Hepsinden \u00f6nemlisi, Marmaray&#8230; Say\u0131n Baykal\u2019a diyorum ki \u2019gel seni orada misafir edelim. O t\u00fcp ge\u00e7itten bir ge\u00e7. \u00c7\u00fcnk\u00fc gitti\u011fin yerlerde \u2019\u015funu yapt\u0131k\u2019demiyorsun, bol bol Ba\u015fbakan\u2019a hakaret ediyorsun. \u2019Gel, \u015funu yapt\u0131m\u2019de&#8230; Sen, kenar\u0131nda, k\u00f6\u015fesinde koalisyon h\u00fck\u00fcmetlerinde bulundu\u011funda \u2019\u015funu \u015funu yapt\u0131m\u2019demek yerine, i\u015fi g\u00fcc\u00fc Ba\u015fbakan\u2019a hakaret etmek. Ben de diyorum ki \u2019insaf, bak ben yapt\u0131klar\u0131m\u0131z\u0131 anlat\u0131yorum&#8230; Ama gelmiyor, gelmiyor. Davetlerime gelmiyor, i\u015fine gelmez ki&#8230;<\/p>\n<p style=\"text-align: justify;\"><span style=\"color: #888888;\">Kaynak : Vatan<\/span><\/p>\n","protected":false},"excerpt":{"rendered":"<p style=\"text-align: center;\">\n<p style=\"text-align: justify;\">Siyasette yeni kavga: Sen, siz ve say\u0131n&#8230;<\/p>\n<p style=\"text-align: justify;\">Ba\u015fbakan: Bu \u00fclkede bir genel ba\u015fkan\u0131n \u2018Sen ve siz\u2019 ifadelerini kullanmas\u0131n\u0131n ne anlama geldi\u011fini bilmesi gerekir. Bak ben sana \u2018Say\u0131n Baykal\u2019 diyorum.<\/p>\n<p style=\"text-align: justify;\">DEN\u0130Z FENER\u0130\u2019NDE RAHATIZ: Mazisi kara olanlar, tabii ki bunu hazmedemeyecekler. Ama biz huzurluyuz. Bizim temizli\u011fimize leke s\u00fcrmeye <\/p>\n","protected":false},"author":1,"featured_media":0,"comment_status":"open","ping_status":"closed","sticky":false,"template":"","format":"standard","meta":{"footnotes":""},"categories":[105],"tags":[],"class_list":["post-9810","post","type-post","status-publish","format-standard","hentry","category-gundem","odd"],"_links":{"self":[{"href":"http:\/\/www.korhanyilmaz.com\/index.php?rest_route=\/wp\/v2\/posts\/9810","targetHints":{"allow":["GET"]}}],"collection":[{"href":"http:\/\/www.korhanyilmaz.com\/index.php?rest_route=\/wp\/v2\/posts"}],"about":[{"href":"http:\/\/www.korhanyilmaz.com\/index.php?rest_route=\/wp\/v2\/types\/post"}],"author":[{"embeddable":true,"href":"http:\/\/www.korhanyilmaz.com\/index.php?rest_route=\/wp\/v2\/users\/1"}],"replies":[{"embeddable":true,"href":"http:\/\/www.korhanyilmaz.com\/index.php?rest_route=%2Fwp%2Fv2%2Fcomments&post=9810"}],"version-history":[{"count":0,"href":"http:\/\/www.korhanyilmaz.com\/index.php?rest_route=\/wp\/v2\/posts\/9810\/revisions"}],"wp:attachment":[{"href":"http:\/\/www.korhanyilmaz.com\/index.php?rest_route=%2Fwp%2Fv2%2Fmedia&parent=9810"}],"wp:term":[{"taxonomy":"category","embeddable":true,"href":"http:\/\/www.korhanyilmaz.com\/index.php?rest_route=%2Fwp%2Fv2%2Fcategories&post=9810"},{"taxonomy":"post_tag","embeddable":true,"href":"http:\/\/www.korhanyilmaz.com\/index.php?rest_route=%2Fwp%2Fv2%2Ftags&post=9810"}],"curies":[{"name":"wp","href":"https:\/\/api.w.org\/{rel}","templated":true}]}}