{"id":9807,"date":"2009-06-07T18:54:51","date_gmt":"2009-06-07T15:54:51","guid":{"rendered":"http:\/\/www.korhanyilmaz.com\/?p=9807"},"modified":"2009-06-07T18:54:51","modified_gmt":"2009-06-07T15:54:51","slug":"cumhuriyeti-yonetenler-canakkalede-gomulenlere-ihanet-etti","status":"publish","type":"post","link":"http:\/\/www.korhanyilmaz.com\/?p=9807","title":{"rendered":"&#039;Cumhuriyeti y\u00f6netenler \u00c7anakkale&#039;de g\u00f6m\u00fclenlere ihanet etti&#039;"},"content":{"rendered":"<p style=\"text-align: center;\"><img loading=\"lazy\" decoding=\"async\" class=\"aligncenter size-full wp-image-9808\" src=\"http:\/\/www.korhanyilmaz.com\/wp-content\/uploads\/2009\/06\/070620091852374806717.jpg\" alt=\"\" width=\"329\" height=\"210\" \/><\/p>\n<p style=\"text-align: justify;\">DTP \u00c7anakkale il kongresinde konu\u015fan Mu\u015f Milletvekili S\u0131rr\u0131 Sak\u0131k, T\u00fcrk, K\u00fcrt, Laz ve \u00c7erkezler&#8217;in bu kentte ortak vatan i\u00e7in m\u00fccadele ettiklerini belirterek, \u201cRet ve inkar politikalar\u0131yla Cumhuriyeti y\u00f6netenler, \u00c7anakkale&#8217;de topra\u011fa g\u00f6m\u00fclenlere ihanet ettiler\u201d dedi.<\/p>\n<p style=\"text-align: justify;\">DTP Mu\u015f Milletvekili S\u0131rr\u0131 Sak\u0131k ve Batman Milletvekili Beng\u00fc Y\u0131ld\u0131z, bug\u00fcn partilerinin \u00c7anakkale il kongresine kat\u0131ld\u0131. Belediye Sosyal Tesisleri&#8217;nde saat 11.00&#8217;de ba\u015flamas\u0131 gereken kongre, \u00e7o\u011funluk sa\u011flanamad\u0131\u011f\u0131 i\u00e7in 1.5 saat gecikmeli ba\u015flad\u0131. Sayg\u0131 duru\u015fu yap\u0131l\u0131rken \u0130stiklal Mar\u015f\u0131 okunmad\u0131.<\/p>\n<p style=\"text-align: justify;\">Mu\u015f Milletvekili S\u0131rr\u0131 Sak\u0131k kongrede yapt\u0131\u011f\u0131 konu\u015fmada, T\u00fcrkiye Cumhuriyeti temellerinin \u00c7anakkale&#8217;de at\u0131ld\u0131\u011f\u0131n\u0131 hat\u0131rlatarak \u015f\u00f6yle dedi:<\/p>\n<p style=\"text-align: justify;\">\u201cBuras\u0131 emperyalizme kar\u015f\u0131 T\u00fcrk\u00fcyle, K\u00fcrd\u00fcyle, Laz\u0131yla, \u00c7erkeziyle herkesin omuz omuza m\u00fccadele edip topra\u011fa g\u00f6m\u00fcld\u00fc\u011f\u00fc yerdir.<!--more-->\u00a0\u0130\u015fte buras\u0131 \u00c7anakkale&#8217;dir. T\u00fcrkiye&#8217;nin harc\u0131 b\u00f6yle at\u0131ld\u0131. 1921&#8217;lerde Cumhuriyet kurulurken Cumhuriyet&#8217;in temel hedefi; K\u00fcrtler ve T\u00fcrkler bu Cumhuriyet&#8217;in as\u0131l sahipleridir. \u00c7\u00fcnk\u00fc, \u00c7anakkale&#8217;de \u00f6lenler ortak vatan i\u00e7in m\u00fccadele ettiler. Ama ne yaz\u0131k ki, 1921&#8217;de Anayasa&#8217;da \u2018Bu vatan K\u00fcrtler&#8217;in ve T\u00fcrkler&#8217;in ortak vatan\u0131d\u0131r\u2019 diyen Mustafa Kemal ve arkada\u015flar\u0131, 1924&#8217;te ret ve inkar politikalar\u0131yla, (asl\u0131nda ne oldu) Cumhuriyeti y\u00f6netenler \u00c7anakkale&#8217;de topra\u011fa g\u00f6m\u00fclenlere ihanet ettiler. 1924&#8217;te tek \u0131rk, tek dil yaratt\u0131lar. O g\u00fcn, bug\u00fcnd\u00fcr. K\u00fcrtler ve T\u00fcrkiye demokrasi g\u00fc\u00e7leri bu tek\u00e7ili\u011fe, \u0131rk\u00e7\u0131l\u0131\u011fa kar\u015f\u0131 bedenini \u00f6n\u00fcne yat\u0131r\u0131yor, kimli\u011fine sahip \u00e7\u0131k\u0131yor, \u00f6zg\u00fcr bir kimlik i\u00e7in bedel \u00f6d\u00fcyor.\u201d<\/p>\n<p style=\"text-align: justify;\"><strong>\u201cORTAK VATAN TALEB\u0130M\u0130Z VAR\u201d<\/strong><\/p>\n<p style=\"text-align: justify;\">S\u0131rr\u0131 Sak\u0131k, 20 y\u0131ldan bu yana aktif siyasetin i\u00e7inde oldu\u011funu, ilk g\u00fcnden itibaren bu \u00fclkede ayr\u0131 devlet ve ayr\u0131 bayrak talepleri olmad\u0131\u011f\u0131n\u0131 ileri s\u00fcrd\u00fc. Sak\u0131k, \u015f\u00f6yle konu\u015ftu:<\/p>\n<p style=\"text-align: justify;\">\u201cAma ortak vatan talebimiz var. Yani say\u0131n Tayyip Erdo\u011fan, Say\u0131n G\u00fcl, Say\u0131n Baykal, Say\u0131n Bah\u00e7eli T\u00fcrk kimli\u011fi i\u00e7in ne istiyorsa DTP ve K\u00fcrt halk\u0131 da K\u00fcrt kimli\u011fi i\u00e7in onu istiyor. Ve etnik politikalar\u0131n\u0131 ret ediyoruz. Bu \u00fclkede birlikte ya\u015famak istiyoruz. Bu \u00fclkede burada yatan \u015fehitlerin ruhuna uygun bir Cumhuriyet olu\u015fturmak istiyoruz. Eminim ki onlar\u0131n ruhu bizi izliyor. Burada \u015fehit d\u00fc\u015fen Mu\u015flusu, \u015e\u0131rnakl\u0131s\u0131, Vanl\u0131s\u0131, Gazianteplisi, \u0130stanbullusu, Trabzonlusu hepsinin ruhu bizi izliyor. \u015eimdi hepsi diyor ki; \u2018bizim ruhumuzun \u015fad olmas\u0131 i\u00e7in bar\u0131\u015f\u0131 ve karde\u015fli\u011fi savunun.&#8217; Bu y\u00fczden \u015fimdi hepimize g\u00f6revler d\u00fc\u015f\u00fcyor. Hepinize \u015fimdi ortak bir vatan i\u00e7in ortak sorumluluklar d\u00fc\u015f\u00fcyor. Ama ne yaz\u0131k ki Cumhuriyetin olu\u015fumundan bug\u00fcne kadar hi\u00e7bir d\u00f6nem bir bar\u0131\u015f iklimi egemen olmad\u0131 bu co\u011frafyada.\u201d<\/p>\n<p style=\"text-align: justify;\"><strong>\u201cBA\u015eBAKAN \u0130K\u0130 RUHLU\u201d<\/strong><\/p>\n<p style=\"text-align: justify;\">DTP\u2019li Sak\u0131k, son siyasi geli\u015fmelere de\u011finirken \u201c\u015eimdi yeni bir iklim ba\u015flad\u0131\u201d dedikten sonra, \u201cK\u00fc\u00e7\u00fck de olsa umutluyuz. Umutlar\u0131m\u0131z\u0131 k\u0131rmak istemiyoruz. \u00c7\u00fcnk\u00fc bar\u0131\u015f\u0131 biz sa\u011flayaca\u011f\u0131z. Cumhurba\u015fkan\u0131n\u0131n seslendirdi\u011fi iyi \u015feyler olacak\u201d diye konu\u015ftu. S\u0131rr\u0131 Sak\u0131k \u015funlar\u0131 s\u00f6yledi:<\/p>\n<p style=\"text-align: justify;\">\u201cArkas\u0131ndan say\u0131n Ba\u015fbakan\u0131n \u00e7\u0131k\u0131p bir \u00f6z\u00fcr dilemesi vard\u0131, 1915&#8217;lerde, 1954&#8217;lerde, yani gayrim\u00fcsl\u00fcmlere kar\u015f\u0131 uygulanan politikalardan dolay\u0131. 1915&#8217;deki Ermeni olay\u0131 ve Varl\u0131k Vergisi 6- 7 Eyl\u00fcl olaylar\u0131ndan dolay\u0131 \u2018T\u00fcrkiye evet ge\u00e7mi\u015fiyle y\u00fczle\u015fmelidir, bu bir fa\u015fizan duru\u015ftur\u2019 diyor. Bu do\u011fruydu. Do\u011fru s\u00f6z\u00fcn \u00f6n\u00fcnde e\u011filiriz. Ba\u015fbakan bu do\u011fruya i\u015faret etti. Kendisini kutluyoruz. Ama ba\u015fbakan iki ruhlu. Bir taraftan bunu s\u00f6yl\u00fcyor, bir taraftan da 2007 se\u00e7imlerinde \u00e7\u0131k\u0131p, Hakkari&#8217;den ba\u015flad\u0131, \u2018Ya sev ya terk et\u2019 dedi. K\u00fcrtler dedi ki; \u2018Bu co\u011frafya bizim. Atalar\u0131m\u0131z\u0131n, babalar\u0131m\u0131z\u0131n, dedelerimizin co\u011frafyas\u0131d\u0131r. Bu co\u011frafyay\u0131 terk etmek i\u00e7in de\u011fil, bu co\u011frafyada \u00f6zg\u00fcr ya\u015famak i\u00e7in var\u0131z. Biz \u00f6l\u00fcrsek de bu topraklara g\u00f6m\u00fclerek \u00f6lece\u011fiz ve burada ya\u015fayaca\u011f\u0131z\u2019 dediler. Ba\u015fbakan\u0131 mahkum ettiler. Biz diliyorduk, umuyorduk ki Ba\u015fbakan bu s\u00f6ylemden ders \u00e7\u0131kar\u0131r, \u0131rk\u00e7\u0131 politikalar\u0131ndan vazge\u00e7er. Ama iki g\u00fcn \u00f6nce tekrar Ba\u015fbakan bir \u2018gel- git&#8217; d\u00f6nemi ya\u015f\u0131yor. Yeniden DTP&#8217;nin bar\u0131\u015f\u00e7\u0131l projesine kar\u015f\u0131 elini s\u0131kmaya \u00e7al\u0131\u015f\u0131yor. \u015eimdi Say\u0131n Ba\u015fbakan; s\u0131k\u0131lan yumruklarla bar\u0131\u015f sa\u011flanmaz, ilk \u00f6nce yumru\u011funu a\u00e7acaks\u0131n. Sen ne kadar bu halk\u0131n iradesiysen, DTP bir o kadar bu halk\u0131n iradesidir. DTP Genel Ba\u015fkan\u0131 bu halk\u0131n iradesidir ve K\u00fcrt halk\u0131n\u0131n temsilcisidir. Onun i\u00e7in Say\u0131n Genel Ba\u015fkan\u0131m\u0131z\u0131n ve bizim zaman zaman a\u00e7\u0131klamalar\u0131m\u0131z\u0131 \u00e7arp\u0131tarak kamuoyuna sunmas\u0131 da ahlaki de\u011fil. Bir \u00e7at\u0131\u015fmas\u0131zl\u0131k d\u00f6nemi ya\u015fan\u0131yor. Onun i\u00e7in diyoruz ki; bu \u00e7at\u0131\u015fmas\u0131zl\u0131k d\u00f6neminde iki taraf da elini tetiklerden \u00e7ekmelidir. Biran \u00f6nce bar\u0131\u015f sa\u011flanmal\u0131d\u0131r.\u201d<\/p>\n<p style=\"text-align: justify;\">DTP Batman Milletvekili Beng\u00fc Y\u0131ld\u0131z ise, konu\u015fmas\u0131nda, \u00c7anakkale&#8217;nin T\u00fcrkiye&#8217;deki etnik yap\u0131s\u0131ndan olu\u015fan bir \u015fehir oldu\u011funu ve bunlar\u0131n bar\u0131\u015f, karde\u015flik i\u00e7inde birlikte ya\u015fam s\u00fcrd\u00fcrd\u00fcklerini s\u00f6yledi. Y\u0131ld\u0131z, \u015f\u00f6yle dedi:<\/p>\n<p style=\"text-align: justify;\">\u201cAsl\u0131nda T\u00fcrkiye&#8217;ye model olabilecek bir kent. Bu \u015fehirde hemen yan\u0131 ba\u015f\u0131m\u0131zda ortak vatan i\u00e7in ya\u015fam\u0131n\u0131 yitirmi\u015f y\u00fcz binler var. D\u00fcn Say\u0131n Milletvekilimiz S\u0131rr\u0131 Sak\u0131k ile birlikte gezdi\u011fimizde, orada \u2018Onlar bir daha geri d\u00f6nmemek \u00fczere geldiler\u2019 yaz\u0131s\u0131n\u0131 g\u00f6rd\u00fck. \u00c7ok duygusal bir atmosfere girdik. T\u00fcrkiye&#8217;nin birlikte ya\u015fama k\u00fclt\u00fcr\u00fc ve ortak vatan\u0131n harc\u0131 i\u015fte \u00c7anakkale&#8217;de o \u015fehitlerin ruhunda yat\u0131yor. Kim T\u00fcrkiye&#8217;de bir model yaratmak istiyorsa o ortak mirasa sahip \u00e7\u0131kmas\u0131 laz\u0131m.\u201d<\/p>\n<p style=\"text-align: justify;\"><strong>\u015eEH\u0130TL\u0130K Z\u0130YARET\u0130<\/strong><\/p>\n<p style=\"text-align: justify;\">\u00d6te yandan, \u00c7anakkale\u2019de Gelibolu Yar\u0131madas\u0131 Tarihi Milli Park\u0131\u2019ndaki \u015fehitlik ve sava\u015f alanlar\u0131n\u0131 ziyaret edecekleri, \u015eehitler Abidesi&#8217;ne \u00e7elenk koyacaklar\u0131 a\u00e7\u0131klanan DTP milletvekilleri siyasi partilerin \u00f6zel g\u00fcnler d\u0131\u015f\u0131nda \u015fehitliklere \u00e7elenk konulmas\u0131n\u0131n yasak olmas\u0131 nedeniyle bu d\u00fc\u015f\u00fcncelerinden vazge\u00e7ti.<\/p>\n<p style=\"text-align: justify;\">DTP&#8217;li S\u0131rr\u0131 Sak\u0131k ve Beng\u00fc Y\u0131ld\u0131z ile partililerin d\u00fcn ak\u015fam\u00fczeri \u0130stanbul&#8217;dan \u00c7anakkale&#8217;ye gelirken yollar\u0131n\u0131n \u00fczerinde bulunan \u015fehitliklere u\u011fray\u0131p ziyaretlerini sessiz ger\u00e7ekle\u015ftirdi\u011fi belirtildi.<\/p>\n<p style=\"text-align: justify;\"><span style=\"color: #888888;\">DHA<\/span><\/p>\n","protected":false},"excerpt":{"rendered":"<p style=\"text-align: center;\">\n<p style=\"text-align: justify;\">DTP \u00c7anakkale il kongresinde konu\u015fan Mu\u015f Milletvekili S\u0131rr\u0131 Sak\u0131k, T\u00fcrk, K\u00fcrt, Laz ve \u00c7erkezler&#8217;in bu kentte ortak vatan i\u00e7in m\u00fccadele ettiklerini belirterek, \u201cRet ve inkar politikalar\u0131yla Cumhuriyeti y\u00f6netenler, \u00c7anakkale&#8217;de topra\u011fa g\u00f6m\u00fclenlere ihanet ettiler\u201d dedi.<\/p>\n<p style=\"text-align: justify;\">DTP Mu\u015f Milletvekili S\u0131rr\u0131 Sak\u0131k ve Batman Milletvekili Beng\u00fc Y\u0131ld\u0131z, bug\u00fcn partilerinin \u00c7anakkale il <\/p>\n","protected":false},"author":1,"featured_media":0,"comment_status":"open","ping_status":"closed","sticky":false,"template":"","format":"standard","meta":{"footnotes":""},"categories":[105],"tags":[],"class_list":["post-9807","post","type-post","status-publish","format-standard","hentry","category-gundem","odd"],"_links":{"self":[{"href":"http:\/\/www.korhanyilmaz.com\/index.php?rest_route=\/wp\/v2\/posts\/9807","targetHints":{"allow":["GET"]}}],"collection":[{"href":"http:\/\/www.korhanyilmaz.com\/index.php?rest_route=\/wp\/v2\/posts"}],"about":[{"href":"http:\/\/www.korhanyilmaz.com\/index.php?rest_route=\/wp\/v2\/types\/post"}],"author":[{"embeddable":true,"href":"http:\/\/www.korhanyilmaz.com\/index.php?rest_route=\/wp\/v2\/users\/1"}],"replies":[{"embeddable":true,"href":"http:\/\/www.korhanyilmaz.com\/index.php?rest_route=%2Fwp%2Fv2%2Fcomments&post=9807"}],"version-history":[{"count":0,"href":"http:\/\/www.korhanyilmaz.com\/index.php?rest_route=\/wp\/v2\/posts\/9807\/revisions"}],"wp:attachment":[{"href":"http:\/\/www.korhanyilmaz.com\/index.php?rest_route=%2Fwp%2Fv2%2Fmedia&parent=9807"}],"wp:term":[{"taxonomy":"category","embeddable":true,"href":"http:\/\/www.korhanyilmaz.com\/index.php?rest_route=%2Fwp%2Fv2%2Fcategories&post=9807"},{"taxonomy":"post_tag","embeddable":true,"href":"http:\/\/www.korhanyilmaz.com\/index.php?rest_route=%2Fwp%2Fv2%2Ftags&post=9807"}],"curies":[{"name":"wp","href":"https:\/\/api.w.org\/{rel}","templated":true}]}}