{"id":9803,"date":"2009-06-08T09:29:09","date_gmt":"2009-06-08T06:29:09","guid":{"rendered":"http:\/\/www.korhanyilmaz.com\/?p=9803"},"modified":"2009-06-08T09:29:09","modified_gmt":"2009-06-08T06:29:09","slug":"tek-cozum-diplomasi","status":"publish","type":"post","link":"http:\/\/www.korhanyilmaz.com\/?p=9803","title":{"rendered":"Tek \u00e7\u00f6z\u00fcm diplomasi"},"content":{"rendered":"<p style=\"text-align: center;\"><img loading=\"lazy\" decoding=\"async\" class=\"aligncenter size-full wp-image-9804\" src=\"http:\/\/www.korhanyilmaz.com\/wp-content\/uploads\/2009\/06\/66402446250.jpg\" alt=\"\" width=\"333\" height=\"175\" \/><\/p>\n<p style=\"text-align: justify;\">\u0130talya&#8217;da \u00f6n\u00fcm\u00fczdeki ay d\u00fczenlenecek G-8 zirvesi \u00f6ncesinde yay\u0131nlanan &#8220;G8, B\u00fcy\u00fckler ve Gelece\u011fin D\u00fcnyas\u0131&#8221; adl\u0131 kitaba Ba\u015fbakan Erdo\u011fan da iki makalesi ile katk\u0131da bulundu<\/p>\n<p style=\"text-align: justify;\">\u0130talya D\u0131\u015fi\u015fleri Bakanl\u0131\u011f\u0131&#8217;n\u0131n katk\u0131lar\u0131yla haz\u0131rlanan kitapta yer alan Ba\u015fbakan Erdo\u011fan&#8217;\u0131n ilk makalesi &#8220;N\u00fckleer Silahlanma ile M\u00fccadele ve \u0130ran&#8217;\u0131n N\u00fckleer Program\u0131&#8221; ad\u0131n\u0131 ta\u015f\u0131yor. Makalede Kitle \u0130mha Silahlar\u0131 (K\u0130S) ile m\u00fccadelenin d\u00fcnya g\u00fcvenli\u011finin temel \u015fart\u0131 oldu\u011funu ve K\u0130S ile m\u00fccadelenin t\u00fcm uluslararas\u0131 camia taraf\u0131ndan desteklenmesi gerekti\u011fini belirtti. Ba\u015fbakan, T\u00fcrkiye&#8217;nin K\u0130S ile m\u00fccadelede t\u00fcm kolektif \u00e7abalara kat\u0131ld\u0131\u011f\u0131n\u0131 vurgulad\u0131. T\u00fcrkiye&#8217;nin n\u00fckleer silahs\u0131zlanma ve n\u00fckleer enerjinin bar\u0131\u015f\u00e7\u0131l kullan\u0131m\u0131na y\u00f6nelik \u00e7aba g\u00f6sterece\u011fi konusunda teminat verdi\u011fini belirtti.<!--more--><\/p>\n<p style=\"text-align: justify;\"><strong>&#8216;\u00c7ATI\u015eMADAN BIKTIK&#8217;<\/strong><\/p>\n<p style=\"text-align: justify;\">\u0130ran&#8217;\u0131n n\u00fckleer program\u0131 konusunda tek \u00e7\u00f6z\u00fcm\u00fcn diplomasi oldu\u011funu vurgulayan Ba\u015fbakan, &#8220;\u00dclkeme kom\u015fu olan b\u00f6lge \u00e7at\u0131\u015fmalardan yorgun. Yeni sava\u015flar\u0131n \u00f6n\u00fcne ge\u00e7ilmeli, mevcut problemler ise diplomasiyle \u00e7\u00f6z\u00fclmeli. \u0130ran&#8217;a da bu \u015fekilde yakla\u015f\u0131lmal\u0131. T\u00fcrkiye, b\u00f6lgede istikrar ve g\u00fcvenli\u011fin savunucusu olarak, diplomatik s\u00fcreci ve diyalogu desteklemeye kararl\u0131l\u0131kla devam edecek&#8221; dedi. &#8220;Afganistan ve Pakistan&#8217;da Son Durum&#8221; isimli ikinci makalesinde ise Erdo\u011fan, uluslararas\u0131 toplumun \u00e7abalar\u0131na ra\u011fmen, ter\u00f6rizmin yok edilemedi\u011fini yazd\u0131. &#8220;Biz Afganistan&#8217;\u0131n oldu\u011fu gibi Pakistan demokratik h\u00fck\u00fcmetinin de ter\u00f6rle m\u00fccadelede desteklenmesi gerekti\u011fini d\u00fc\u015f\u00fcn\u00fcyoruz&#8221; diyen Erdo\u011fan, iki \u00fclkenin g\u00fcvenlik sorunlar\u0131n\u0131n birbirinden ayr\u0131lamayaca\u011f\u0131n\u0131n da alt\u0131n\u0131 \u00e7izdi.<\/p>\n<p style=\"text-align: justify;\"><strong>&#8216;ASKER\u0130 G\u00dc\u00c7 SORUNU \u00c7\u00d6ZMEZ&#8217;<\/strong><\/p>\n<p style=\"text-align: justify;\">Ba\u015fbakan askeri perspektif bir yana, politik, diplomatik, sosyal ve ekonomik ara\u00e7lara \u00f6ncelik verilmesi gerekti\u011fini vurgulad\u0131 ve T\u00fcrkiye&#8217;nin T\u0130KA arac\u0131l\u0131\u011f\u0131 ile Afganistan&#8217;da yapt\u0131\u011f\u0131 \u00e7al\u0131\u015fmalara de\u011findi. Erdo\u011fan ayr\u0131ca b\u00f6lge \u00fclkeleri aras\u0131nda i\u015fbirli\u011fi ve g\u00fcvenlik ikliminin olu\u015fturulmas\u0131 gerekti\u011fini s\u00f6yledi.<\/p>\n<p style=\"text-align: justify;\"><strong>Sorumluluk \u00e7a\u011fr\u0131s\u0131 yapt\u0131<\/strong><\/p>\n<p style=\"text-align: justify;\">ABD Ba\u015fkan\u0131 Barack Obama da kitapta &#8220;Sorumluluk \u00c7a\u011f\u0131&#8221; adl\u0131 bir makale yazd\u0131. Obama, makalesinde d\u00fcnya liderlerini sorumlu ve sa\u011fduyulu davranmaya davet etti.<\/p>\n<p style=\"text-align: justify;\"><span style=\"color: #888888;\">Kaynak : Sabah<\/span><\/p>\n","protected":false},"excerpt":{"rendered":"<p style=\"text-align: center;\">\n<p style=\"text-align: justify;\">\u0130talya&#8217;da \u00f6n\u00fcm\u00fczdeki ay d\u00fczenlenecek G-8 zirvesi \u00f6ncesinde yay\u0131nlanan &#8220;G8, B\u00fcy\u00fckler ve Gelece\u011fin D\u00fcnyas\u0131&#8221; adl\u0131 kitaba Ba\u015fbakan Erdo\u011fan da iki makalesi ile katk\u0131da bulundu<\/p>\n<p style=\"text-align: justify;\">\u0130talya D\u0131\u015fi\u015fleri Bakanl\u0131\u011f\u0131&#8217;n\u0131n katk\u0131lar\u0131yla haz\u0131rlanan kitapta yer alan Ba\u015fbakan Erdo\u011fan&#8217;\u0131n ilk makalesi &#8220;N\u00fckleer Silahlanma ile M\u00fccadele ve \u0130ran&#8217;\u0131n N\u00fckleer Program\u0131&#8221; ad\u0131n\u0131 ta\u015f\u0131yor. Makalede Kitle \u0130mha <\/p>\n","protected":false},"author":1,"featured_media":0,"comment_status":"open","ping_status":"closed","sticky":false,"template":"","format":"standard","meta":{"footnotes":""},"categories":[3],"tags":[],"class_list":["post-9803","post","type-post","status-publish","format-standard","hentry","category-dunya","odd"],"_links":{"self":[{"href":"http:\/\/www.korhanyilmaz.com\/index.php?rest_route=\/wp\/v2\/posts\/9803","targetHints":{"allow":["GET"]}}],"collection":[{"href":"http:\/\/www.korhanyilmaz.com\/index.php?rest_route=\/wp\/v2\/posts"}],"about":[{"href":"http:\/\/www.korhanyilmaz.com\/index.php?rest_route=\/wp\/v2\/types\/post"}],"author":[{"embeddable":true,"href":"http:\/\/www.korhanyilmaz.com\/index.php?rest_route=\/wp\/v2\/users\/1"}],"replies":[{"embeddable":true,"href":"http:\/\/www.korhanyilmaz.com\/index.php?rest_route=%2Fwp%2Fv2%2Fcomments&post=9803"}],"version-history":[{"count":0,"href":"http:\/\/www.korhanyilmaz.com\/index.php?rest_route=\/wp\/v2\/posts\/9803\/revisions"}],"wp:attachment":[{"href":"http:\/\/www.korhanyilmaz.com\/index.php?rest_route=%2Fwp%2Fv2%2Fmedia&parent=9803"}],"wp:term":[{"taxonomy":"category","embeddable":true,"href":"http:\/\/www.korhanyilmaz.com\/index.php?rest_route=%2Fwp%2Fv2%2Fcategories&post=9803"},{"taxonomy":"post_tag","embeddable":true,"href":"http:\/\/www.korhanyilmaz.com\/index.php?rest_route=%2Fwp%2Fv2%2Ftags&post=9803"}],"curies":[{"name":"wp","href":"https:\/\/api.w.org\/{rel}","templated":true}]}}