{"id":9794,"date":"2009-06-08T08:10:02","date_gmt":"2009-06-08T05:10:02","guid":{"rendered":"http:\/\/www.korhanyilmaz.com\/?p=9794"},"modified":"2009-06-08T08:10:02","modified_gmt":"2009-06-08T05:10:02","slug":"5-kisilik-aile-piknik-yolunda-yok-oldu","status":"publish","type":"post","link":"http:\/\/www.korhanyilmaz.com\/?p=9794","title":{"rendered":"5 ki\u015filik aile piknik yolunda yok oldu"},"content":{"rendered":"<p style=\"TEXT-ALIGN: center\"><img loading=\"lazy\" decoding=\"async\" class=\"size-full wp-image-9795  aligncenter\" src=\"http:\/\/www.korhanyilmaz.com\/wp-content\/uploads\/2009\/06\/103222446250.jpg\" alt=\"\" width=\"333\" height=\"175\" \/><\/p>\n<p style=\"text-align: justify;\"><strong>Ailesiyle pikni\u011fe giden Mehmet Ate\u015f&#8217;in kulland\u0131\u011f\u0131 otomobil, asfalt \u00e7al\u0131\u015fmas\u0131 nedeniyle b\u00f6l\u00fcnen yolda bir kamyonla kafa kafaya \u00e7arp\u0131\u015ft\u0131.<\/strong><\/p>\n<p style=\"text-align: justify;\">\u00a0Kazada ayn\u0131 aileden 3&#8217;\u00fc \u00e7ocuk 5 ki\u015fi \u00f6ld\u00fc. \u0130stanbul Ba\u011fc\u0131lar&#8217;da oturan Mehmet Ate\u015f 15 g\u00fcn \u00f6nce otomobil ald\u0131. Ailesine verdi\u011fi &#8220;Otomobil al\u0131nca\u00a0sizi pikni\u011fe g\u00f6t\u00fcrece\u011fim&#8221; s\u00f6z\u00fcn\u00fc unutmayan Ate\u015f, d\u00fcn sabah e\u015fi ve \u00fc\u00e7 \u00e7ocu\u011funu alarak \u00c7atalca&#8217;ya pikni\u011fe gitmek \u00fczere yola koyuldu. Aile, \u00f6nce bir y\u0131l \u00f6nce evlenen b\u00fcy\u00fck k\u0131zlar\u0131 Elif Polat&#8217;\u0131n \u0130kitelli&#8217;deki evine gitti. Elif Polat, &#8220;Ben de sizinle gelece\u011fim&#8221; demesine ra\u011fmen babas\u0131n\u0131n \u0131srar\u0131yla karde\u015finin arac\u0131na bindi. Aile, sabah saat 07.00&#8217;de iki ara\u00e7 olarak \u00c7atalca&#8217;ya yola \u00e7\u0131kt\u0131.<!--more-->\u00a0Yol \u00e7al\u0131\u015fmalar\u0131 nedeniyle Ankara istikameti kapal\u0131 oldu\u011fu i\u00e7in dubalarla ikiye ayr\u0131lan O- 2 Otoyolu&#8217;nda ilerleyen Mehmet Ate\u015f&#8217;in kulland\u0131\u011f\u0131 otomobil, Avc\u0131lar Tahtakale mevkisinde kar\u015f\u0131 y\u00f6ne ge\u00e7ince Ankara istikametinde b\u00f6l\u00fcnm\u00fc\u015f yola girmeye \u00e7al\u0131\u015fan H\u00fcsn\u00fc Y\u0131lmaz&#8217;\u0131n kulland\u0131\u011f\u0131 kamyonla kafa kafaya \u00e7arp\u0131\u015ft\u0131. Kamyonun alt\u0131nda kalan otomobil yakla\u015f\u0131k 100 metre s\u00fcr\u00fcklendi. \u0130kiye katlanan otomobildeki Mehmet Ate\u015f (44), e\u015fi Habibe Ate\u015f (39) ve \u00e7ocuklar\u0131 Furkan (11), K\u00fcbra (15) ve Zehra (18) \u00f6ld\u00fc. Bu s\u0131rada gerekli \u00f6nlem al\u0131nmad\u0131\u011f\u0131 i\u00e7in ikinci bir kaza meydana geldi. Zincirleme kazada 17 ki\u015fi hafif yaraland\u0131.<\/p>\n<p style=\"text-align: justify;\"><strong>YURTTA KAZALAR<\/strong><\/p>\n<p style=\"text-align: justify;\">Mu\u011fla&#8217;n\u0131n Fethiye il\u00e7esinde ise Alaattin Karabacak&#8217;\u0131n kulland\u0131\u011f\u0131 otomobil, Yeni \u00c7al\u0131\u015f Kav\u015fa\u011f\u0131&#8217;nda bir yolcu otob\u00fcs\u00fcn\u00fcn alt\u0131na girdi. \u0130ki ki\u015finin \u00f6ld\u00fc\u011f\u00fc 7 ki\u015finin yaraland\u0131\u011f\u0131 kazada annesini kaybeden 10 ayl\u0131k bir k\u0131z \u00e7ocu\u011fu ambulans helikopterle Antalya&#8217;ya sevkedildi. Yurt genelinde d\u00fcn meydana gelen trafik kazalar\u0131nda toplam 22 ki\u015fi hayat\u0131n\u0131 kaybetti, 47 ki\u015fi de yaraland\u0131.<\/p>\n<p style=\"text-align: justify;\"><span style=\"color: #888888;\">Kaynak : Sabah<\/span><\/p>\n","protected":false},"excerpt":{"rendered":"<p style=\"TEXT-ALIGN: center\">\n<p style=\"text-align: justify;\">Ailesiyle pikni\u011fe giden Mehmet Ate\u015f&#8217;in kulland\u0131\u011f\u0131 otomobil, asfalt \u00e7al\u0131\u015fmas\u0131 nedeniyle b\u00f6l\u00fcnen yolda bir kamyonla kafa kafaya \u00e7arp\u0131\u015ft\u0131.<\/p>\n<p style=\"text-align: justify;\"> Kazada ayn\u0131 aileden 3&#8217;\u00fc \u00e7ocuk 5 ki\u015fi \u00f6ld\u00fc. \u0130stanbul Ba\u011fc\u0131lar&#8217;da oturan Mehmet Ate\u015f 15 g\u00fcn \u00f6nce otomobil ald\u0131. Ailesine verdi\u011fi &#8220;Otomobil al\u0131nca sizi pikni\u011fe g\u00f6t\u00fcrece\u011fim&#8221; s\u00f6z\u00fcn\u00fc unutmayan Ate\u015f, d\u00fcn sabah <\/p>\n","protected":false},"author":1,"featured_media":0,"comment_status":"open","ping_status":"closed","sticky":false,"template":"","format":"standard","meta":{"footnotes":""},"categories":[105],"tags":[],"class_list":["post-9794","post","type-post","status-publish","format-standard","hentry","category-gundem","odd"],"_links":{"self":[{"href":"http:\/\/www.korhanyilmaz.com\/index.php?rest_route=\/wp\/v2\/posts\/9794","targetHints":{"allow":["GET"]}}],"collection":[{"href":"http:\/\/www.korhanyilmaz.com\/index.php?rest_route=\/wp\/v2\/posts"}],"about":[{"href":"http:\/\/www.korhanyilmaz.com\/index.php?rest_route=\/wp\/v2\/types\/post"}],"author":[{"embeddable":true,"href":"http:\/\/www.korhanyilmaz.com\/index.php?rest_route=\/wp\/v2\/users\/1"}],"replies":[{"embeddable":true,"href":"http:\/\/www.korhanyilmaz.com\/index.php?rest_route=%2Fwp%2Fv2%2Fcomments&post=9794"}],"version-history":[{"count":0,"href":"http:\/\/www.korhanyilmaz.com\/index.php?rest_route=\/wp\/v2\/posts\/9794\/revisions"}],"wp:attachment":[{"href":"http:\/\/www.korhanyilmaz.com\/index.php?rest_route=%2Fwp%2Fv2%2Fmedia&parent=9794"}],"wp:term":[{"taxonomy":"category","embeddable":true,"href":"http:\/\/www.korhanyilmaz.com\/index.php?rest_route=%2Fwp%2Fv2%2Fcategories&post=9794"},{"taxonomy":"post_tag","embeddable":true,"href":"http:\/\/www.korhanyilmaz.com\/index.php?rest_route=%2Fwp%2Fv2%2Ftags&post=9794"}],"curies":[{"name":"wp","href":"https:\/\/api.w.org\/{rel}","templated":true}]}}