{"id":9773,"date":"2009-06-08T08:38:22","date_gmt":"2009-06-08T05:38:22","guid":{"rendered":"http:\/\/www.korhanyilmaz.com\/?p=9773"},"modified":"2009-06-08T08:38:22","modified_gmt":"2009-06-08T05:38:22","slug":"kaypakkaya%e2%80%99nin-suclu-oldugunu-da-ispatla","status":"publish","type":"post","link":"http:\/\/www.korhanyilmaz.com\/?p=9773","title":{"rendered":"Kaypakkaya\u2019n\u0131n su\u00e7lu oldu\u011funu da ispatla"},"content":{"rendered":"<p style=\"TEXT-ALIGN: center\"><img loading=\"lazy\" decoding=\"async\" class=\"aligncenter size-full wp-image-9774\" title=\"Kaypakkaya\u2019n\u0131n su\u00e7lu oldu\u011funu da ispatla  \" src=\"http:\/\/www.korhanyilmaz.com\/wp-content\/uploads\/2009\/06\/2009-06-08_094103.jpg\" alt=\"Kaypakkaya\u2019n\u0131n su\u00e7lu oldu\u011funu da ispatla  \" width=\"326\" height=\"209\" \/><\/p>\n<p style=\"text-align: justify;\"><strong>Sungurlu savc\u0131s\u0131, su\u00e7lulu\u011fu \u2018maruf\u2019 T\u0130KKO liderini ananlara dava a\u00e7t\u0131. Mahkeme, 1973\u2019de \u00f6len \u015fahs\u0131n \u2018su\u00e7lulu\u011funu maruf olmaz\u2019 diyerek davay\u0131 reddetti<\/strong><\/p>\n<p style=\"text-align: justify;\">\u00c7orum\u2019un Sungurlu \u0130l\u00e7esi\u2019nde mahkeme ile savc\u0131 aras\u0131nda, 1970\u2019lerin devrimci liderlerinden TKP\/ML-T\u0130KKO\u2019nun kurucusu \u0130brahim Kaypakkaya\u2019n\u0131n (\u0130bo) su\u00e7lu olup olmad\u0131\u011f\u0131 tart\u0131\u015fmas\u0131 ya\u015fand\u0131. Savc\u0131n\u0131n, \u0130brahim Kaypakkaya\u2019n\u0131n \u00f6l\u00fcm y\u0131ld\u00f6n\u00fcm\u00fc etkinliklerine kat\u0131lan zanl\u0131larla ilgili \u2018su\u00e7u ve su\u00e7luyu \u00f6vme\u2019 iddias\u0131yla haz\u0131rlad\u0131\u011f\u0131 iddianame, Sulh Ceza Mahkemesi\u2019nce kabul edilmedi. Mahkeme, Kaypakkaya\u2019n\u0131n su\u00e7lu oldu\u011funun delillerle kan\u0131tlanmas\u0131 gerekti\u011fine vurgu yaparak, iddianameyi iade etti.<!--more--><\/p>\n<p style=\"text-align: justify;\"><strong>SULH CEZA MAHKEMES\u0130 REDDETT\u0130 <\/strong><\/p>\n<p style=\"text-align: justify;\">Devrimci 78\u2019liler Federasyonu Ba\u015fkan\u0131 Ru\u015fen S\u00fcmb\u00fclo\u011flu, eski SHP Milletvekili Salman Kaya\u2019n\u0131n da bulundu\u011fu bir grup, 18 May\u0131s 2008 tarihinde \u0130brahim Kaypakkaya\u2019y\u0131 mezar\u0131 ba\u015f\u0131nda anma t\u00f6renine kat\u0131ld\u0131. Sungurlu Cumhuriyet Savc\u0131l\u0131\u011f\u0131 t\u00f6rende konu\u015fma yapan S\u00fcmb\u00fclo\u011flu, Kaya, Avukat \u00d6mer \u00d6neren, Siyaset\u00e7i Mehmet \u015eirin Karademir ve Sibel \u00c7elik hakk\u0131nda \u2018su\u00e7u ve su\u00e7luyu \u00f6vme\u2019 su\u00e7undan Sungurlu Sulh Ceza Mahkemesi\u2019ne dava a\u00e7t\u0131. Mahkeme \u2018san\u0131klar\u0131n \u00f6vd\u00fc\u011f\u00fc su\u00e7un a\u00e7\u0131k\u00e7a belirtilmesi\u2019 gerekti\u011fini ve \u2018\u00f6v\u00fcld\u00fc\u011f\u00fc iddia edilen ki\u015finin su\u00e7lu oldu\u011funun delillerle belgelendirilmesi gerekti\u011fini belirterek iddianameyi reddetti.<\/p>\n<p style=\"text-align: justify;\"><strong>36 YIL GE\u00c7T\u0130 MARUF OLGU OLAMAZ<\/strong><\/p>\n<p style=\"text-align: justify;\">Karara itiraz eden Savc\u0131l\u0131k, Kaypakkaya\u2019n\u0131n su\u00e7lulu\u011funun \u2018maruf (herkes\u00e7e bilinen) olgu\u2019 oldu\u011funu savundu. Mahkeme ise \u00f6v\u00fcld\u00fc\u011f\u00fc iddia edilen Kaypakkaya\u2019n\u0131n 1973\u2019te \u00f6ld\u00fc\u011f\u00fcn\u00fc hat\u0131rlatarak \u2018su\u00e7lulu\u011funun maruf bir olgu\u2019 olmad\u0131\u011f\u0131n\u0131 kaydetti ve itiraz\u0131 da redetti. Bunun \u00fczerine savc\u0131 bir \u00fcst mahkeme olan Sungurlu Asliye Ceza Mahkemesi\u2019ne ba\u015fvurdu. Savc\u0131y\u0131 hakl\u0131 bulan mahkeme, iddianameye kabul etti.<\/p>\n<p style=\"text-align: justify;\"><strong>\u00a0Kaypakkaya kimdir?\u00a0<\/strong><\/p>\n<p style=\"text-align: justify;\">1949 y\u0131l\u0131nda \u00c7orum\u2019un Sungurlu il\u00e7esinin Karaya K\u00f6y\u00fc\u2019nde do\u011fdu. Mart 1968\u2019de \u00c7apa Fikir Kul\u00fcb\u00fc\u2019n\u00fcn kurucular\u0131 aras\u0131nda yer ald\u0131. \u0130\u015f\u00e7i-K\u00f6yl\u00fc gazetesinin \u0130stanbul\u2019daki b\u00fcrosunda \u00e7al\u0131\u015fan Kaypakkaya, Ayd\u0131nl\u0131k ve T\u00fcrk Solu dergilerine yaz\u0131lar yazd\u0131. Ayd\u0131nl\u0131k i\u00e7inde meydana gelen ayr\u0131\u015fmada Do\u011fu Perin\u00e7ek\u2019in ba\u015f\u0131n\u0131 \u00e7ekti\u011fi kanatta yer ald\u0131. 1972 y\u0131l\u0131na kadar burada \u00e7al\u0131\u015ft\u0131. Bu tarihte Do\u011fu Perin\u00e7ek ve \u00e7evresinin revizyonist ve oport\u00fcnist olduklar\u0131n\u0131 iddia eden Kaypakkaya, TKP\/ML-T\u0130KKO\u2019yu kurdu. \u0130brahim Kaypakkaya, Diyarbak\u0131r\u2019da girdi\u011fi bir \u00e7at\u0131\u015fmadan 5 g\u00fcn sonra yaral\u0131 yakaland\u0131. G\u00f6zalt\u0131na al\u0131nd\u0131ktan sonra 18 May\u0131s 1973\u2019te \u00f6ld\u00fc. \u00d6l\u00fcm sebebi kay\u0131tlara intihar olarak ge\u00e7ti.\u00a0<\/p>\n<p style=\"text-align: justify;\"><span style=\"color: #888888;\">Kaynak : Star<br \/>\n<\/span><\/p>\n","protected":false},"excerpt":{"rendered":"<p style=\"TEXT-ALIGN: center\">\n<p style=\"text-align: justify;\">Sungurlu savc\u0131s\u0131, su\u00e7lulu\u011fu \u2018maruf\u2019 T\u0130KKO liderini ananlara dava a\u00e7t\u0131. Mahkeme, 1973\u2019de \u00f6len \u015fahs\u0131n \u2018su\u00e7lulu\u011funu maruf olmaz\u2019 diyerek davay\u0131 reddetti<\/p>\n<p style=\"text-align: justify;\">\u00c7orum\u2019un Sungurlu \u0130l\u00e7esi\u2019nde mahkeme ile savc\u0131 aras\u0131nda, 1970\u2019lerin devrimci liderlerinden TKP\/ML-T\u0130KKO\u2019nun kurucusu \u0130brahim Kaypakkaya\u2019n\u0131n (\u0130bo) su\u00e7lu olup olmad\u0131\u011f\u0131 tart\u0131\u015fmas\u0131 ya\u015fand\u0131. Savc\u0131n\u0131n, \u0130brahim Kaypakkaya\u2019n\u0131n \u00f6l\u00fcm y\u0131ld\u00f6n\u00fcm\u00fc etkinliklerine kat\u0131lan zanl\u0131larla ilgili <\/p>\n","protected":false},"author":1,"featured_media":0,"comment_status":"open","ping_status":"closed","sticky":false,"template":"","format":"standard","meta":{"footnotes":""},"categories":[105],"tags":[],"class_list":["post-9773","post","type-post","status-publish","format-standard","hentry","category-gundem","odd"],"_links":{"self":[{"href":"http:\/\/www.korhanyilmaz.com\/index.php?rest_route=\/wp\/v2\/posts\/9773","targetHints":{"allow":["GET"]}}],"collection":[{"href":"http:\/\/www.korhanyilmaz.com\/index.php?rest_route=\/wp\/v2\/posts"}],"about":[{"href":"http:\/\/www.korhanyilmaz.com\/index.php?rest_route=\/wp\/v2\/types\/post"}],"author":[{"embeddable":true,"href":"http:\/\/www.korhanyilmaz.com\/index.php?rest_route=\/wp\/v2\/users\/1"}],"replies":[{"embeddable":true,"href":"http:\/\/www.korhanyilmaz.com\/index.php?rest_route=%2Fwp%2Fv2%2Fcomments&post=9773"}],"version-history":[{"count":0,"href":"http:\/\/www.korhanyilmaz.com\/index.php?rest_route=\/wp\/v2\/posts\/9773\/revisions"}],"wp:attachment":[{"href":"http:\/\/www.korhanyilmaz.com\/index.php?rest_route=%2Fwp%2Fv2%2Fmedia&parent=9773"}],"wp:term":[{"taxonomy":"category","embeddable":true,"href":"http:\/\/www.korhanyilmaz.com\/index.php?rest_route=%2Fwp%2Fv2%2Fcategories&post=9773"},{"taxonomy":"post_tag","embeddable":true,"href":"http:\/\/www.korhanyilmaz.com\/index.php?rest_route=%2Fwp%2Fv2%2Ftags&post=9773"}],"curies":[{"name":"wp","href":"https:\/\/api.w.org\/{rel}","templated":true}]}}