{"id":9718,"date":"2009-06-06T15:04:37","date_gmt":"2009-06-06T12:04:37","guid":{"rendered":"http:\/\/www.korhanyilmaz.com\/?p=9718"},"modified":"2009-06-06T15:04:37","modified_gmt":"2009-06-06T12:04:37","slug":"malezyada-erdogancilar-kongrede-kaybetti","status":"publish","type":"post","link":"http:\/\/www.korhanyilmaz.com\/?p=9718","title":{"rendered":"Malezya&#8217;da Erdo\u011fanc\u0131lar kongrede kaybetti"},"content":{"rendered":"<p style=\"text-align: center;\"><img loading=\"lazy\" decoding=\"async\" class=\"aligncenter size-full wp-image-9719\" src=\"http:\/\/www.korhanyilmaz.com\/wp-content\/uploads\/2009\/06\/070620090046140608892.jpg\" alt=\"\" width=\"329\" height=\"210\" \/><\/p>\n<p style=\"text-align: justify;\"><strong>Il\u0131ml\u0131 kanat, muhafazakarlara yenildi&#8230;<\/strong><\/p>\n<p style=\"text-align: justify;\">Malezya&#8217;n\u0131n en b\u00fcy\u00fck muhalefet partisi Malezya \u0130slam Partisi&#8217;nin (PAS) kurultay\u0131nda yap\u0131lan ba\u015fkanl\u0131k se\u00e7iminde, &#8220;Erdo\u011fanc\u0131lar&#8221; olarak adland\u0131r\u0131lan reformcu ve \u0131l\u0131ml\u0131 kanat, ulemalara yani muhafazakarlara yenildi&#8230;<\/p>\n<p style=\"text-align: justify;\">Se\u00e7imde, ulemalar\u0131n destekledi\u011fi ve partinin dini liderinin de deste\u011fini alan Ba\u015fkan Yard\u0131mc\u0131s\u0131 Nasharuddin Mat Isa, Erdo\u011fanc\u0131 Husam Musa&#8217;y\u0131 yenerek parti ba\u015fkan\u0131 oldu..<\/p>\n<p style=\"text-align: justify;\">Parti genel komitesine de 8 ulema girerken, 10&#8217;u ise Erdo\u011fanc\u0131 oldu&#8230; Malezya bas\u0131n\u0131 \u015fimdi, bu b\u00f6l\u00fcnmelerin partiyi tamamen ikiye ay\u0131rmas\u0131ndan endi\u015fe ediyor.<!--more--><\/p>\n<p style=\"text-align: justify;\">Malezya son g\u00fcnlerde, muhalefetteki en b\u00fcy\u00fck ikinci parti olan Malezya \u0130slam Partisi&#8217;nde (PAS) ya\u015fanan i\u00e7 kar\u0131\u015f\u0131kl\u0131klar\u0131 ve grupla\u015fmay\u0131 konu\u015fuyor. Di\u011fer iki parti ile kurulan koalisyon ile M\u00fcsl\u00fcman Malay&#8217;lar\u0131n \u00e7o\u011funlukta bulundu\u011fu 5 eyalette y\u00f6netimi elinde bulunduran PAS&#8217;taki &#8220;\u0131l\u0131ml\u0131lar&#8221; ile &#8220;muhafazakar&#8221; kanat aras\u0131ndaki \u00e7eki\u015fme partiyi 5-7 Haziran&#8217;da yap\u0131lacak kurultay \u00f6nceki da\u011f\u0131lma noktas\u0131na getirmi\u015fti. Ba\u015fkan Yard\u0131mc\u0131s\u0131 Nashraruddin Mat Isa&#8217;n\u0131n liderli\u011findeki \u0131l\u0131ml\u0131lar, parti i\u00e7inde Erdo\u011fanc\u0131lar olarak tan\u0131mlan\u0131yor. Bunun nedeni ise, bu grubun Ba\u015fbakan Recep Tayyip Erdo\u011fan ile yak\u0131n dostlu\u011fu bulunan muhalefet lideri Enver \u0130brahim&#8217;i desteklemeleri. Ulemalar denilen kanat, partinin daha muhafazakar bir \u00e7izgiye kaymas\u0131n\u0131 savunurken, PAS&#8217;\u0131n ruhani lideri Nik Abdul Aziz Nik Mat&#8217;\u0131n da deste\u011fini alan Erdo\u011fanc\u0131lar, \u0130slami hayat g\u00f6r\u00fc\u015f\u00fcn\u00fcn \u00e7ok k\u00fclt\u00fcrl\u00fc bir toplumu \u00f6ng\u00f6rd\u00fc\u011f\u00fcn\u00fc ve taban\u0131n farkl\u0131 k\u00fclt\u00fcrlere ve dine mensup se\u00e7menlere do\u011fru geni\u015flemesini istiyor.<\/p>\n<p style=\"text-align: justify;\"><span style=\"color: #888888;\"><a href=\"http:\/\/w9.gazetevatan.com\/Malezyada_Erdogancilar_kongrede_kaybetti\/242188\/30\/Dunya\" target=\"_blank\">Kaynak : Vatan<\/a><\/span><\/p>\n","protected":false},"excerpt":{"rendered":"<p style=\"text-align: center;\">\n<p style=\"text-align: justify;\">Il\u0131ml\u0131 kanat, muhafazakarlara yenildi&#8230;<\/p>\n<p style=\"text-align: justify;\">Malezya&#8217;n\u0131n en b\u00fcy\u00fck muhalefet partisi Malezya \u0130slam Partisi&#8217;nin (PAS) kurultay\u0131nda yap\u0131lan ba\u015fkanl\u0131k se\u00e7iminde, &#8220;Erdo\u011fanc\u0131lar&#8221; olarak adland\u0131r\u0131lan reformcu ve \u0131l\u0131ml\u0131 kanat, ulemalara yani muhafazakarlara yenildi&#8230;<\/p>\n<p style=\"text-align: justify;\">Se\u00e7imde, ulemalar\u0131n destekledi\u011fi ve partinin dini liderinin de deste\u011fini alan Ba\u015fkan Yard\u0131mc\u0131s\u0131 Nasharuddin Mat Isa, Erdo\u011fanc\u0131 Husam Musa&#8217;y\u0131 <\/p>\n","protected":false},"author":1,"featured_media":0,"comment_status":"open","ping_status":"closed","sticky":false,"template":"","format":"standard","meta":{"footnotes":""},"categories":[3],"tags":[],"class_list":["post-9718","post","type-post","status-publish","format-standard","hentry","category-dunya","odd"],"_links":{"self":[{"href":"http:\/\/www.korhanyilmaz.com\/index.php?rest_route=\/wp\/v2\/posts\/9718","targetHints":{"allow":["GET"]}}],"collection":[{"href":"http:\/\/www.korhanyilmaz.com\/index.php?rest_route=\/wp\/v2\/posts"}],"about":[{"href":"http:\/\/www.korhanyilmaz.com\/index.php?rest_route=\/wp\/v2\/types\/post"}],"author":[{"embeddable":true,"href":"http:\/\/www.korhanyilmaz.com\/index.php?rest_route=\/wp\/v2\/users\/1"}],"replies":[{"embeddable":true,"href":"http:\/\/www.korhanyilmaz.com\/index.php?rest_route=%2Fwp%2Fv2%2Fcomments&post=9718"}],"version-history":[{"count":0,"href":"http:\/\/www.korhanyilmaz.com\/index.php?rest_route=\/wp\/v2\/posts\/9718\/revisions"}],"wp:attachment":[{"href":"http:\/\/www.korhanyilmaz.com\/index.php?rest_route=%2Fwp%2Fv2%2Fmedia&parent=9718"}],"wp:term":[{"taxonomy":"category","embeddable":true,"href":"http:\/\/www.korhanyilmaz.com\/index.php?rest_route=%2Fwp%2Fv2%2Fcategories&post=9718"},{"taxonomy":"post_tag","embeddable":true,"href":"http:\/\/www.korhanyilmaz.com\/index.php?rest_route=%2Fwp%2Fv2%2Ftags&post=9718"}],"curies":[{"name":"wp","href":"https:\/\/api.w.org\/{rel}","templated":true}]}}