{"id":9713,"date":"2009-06-07T08:42:00","date_gmt":"2009-06-07T06:42:00","guid":{"rendered":"http:\/\/www.korhanyilmaz.com\/?p=9713"},"modified":"2009-06-07T08:42:00","modified_gmt":"2009-06-07T06:42:00","slug":"ahmet-turk-vatana-konustu","status":"publish","type":"post","link":"http:\/\/www.korhanyilmaz.com\/?p=9713","title":{"rendered":"Ahmet T\u00fcrk VATAN&#039;a konu\u015ftu"},"content":{"rendered":"<p style=\"text-align: center;\"><img loading=\"lazy\" decoding=\"async\" class=\"aligncenter size-full wp-image-9714\" src=\"http:\/\/www.korhanyilmaz.com\/wp-content\/uploads\/2009\/06\/070620090237020835443.jpg\" alt=\"\" width=\"329\" height=\"210\" \/><\/p>\n<p style=\"text-align: justify;\">DTP de, PKK da, halk da ayn\u0131 \u015feyi istiyor. Tek eksik g\u00fc\u00e7l\u00fc bir siyasi irade.<\/p>\n<p style=\"text-align: justify;\">DTP e\u015f ba\u015fkan\u0131 Ahmet T\u00fcrk\u2019le ne zamand\u0131r konu\u015fmay\u0131 istiyordum. Farkl\u0131 bir K\u00fcrt, farkl\u0131 bir siyaset\u00e7i oldu\u011funu d\u00fc\u015f\u00fcn\u00fcyordum. Yan\u0131lmam\u0131\u015f\u0131m. \u0130nanc\u0131 beni heyecanland\u0131rd\u0131. Yumu\u015fak ve sakin anlat\u0131m\u0131 etkiledi. D\u00fcr\u00fcstl\u00fc\u011f\u00fc \u00e7arpt\u0131. Ahmet T\u00fcrk bu bar\u0131\u015f\u0131n en \u00f6nemli isimlerinden biri.<\/p>\n<p style=\"text-align: justify;\"><strong>Ge\u00e7en hafta, 32. G\u00fcn program\u0131nda cesur ve etkileyici a\u00e7\u0131klamalar yapt\u0131n\u0131z. \u201cGerekirse Kandil\u2019e giderim\u201d bile dediniz. Ama beni etkileyen \u201cKarde\u015flik i\u00e7in 17 bin faili me\u00e7hulun katilini affetmeye haz\u0131r\u0131m\u201d demeniz oldu. Bu s\u00f6ylenmesi kadar da kolay bir duygu de\u011fil. \u00c7arp\u0131c\u0131yd\u0131 ger\u00e7ekten. Nas\u0131l tepkiler geldi T\u00fcrklerden ve K\u00fcrtlerden?<\/strong><\/p>\n<p style=\"text-align: justify;\">Olumsuz bir tepki almad\u0131m. \u0130nan\u0131n bana orada s\u00f6ylediklerimi hi\u00e7bir politik hesap yapmadan, s\u00f6zc\u00fckleri se\u00e7meden, inanc\u0131mla, hissetti\u011fim gibi s\u00f6yledim. Ya\u015fanan s\u00fcrecin a\u00e7\u0131k bir \u015fekilde de\u011ferlendirmesini yaparak kamuoyuna sunmak istedim. Kendimi hi\u00e7 frenlemedim. Olabildik\u00e7e a\u00e7\u0131k oldum. Devletin bir kesiminde rahats\u0131zl\u0131k yaratm\u0131\u015f olabilir.<!--more-->\u00a0Ger\u00e7eklerin g\u00fcndeme gelmesini, iki y\u00fczl\u00fc politikan\u0131n ortaya \u00e7\u0131kmas\u0131n\u0131, ya\u015fananlar\u0131n kamuoyuna anlat\u0131lmas\u0131n\u0131 istemeyenler de olabilir. Kamuoyu ya\u015fananlar\u0131 bilmiyor. Hi\u00e7bir zaman da bilmedi. Bunu bilin\u00e7li engellediler. Kamuoyu bilse, farkl\u0131 bir bak\u0131\u015f a\u00e7\u0131s\u0131 olurdu, eminim. K\u00fcrt halk\u0131 her zaman T\u00fcrk halk\u0131n\u0131 karde\u015f halk olarak g\u00f6rd\u00fc. Yar\u0131n farkl\u0131 \u015feyler olsa, ben bu \u00fclkeyi b\u0131rakmam. Bu \u00fclkede \u00f6zg\u00fcr ve e\u015fit olmak isterim. Gitmem bir yere.<\/p>\n<p style=\"text-align: justify;\"><strong>Sizce T\u00fcrkler K\u00fcrtlerin ac\u0131lar\u0131n\u0131 anl\u0131yor mu? Ya da K\u00fcrtler T\u00fcrklerin ac\u0131lar\u0131n\u0131? Sizce ac\u0131lar anla\u015f\u0131lmadan ger\u00e7ekten bar\u0131\u015f olabilir mi?<\/strong><\/p>\n<p style=\"text-align: justify;\">1991 Nevruzu\u2019nda \u015e\u0131rnak\u2019a gitti\u011fimizde m\u00fcthi\u015f bir \u00e7at\u0131\u015fma ortam\u0131 yarat\u0131lm\u0131\u015ft\u0131. 16 insan \u00f6lm\u00fc\u015ft\u00fc. Atat\u00fcrk b\u00fcst\u00fcn\u00fcn hemen orada duran bir otob\u00fcs santim santim kur\u015funlanm\u0131\u015ft\u0131, ama Atat\u00fcrk heykeli sapasa\u011flam duruyordu. \u0130\u00e7inde iki \u00e7ocu\u011fun yanarak \u00f6ld\u00fc\u011f\u00fc ev 50 m mesafede&#8230; PKK geldi, \u00e7ar\u015f\u0131y\u0131 da\u011f\u0131tt\u0131, evleri yakt\u0131 deniyor. \u00c7ar\u015f\u0131 darmada\u011f\u0131n ama bir tek g\u00f6ky\u00fcz\u00fc g\u00f6z\u00fck\u00fcyor. Yani nereden ate\u015f ederseniz edin g\u00f6r\u00fcnmez. Siviller konu\u015fmaya korkuyor. Trabzonlu bir \u00f6\u011fretmen geldi, evi taciz edilmi\u015f. Feryat ediyor \u201cBug\u00fcn burada olmasam kesin bas\u0131na inan\u0131rd\u0131m, ama g\u00f6zlerimle g\u00f6rd\u00fcm, Jitem\u2019in korucular\u0131 yapt\u0131\u201d diyor. Susturmaya \u00e7al\u0131\u015ft\u0131k. Ba\u015f\u0131na bir \u015fey gelmesin diye. K\u00fcrtlerin o b\u00f6lgede ne ya\u015fad\u0131\u011f\u0131n\u0131, \u00e7ekti\u011fi ac\u0131lar\u0131 T\u00fcrkiye kamuoyu bilmiyor. Bu y\u00fczden \u00e7\u00f6z\u00fcms\u00fczl\u00fck s\u00fcreci hep devam etti. Ac\u0131lar\u0131 payla\u015fmad\u0131\u011f\u0131m\u0131z zaman bu i\u015fi \u00e7\u00f6zemeyiz, size kat\u0131l\u0131yorum. K\u00fcrtler bu s\u00fcre\u00e7te duygusal yakla\u015f\u0131mdan \u00e7ok uzak kald\u0131. \u0130ntikam ve nefret duygular\u0131yla kar\u015f\u0131la\u015ft\u0131lar hep. Ac\u0131lar\u0131n\u0131 kimse g\u00f6rmedi. Onlar da \u00f6ld\u00fc. O aileler de yand\u0131. Ona ra\u011fmen, inanarak s\u00f6yl\u00fcyorum, K\u00fcrtlerin g\u00f6sterdi\u011fi duyarl\u0131l\u0131k ve T\u00fcrk halk\u0131na her \u015feye ra\u011fmen \u00f6fke ve kin duymamas\u0131 \u00e7ok \u00f6nemli. Bu sorun siyasete alet edilmeyecek kadar \u00f6nemli bir sorun.<\/p>\n<p style=\"text-align: justify;\">PKK\u2019n\u0131n geldi\u011fi nokta bar\u0131\u015f\u00e7\u0131l bir s\u00fcrecin \u00f6n\u00fcn\u00fc a\u00e7\u0131yor.<\/p>\n<p style=\"text-align: justify;\"><strong>Bir bar\u0131\u015f s\u00fcreci ba\u015flad\u0131 m\u0131 ger\u00e7ekten? K\u00fcrt sorununun \u00e7\u00f6z\u00fclmesine az m\u0131 kald\u0131? Nedir sizin inanc\u0131n\u0131z? Bu s\u00fcrece g\u00fcveniyor musunuz ger\u00e7ekten?<\/strong><\/p>\n<p style=\"text-align: justify;\">Bar\u0131\u015f tabii ki kolay bir \u015fey de\u011fil. Zaman laz\u0131m. Ama konu\u015fmalar\u0131n ba\u015flamas\u0131 umut verici. Konjonkt\u00fcr olarak \u00e7ok \u015feyin de\u011fi\u015fti\u011fini g\u00f6r\u00fcyoruz. PKK\u2019n\u0131n geldi\u011fi nokta bar\u0131\u015fc\u0131l bir s\u00fcrecin \u00f6n\u00fcn\u00fc a\u00e7\u0131yor. Ba\u011f\u0131ms\u0131z K\u00fcrdistan yerine, sorunun T\u00fcrkiye\u2019nin b\u00fct\u00fcn\u00fc i\u00e7inde \u00e7\u00f6z\u00fcm\u00fc. Halklar\u0131n karde\u015fli\u011fini tesis ederek ve talep ederek \u00e7\u00f6zme inanc\u0131. \u0130steklerinin \u00e7a\u011fda\u015f d\u00fcnyada kabul edilebilir olmas\u0131, bar\u0131\u015f i\u00e7in \u00e7ok \u00f6nemli.<\/p>\n<p style=\"text-align: justify;\"><strong>\u00c7ok uzun y\u0131llard\u0131r da\u011fda sava\u015farak ya\u015fayan insanlar var. Bar\u0131\u015f olursa sizce bu insanlar sava\u015fs\u0131z normal bir hayata adapte olabilecekler mi? Bar\u0131\u015f iyi bir \u015fey ama arkas\u0131n\u0131 planlamazsan\u0131z eksik kalmaz m\u0131?<\/strong><\/p>\n<p style=\"text-align: justify;\">Ma\u011farada ya\u015fayan insanlar de\u011fil ki onlar. \u0130nternet ba\u015f\u0131nda Washington\u2019da ne olmu\u015f an\u0131nda bilen, kimisi okulunu b\u0131rakm\u0131\u015f gitmi\u015f, kimisi ailesini. D\u00f6nd\u00fcklerinde burada bir hayatlar\u0131 var. Siz da\u011fda tam ne var zannediyorsunuz? \u201cPsikolojik yard\u0131m\u201d diyorlar. Bence b\u00f6yle bir \u015feye ihtiya\u00e7 yok. T\u00fcrk halk\u0131n\u0131n d\u00fc\u015fman\u0131 de\u011fil o insanlar. \u00d6zlemi, gelip insanca burada ya\u015famak. \u0130nsanca kucaklayacak bir yakla\u015f\u0131m istiyorlar sadece. Bunu ba\u015farmak laz\u0131m i\u015fte. \u00c7ok i\u00e7ten inan\u0131yorum ki benim dediklerimden farkl\u0131 \u015feyler hissetmiyor onlar da.<\/p>\n<p style=\"text-align: justify;\">K\u00fcrtler de sorunun silahla \u00e7\u00f6z\u00fclemeyece\u011fini anlad\u0131<\/p>\n<p style=\"text-align: justify;\"><strong>Per\u015fembe g\u00fcn\u00fc Tayyip Erdo\u011fan sert bir \u00e7\u0131k\u0131\u015f yapt\u0131. Sizin silahlar\u0131 b\u0131rakal\u0131m talebinize kar\u015f\u0131 \u201cAsker silah b\u0131rakamaz\u201d dedi. Ve sizi su\u00e7lad\u0131.<\/strong><\/p>\n<p style=\"text-align: justify;\">Biz tabii ki b\u00f6yle bir \u015fey demiyoruz. H\u00fck\u00fcmetin \u00e7ok dar bir mant\u0131\u011f\u0131 var. D\u00fcnyada hi\u00e7bir \u015fey tek tarafl\u0131 \u00e7\u00f6z\u00fclmez. \u0130ki taraf\u0131n da bu niyeti ortaya koymas\u0131 gerekiyor. Tek tarafl\u0131 silahlar\u0131 susturdu\u011funuzda bunun bir anlam\u0131 olmaz ki. Ama \u201cAsker silah b\u0131raks\u0131n\u201d demiyoruz. Bunu b\u00f6yle kullan\u0131yor. Bu s\u00fcrecin demokratik bir s\u00fcrece evrilmesi i\u00e7in operasyonlarda da hassasiyet g\u00f6sterilmesini istiyoruz. Operasyonlar da durmal\u0131 tabii ki. \u0130nsanlar\u0131m\u0131z bar\u0131\u015f arzusu i\u00e7inde. Devletin stat\u00fckocu anlay\u0131\u015f\u0131n\u0131 a\u015fan bir umuttur bu. D\u00fcnyan\u0131n da bar\u0131\u015f istedi\u011fi bir konjonkt\u00fcrde, h\u00fck\u00fcmet buna direniyor. Hem i\u00e7te hem d\u0131\u015fta sorunlar\u0131 art\u0131k diyalogla \u00e7\u00f6z\u00fclme d\u00f6nemi. Bu h\u00fck\u00fcmet \u00fczerinde bir bask\u0131 yarat\u0131yor. Ana muhalefet direnemiyor. Asker de bunu g\u00f6rmek zorunda. Sonu\u00e7ta asker \u00fclkenin g\u00fcvenli\u011fiyle ilgi bir memur. Siyasi irade yerine ge\u00e7emez, onlar yerine kararlar veremez. K\u00fcrtler de silahla \u00e7\u00f6z\u00fclmeyece\u011fini anlad\u0131. Talepler ortak asl\u0131nda. Devlet de silahla \u00e7\u00f6z\u00fclmeyece\u011fini g\u00f6rmeli art\u0131k. Demokrasi g\u00fc\u00e7lerinin bu sorunun silahlarla \u00e7\u00f6z\u00fclmeyece\u011fini anlamas\u0131 \u00f6nemlidir. H\u00fck\u00fcmetin \u00e7\u00f6z\u00fcm i\u00e7in \u00e7abas\u0131 yok, projesi yok, bir niyet var gibi sadece. Ne kadar direnirlerse dirensinler bir g\u00fcn bizim savundu\u011fumuz noktaya herkes gelecek. G\u00f6receksiniz&#8230;<\/p>\n<p style=\"text-align: justify;\"><strong>Siz tam ne istiyorsunuz?<\/strong><\/p>\n<p style=\"text-align: justify;\">Biz i\u015fin nas\u0131l \u00e7\u00f6z\u00fclmesi gerekti\u011fini biliyoruz ama net, \u015fart gibi ifadeler kullanmam\u0131z s\u00fcrecin \u00f6n\u00fcn\u00fc t\u0131kar. Kar\u015f\u0131l\u0131kl\u0131 affetmemiz laz\u0131m en ba\u015fta&#8230; Sonra, demokratik bir Anayasa, farkl\u0131l\u0131klar\u0131 zenginlik g\u00f6ren bir mant\u0131k, yerel y\u00f6netimlerin g\u00fc\u00e7lendirilmesi, k\u00fclt\u00fcrel, dinsel, kimliksel, demokratik \u00f6zerklik ve ademi merkezcilik anlay\u0131\u015f\u0131 ta\u015f\u0131yan bir proje. Kat\u0131 merkeziyet\u00e7i yap\u0131n\u0131n devletleri hantalla\u015ft\u0131rd\u0131\u011f\u0131 g\u00f6r\u00fcyoruz. Bunlar\u0131 sadece kendimiz i\u00e7in istemiyoruz. Bunu isteyen ba\u015fkalar\u0131 da varsa, o halk\u0131n da iradesinin yans\u0131mas\u0131 laz\u0131m. Ama \u201cLazlar, \u00c7erkezler\u201d deniyor, bu do\u011fru bir \u00f6rnek de\u011fil. K\u00fcrtler yo\u011fun bir n\u00fcfusa ve ortak bir co\u011frafyaya sahip. B\u00f6yle ba\u015fka bir n\u00fcfus yok. \u00c7erkez de hakk\u0131n\u0131 istiyorsa almal\u0131. Talepleri de yok. Ama K\u00fcrtlerin var. Birbirlerine \u00f6rnek g\u00f6sterilemezler. Halk\u0131 tatmin etmedi\u011finiz zaman bug\u00fcn PKK olur, yar\u0131n K\u00fcrtlerin Hamas\u2019\u0131 \u00e7\u0131kar, ba\u015fka g\u00fcn ba\u015fka bir \u015fey&#8230; Ama \u00e7\u00f6z\u00fcm olmaz. PKK susarsa \u00e7\u00f6z\u00fcm olmu\u015f mu olur. Hay\u0131r, teslim alm\u0131\u015f olursunuz sadece ama K\u00fcrt sorununu \u00e7\u00f6zm\u00fc\u015f olmazs\u0131n\u0131z. Hassas bir s\u00fcre\u00e7. Nereye evrilece\u011fini s\u00f6ylemek m\u00fcmk\u00fcn de\u011fil \u015fimdiden.<\/p>\n<p style=\"text-align: justify;\"><strong>PKK \u00d6calan\u2019la g\u00f6r\u00fc\u015f\u00fclebilir diyor ben de isterim, ke\u015fke olsa<\/strong><\/p>\n<p style=\"text-align: justify;\"><strong>Peki bunlar\u0131n olmas\u0131 i\u00e7in sizin projeniz ne? Tayyip Erdo\u011fan\u2019la g\u00f6r\u00fc\u015fseniz ona ne diyeceksiniz? Ne isteyeceksiniz, ne \u00f6nereceksiniz?<\/strong><\/p>\n<p style=\"text-align: justify;\">PKK diyor ki \u201c\u00d6calan\u2019la g\u00f6r\u00fc\u015f\u00fclebilir, katk\u0131 sunar, biz buna haz\u0131r\u0131z\u201d diyor. Ben de isterim ke\u015fke birileri gidip g\u00f6r\u00fc\u015fse. O olmasa biz var\u0131z. O olmazsa akl\u0131 selim insanlar kurulu bir meclis olu\u015fturulabilir.<\/p>\n<p style=\"text-align: justify;\">Tek bir se\u00e7enek yok. Bir \u015fart sunulmuyor yani, diyalog kurulmas\u0131 i\u00e7in biz her \u015feye haz\u0131r\u0131z. Ama amac\u0131m\u0131z Tayyip Erdo\u011fan\u2019\u0131n elini s\u0131kmak de\u011fil. S\u0131kmay\u0131z da yani gerekirse. Bunun merakl\u0131s\u0131 de\u011filiz. \u00c7\u00f6z\u00fcm i\u00e7in diyalo\u011fa ihtiya\u00e7 duyuyorsa g\u00f6r\u00fc\u015felim. Ben sorumluluk ve ihtiya\u00e7 duyuyorum buna.<\/p>\n<p style=\"text-align: justify;\"><strong>\u00d6calan \u00e7\u00f6z\u00fcm i\u00e7in do\u011fru anahtar, bunu ink\u00e2r edemeyiz<\/strong><\/p>\n<p style=\"text-align: justify;\">Ak Parti milletvekili \u0130hsan Arslan dedi ki \u201cBa\u015fbakan g\u00f6r\u00fc\u015fecekti ama tam o s\u0131rada may\u0131n patlad\u0131, \u015fehitler oldu, o y\u00fczden ertelendi.\u201d<\/p>\n<p style=\"text-align: justify;\">Bu laflar\u0131 samimi bulmuyorum a\u00e7\u0131k\u00e7as\u0131. Burada kararl\u0131l\u0131k eksik. D\u00fcnyada hi\u00e7bir zaman \u00e7at\u0131\u015fmalar\u0131n oldu\u011fu yerlerde \u201c\u00c7at\u0131\u015fma oldu\u201d diye g\u00f6r\u00fc\u015fmemezlik olmaz. Projeler ask\u0131ya al\u0131nmaz. Yine olabilir, hi\u00e7 istemememize ra\u011fmen. Kararl\u0131 olmam\u0131z laz\u0131m ama. Ayr\u0131ca \u00e7at\u0131\u015fma olmad\u0131\u011f\u0131 d\u00f6nemleri de ya\u015fad\u0131k, koca 5 sene hi\u00e7bir \u015fey yap\u0131lmad\u0131.<\/p>\n<p style=\"text-align: justify;\"><strong>\u00d6calan i\u00e7in \u00f6zg\u00fcrl\u00fck istiyor musunuz ger\u00e7ekten?<\/strong><\/p>\n<p style=\"text-align: justify;\">Bir anahtar varsa do\u011fru kullan\u0131lmas\u0131 laz\u0131m, \u00e7\u00f6z\u00fcm i\u00e7in. \u00d6calan \u00e7\u00f6z\u00fcm i\u00e7in \u00f6nemli bir anahtar. Bunu ink\u00e2r ederek bir yere varamay\u0131z. B\u00fct\u00fcn\u00fcyle \u00e7\u00f6zebilmemiz i\u00e7in b\u00f6yle g\u00f6rmemiz laz\u0131m zaten olay\u0131. Bug\u00fcn \u00fc\u00e7 milyon insan imza toplay\u0131p da \u00d6calan\u2019\u0131n affedilmesi i\u00e7in bir istek g\u00f6steriyorsa, toplum \u00fczerinde b\u00fcy\u00fck bir etkinli\u011fi var demektir. Ee, o zaman onu bu s\u00fcre\u00e7ten nas\u0131l ay\u0131rabiliriz ki? \u201cBu etkin g\u00fcc\u00fc devre d\u0131\u015f\u0131 b\u0131rak\u0131yorum\u201d dersen, faydalanmazsan bunun s\u0131k\u0131nt\u0131lar\u0131 olur. Ama ger\u00e7ek\u00e7i olmak laz\u0131m, bunu birinci \u015fart gibi sunarsan \u00e7\u00f6z\u00fcm\u00fc t\u0131kars\u0131n. Bu zaman i\u00e7inde olacak bir \u015fey. K\u00fcrt cephesinin de bunu g\u00f6rmesi laz\u0131m. \u00d6calan\u2019\u0131n oradaki durumunu rahatlatacak birka\u00e7 \u00e7\u00f6z\u00fcm yap\u0131labilir ama tabii ki. Avukatlar\u0131 arac\u0131l\u0131\u011f\u0131yla s\u00fcrekli bu kan\u0131n durmas\u0131n\u0131 s\u00f6yl\u00fcyor. K\u00fcrtler \u00fczerinde etkili bir isim.<\/p>\n<p style=\"text-align: justify;\"><strong>Hem taraf\u0131m, hem k\u00f6pr\u00fcy\u00fcm hem de siyaset\u00e7iyim<\/strong><\/p>\n<p style=\"text-align: justify;\"><strong>Murat Karay\u0131lan\u2019\u0131n \u0130sko\u00e7ya modeli dedi\u011fi modeli destekliyor musunuz?<\/strong><\/p>\n<p style=\"text-align: justify;\">Birebir b\u00f6yle olacak manas\u0131nda demedi. Bir\u00e7ok ba\u015far\u0131lm\u0131\u015f model var. Mesela \u0130sko\u00e7ya modeli. \u201c\u015eu g\u00fcnlerde bunu okuyorum, ilgileniyorum\u201d manas\u0131nda diyor. \u015eart olarak de\u011fil. \u00d6rnek veriyor. Biz de ona s\u00f6yl\u00fcyoruz, hangi \u00fclkeler, nas\u0131l projeler koymu\u015f oturup konu\u015fmam\u0131z laz\u0131m. Kendimize uygun bir proje geli\u015ftirmemiz laz\u0131m.<\/p>\n<p style=\"text-align: justify;\"><strong>PKK ile yak\u0131n oldu\u011funuz i\u00e7in ya da onlar\u0131 ter\u00f6rist ilan etmedi\u011finiz i\u00e7in su\u00e7lan\u0131yorsunuz \u00e7o\u011fu zaman. Ne kadar yak\u0131ns\u0131n\u0131z siz PKK ile ya da DTP?<\/strong><\/p>\n<p style=\"text-align: justify;\">Benim duygular\u0131m ne olurdu bilemem ama K\u00fcrt olmasayd\u0131m da ayn\u0131 \u015feyi s\u00f6yleme ihtiyac\u0131 duyard\u0131m. K\u00fcrt oldu\u011fum i\u00e7in s\u00f6ylemiyorum. Var olan bir sorunun, \u00e7\u00f6z\u00fcm\u00fcn\u00fcn T\u00fcrkiye\u2019nin yarar\u0131na olmas\u0131 gerekti\u011fine inand\u0131\u011f\u0131m i\u00e7in b\u00f6yle s\u00f6ylerdim. Talepler, \u00e7\u00f6z\u00fcm form\u00fclleri b\u00fct\u00fcnle\u015fti. Bug\u00fcn DTP de, PKK da, halk da ayn\u0131 \u015feyi istiyor. Ortak mutabakat var. Ben de s\u00f6ylerim, halk da s\u00f6yler, PKK da s\u00f6yler. Beyinde ortakl\u0131k var. Bizden \u00e7ok farkl\u0131 K\u00fcrtlere gidin, konu\u015fun ayn\u0131 \u015f\u00f6yleri s\u00f6ylerler. \u00c7\u00f6z\u00fcm\u00fcn nas\u0131l olmas\u0131 gerekti\u011fi konusunda ortak bir ak\u0131l var. \u0130nan\u00e7lar\u0131ma g\u00f6re hareket ediyorum. Benzer \u015feyleri s\u00f6yl\u00fcyoruz diye niye ayr\u0131\u015fmam\u0131z gerekiyor ki?<\/p>\n<p style=\"text-align: justify;\">Ben hem taraf\u0131m, hem k\u00f6pr\u00fcy\u00fcm, hem siyasi sorumlulu\u011fum var. K\u00fcrt halk\u0131n\u0131n co\u011frafyas\u0131ndan gelen insanlar\u0131z, onlar\u0131 tan\u0131yan bilen insanlar\u0131z. Onlar\u0131n taleplerini y\u00fcre\u011fimizde ya\u015fayan insanlar\u0131z. Ge\u00e7en g\u00fcn iki gerilla \u00f6ld\u00fc. Biri benim il genel meclis \u00fcyemin karde\u015fi, birisi il\u00e7e ba\u015fkan\u0131m\u0131z karde\u015fi. \u0130\u00e7 i\u00e7eyiz. Bunu basite indirgemeyin. Toplumsal bir sorun bu.<\/p>\n<p style=\"text-align: justify;\"><strong>S\u0130YASET ADAMI DE\u011e\u0130L\u0130M, K\u00dcRS\u00dcDE H\u00c2L\u00c2 BACAKLARIM T\u0130TRER<\/strong><\/p>\n<p style=\"text-align: justify;\"><strong>Peki, asker siyaseti etkiliyor. Bunu k\u0131racak g\u00fc\u00e7l\u00fc bir siyasi irade gerekiyor diyorsunuz. Sizin de PKK bask\u0131s\u0131 alt\u0131nda oldu\u011funuza inananlar var. \u00d6calan\u2019\u0131n ya da PKK\u2019n\u0131n sizin \u00fczerinizde bir yapt\u0131r\u0131m g\u00fcc\u00fc var m\u0131?<\/strong><\/p>\n<p style=\"text-align: justify;\">Bir siyasi partinin e\u015f ba\u015fkan\u0131y\u0131m. Delegelerim var. Bize inanan insanlar var. Taban\u0131m var. Onlarla beraber siyaset yap\u0131yorum. Ahmet T\u00fcrk olarak bir a\u00e7\u0131klama yapm\u0131yorum, bir partinin ortak d\u00fc\u015f\u00fcncesi. \u015eu anda PKK, halk ve biz ayn\u0131 \u015feyleri s\u00f6yl\u00fcyoruz \u00e7\u00f6z\u00fcm i\u00e7in. Birbirimize ayk\u0131r\u0131 da d\u00fc\u015febiliriz. Bunu da o zaman s\u00f6yleriz. Kendi aram\u0131zda tabii ki tart\u0131\u015f\u0131yoruz. \u015eahin ve g\u00fcvercin diye de bir \u015fey yok asl\u0131nda. Ciddi bir sorun var, diyalog ortam\u0131n\u0131n olmas\u0131 gerekti\u011fine inan\u0131yoruz. Buna katk\u0131 sa\u011flamak istiyoruz. Gayri ciddi yakla\u015f\u0131m g\u00f6r\u00fcrsek, bunu suland\u0131rmaya \u00e7al\u0131\u015fan yakla\u015f\u0131mlar g\u00f6r\u00fcrsek cesurca bunlar\u0131 if\u015fa ederiz. Gerekirse bar\u0131\u015f i\u00e7in diyalog olu\u015ftururuz, ama bunu g\u00f6rmedi\u011fimiz zaman da, bu yakla\u015f\u0131m i\u00e7inde olmayanlar\u0131 da te\u015fhir etmeye haz\u0131r\u0131z. Bu kadar da a\u00e7\u0131\u011f\u0131m.<\/p>\n<p style=\"text-align: justify;\"><strong>Kimler bu bar\u0131\u015f\u0131 istemiyor?<\/strong><\/p>\n<p style=\"text-align: justify;\">\u201cK\u00fcrt sorunu \u00e7\u00f6z\u00fclmeden demokratikle\u015fme olmaz\u201d diyorlar, asl\u0131nda demokratikle\u015fme olmadan K\u00fcrt sorunu \u00e7\u00f6z\u00fclmez. Demokrat bir siyasi irade olmal\u0131. Meclis iradesi her \u015feyin \u00fcst\u00fcnde olmal\u0131. Bu anlay\u0131\u015f ve kararl\u0131l\u0131k olmal\u0131. Siyasi irade olmadan olmaz. Bug\u00fcne kadar Tansu \u00c7iller\u2019inden Mesut Y\u0131lmaz\u2019\u0131na kadar herkes bir denedi ama olmad\u0131. Siyasi irade hep geri ad\u0131m atmak zorunda kalm\u0131\u015f. Hadi biri tesad\u00fcfen s\u00f6yledi, hepsi mi tesad\u00fcfen s\u00f6yledi K\u00fcrt meselesiyle ilgili \u00e7\u00f6z\u00fcm noktalar\u0131n\u0131.<\/p>\n<p style=\"text-align: justify;\"><strong>Onlar\u0131 korkutan bir \u015feyler mi oldu sizce?<\/strong><\/p>\n<p style=\"text-align: justify;\">Tabii ki. Siyasi irade hakim olmad\u0131\u011f\u0131 i\u00e7in. Vesayet alt\u0131nda burada siyasi irade. E\u011fer \u00f6yle de\u011filse bu olay\u0131 \u00e7\u00f6zme kabiliyeti g\u00f6stermeli siyasi irade. Askeri su\u00e7lamak \u00e7ok da \u00f6nemli bir \u015fey de\u011fil, siyasi iradenin bunu a\u015fabilmesi \u00f6nemli. Ben \u015fu ana kadar a\u00e7\u0131k bir irade g\u00f6remedim Ak Parti\u2019de. Bir tart\u0131\u015fmalar ba\u015flad\u0131 ama devletin elinde, h\u00fck\u00fcmetin elinde bir proje g\u00f6rmedim. Tart\u0131\u015fmalar ba\u015flad\u0131. Demokratik \u00e7\u00f6z\u00fcm i\u00e7in talepler var. K\u00fcrtlerden var, akl\u0131 ba\u015f\u0131nda insanlardan var. Umudumuz, Orta Do\u011fu\u2019daki geli\u015fmeleri, d\u00fcnyadaki geli\u015fmeleri \u00e7ok dikkatle izleyerek, T\u00fcrkiye\u2019nin yar\u0131n daha k\u00f6t\u00fc kaos ortamlar\u0131na s\u00fcr\u00fcklenmemesi i\u00e7in, demokratik refleksi g\u00f6stererek, Orta Do\u011fu\u2019nun de demokratikle\u015fmesine katk\u0131da bulunacak rol ve misyonu oynamas\u0131.<\/p>\n<p style=\"text-align: justify;\"><strong>Sadece K\u00fcrtler i\u00e7in siyasi proje \u00fcretmek bir siyaset\u00e7i olarak sizi rahats\u0131z ediyor mu bazen? B\u00fct\u00fcn \u00fclkede ya\u015fayanlar i\u00e7in siyaset yapmak ister miydiniz?<\/strong><\/p>\n<p style=\"text-align: justify;\">Bu sorunlar olmasa parti kurmak gibi bir d\u00fc\u015f\u00fcncemiz olmaz. Milletvekili olmak gibi bir arzumuz olmaz. Hayat\u0131ma bakar\u0131m. Siyaset yapmak gibi hi\u00e7bir arzum yok benim. Parti arkada\u015flar\u0131m da \u00f6yle. Hi\u00e7birinin kafas\u0131nda siyaset yapmak gibi bir d\u00fc\u015f\u00fcnce yok. \u201cBu sorunun \u00e7\u00f6z\u00fcm\u00fcnde misyonumuz var, halk\u0131n beklentisi var\u201d diye siyasetin i\u00e7indeyiz. Yar\u0131n bu sorunlar \u00e7\u00f6z\u00fcls\u00fcn siyasetin i\u00e7inde olmay\u0131z biz. H\u00e2l\u00e2 bacaklar\u0131m titriyor k\u00fcrs\u00fcde. Al\u0131\u015famad\u0131m. Ben siyaset adam\u0131 de\u011filim.<\/p>\n<p style=\"text-align: justify;\"><span style=\"color: #888888;\">Kaynak : Sanem Altan &#8211; Vatan<\/span><\/p>\n","protected":false},"excerpt":{"rendered":"<p style=\"text-align: center;\">\n<p style=\"text-align: justify;\">DTP de, PKK da, halk da ayn\u0131 \u015feyi istiyor. Tek eksik g\u00fc\u00e7l\u00fc bir siyasi irade.<\/p>\n<p style=\"text-align: justify;\">DTP e\u015f ba\u015fkan\u0131 Ahmet T\u00fcrk\u2019le ne zamand\u0131r konu\u015fmay\u0131 istiyordum. Farkl\u0131 bir K\u00fcrt, farkl\u0131 bir siyaset\u00e7i oldu\u011funu d\u00fc\u015f\u00fcn\u00fcyordum. Yan\u0131lmam\u0131\u015f\u0131m. \u0130nanc\u0131 beni heyecanland\u0131rd\u0131. Yumu\u015fak ve sakin anlat\u0131m\u0131 etkiledi. D\u00fcr\u00fcstl\u00fc\u011f\u00fc \u00e7arpt\u0131. Ahmet T\u00fcrk bu bar\u0131\u015f\u0131n en <\/p>\n","protected":false},"author":1,"featured_media":0,"comment_status":"open","ping_status":"closed","sticky":false,"template":"","format":"standard","meta":{"footnotes":""},"categories":[105],"tags":[],"class_list":["post-9713","post","type-post","status-publish","format-standard","hentry","category-gundem","odd"],"_links":{"self":[{"href":"http:\/\/www.korhanyilmaz.com\/index.php?rest_route=\/wp\/v2\/posts\/9713","targetHints":{"allow":["GET"]}}],"collection":[{"href":"http:\/\/www.korhanyilmaz.com\/index.php?rest_route=\/wp\/v2\/posts"}],"about":[{"href":"http:\/\/www.korhanyilmaz.com\/index.php?rest_route=\/wp\/v2\/types\/post"}],"author":[{"embeddable":true,"href":"http:\/\/www.korhanyilmaz.com\/index.php?rest_route=\/wp\/v2\/users\/1"}],"replies":[{"embeddable":true,"href":"http:\/\/www.korhanyilmaz.com\/index.php?rest_route=%2Fwp%2Fv2%2Fcomments&post=9713"}],"version-history":[{"count":0,"href":"http:\/\/www.korhanyilmaz.com\/index.php?rest_route=\/wp\/v2\/posts\/9713\/revisions"}],"wp:attachment":[{"href":"http:\/\/www.korhanyilmaz.com\/index.php?rest_route=%2Fwp%2Fv2%2Fmedia&parent=9713"}],"wp:term":[{"taxonomy":"category","embeddable":true,"href":"http:\/\/www.korhanyilmaz.com\/index.php?rest_route=%2Fwp%2Fv2%2Fcategories&post=9713"},{"taxonomy":"post_tag","embeddable":true,"href":"http:\/\/www.korhanyilmaz.com\/index.php?rest_route=%2Fwp%2Fv2%2Ftags&post=9713"}],"curies":[{"name":"wp","href":"https:\/\/api.w.org\/{rel}","templated":true}]}}