{"id":9704,"date":"2009-06-06T17:20:19","date_gmt":"2009-06-06T15:20:19","guid":{"rendered":"http:\/\/www.korhanyilmaz.com\/?p=9704"},"modified":"2009-06-06T17:20:19","modified_gmt":"2009-06-06T15:20:19","slug":"baykaldan-ilginc-benzetme","status":"publish","type":"post","link":"http:\/\/www.korhanyilmaz.com\/?p=9704","title":{"rendered":"Baykal&#039;dan ilgin\u00e7 benzetme"},"content":{"rendered":"<p style=\"TEXT-ALIGN: center\"><img loading=\"lazy\" decoding=\"async\" class=\"aligncenter size-full wp-image-9705\" title=\"Baykal'dan ilgin\u00e7 benzetme \" src=\"http:\/\/www.korhanyilmaz.com\/wp-content\/uploads\/2009\/06\/060620091710322784734.jpg\" alt=\"Baykal'dan ilgin\u00e7 benzetme \" width=\"320\" height=\"100\" \/><\/p>\n<p style=\"text-align: justify;\"><strong>Ba\u015fbakan Erdo\u011fan ve AKP H\u00fck\u00fcmeti i\u00e7in, \u201cAbbas yolcu&#8217; dedi.<\/strong><\/p>\n<p style=\"text-align: justify;\">Ba\u015fbakan Erdo\u011fan&#8217;\u0131n, partisine \u2018AKP&#8217; diyenleri edepsizlikle su\u00e7lamas\u0131n\u0131 ele\u015ftiren Baykal, \u201c\u015eimdi bu milletin yar\u0131s\u0131 edepsiz mi ? Sen memlekete edep mi \u00f6\u011freteceksin?\u201d diye sordu.<\/p>\n<p style=\"text-align: justify;\">Nev\u015fehir Kapadokya Havaalan\u0131&#8217;na u\u00e7akla gelen CHP lideri Deniz Baykal, partililer taraf\u0131ndan kar\u015f\u0131land\u0131. Baykal, karayoluyla, yar\u0131n belediye ba\u015fkanl\u0131k se\u00e7iminin yenilenece\u011fi Ni\u011fde&#8217;nin Bor \u0130l\u00e7esi&#8217;ne ba\u011fl\u0131 K\u0131z\u0131lca Beldesi\u2019ne ge\u00e7ti. Se\u00e7imleri kazanan CHP\u2019li \u0130brahim G\u00fcl\u00fcmser&#8217;in kar\u0131\u015ft\u0131\u011f\u0131 bir darp olay\u0131 nedeniyle sab\u0131ka kayd\u0131n\u0131n d\u00fc\u015ft\u00fc\u011f\u00fcne dair yaz\u0131n\u0131n Y\u00fcksek Se\u00e7im Kurulu&#8217;na (YSK) ge\u00e7 ula\u015ft\u0131r\u0131lmas\u0131 nedeniyle belediye ba\u015fkanl\u0131\u011f\u0131 yenilecek olan beldede co\u015fkuyla kar\u015f\u0131lanan Baykal, belde meydan\u0131nda \u00fczerine hal\u0131 serilen, \u00e7evresi CHP bayraklar\u0131yla donat\u0131lan trakt\u00f6r r\u00f6morkundan yap\u0131lan platformda konu\u015fma yapt\u0131. <!--more-->CHP&#8217;den \u0130brahim G\u00fcl\u00fcmser ile AKP&#8217;den Kerim G\u00fc\u00e7\u2019\u00fcn aras\u0131nda ge\u00e7mesi beklenen se\u00e7im yar\u0131\u015f\u0131n\u0131n yap\u0131laca\u011f\u0131 2 bin n\u00fcfuslu il\u00e7ede yakla\u015f\u0131k 1000 ki\u015fiye seslenen eden Baykal, 29 Mart\u2019taki se\u00e7imler i\u00e7in, \u201cBu se\u00e7imi siz tam i\u00e7inize sindirdiniz mi ?\u201d diye sorduktan sonra \u015f\u00f6yle dedi:<\/p>\n<p style=\"text-align: justify;\">\u201cOlay\u0131 \u015f\u00f6yle bir g\u00f6zden ge\u00e7irince insan\u0131n vicdan\u0131 rahats\u0131z oluyor. \u00d6nce \u2018se\u00e7ime kat\u0131labilir&#8217; diye aday\u0131m\u0131za se\u00e7im kurulu karar\u0131yla yetki verdiler. Se\u00e7im yap\u0131ld\u0131, arkada\u015f\u0131m\u0131z kazand\u0131. Ald\u0131ktan sonra 40 g\u00fcn hizmete ba\u015flad\u0131. \u00c7e\u015fmeyi yapt\u0131, yollar\u0131 d\u00fczenledi, K\u0131z\u0131lca&#8217;n\u0131n giri\u015fini g\u00fczelle\u015ftirdi. Hizmet yap\u0131laca\u011f\u0131 anla\u015f\u0131ld\u0131. \u0130l\u00e7e, il se\u00e7im kurullar\u0131 \u2018Ba\u015fkan \u0130brahim G\u00fcl\u00fcmser\u2019 dedi. Ama Y\u00fcksek Se\u00e7im Kurulu se\u00e7imi iptal etti. \u2018Yeniden yapaca\u011f\u0131z\u2019 dedi. Yarg\u0131 karar\u0131, ne yapal\u0131m boynumuz k\u0131ldan ince. \u015eimdi aday nas\u0131l oluyor peki? \u015eimdi olabilirmi\u015f ama o zaman olamazm\u0131\u015f. Bana \u00f6yle geliyor ki bu K\u0131z\u0131lca halk\u0131n\u0131 tahrik etmek i\u00e7in yap\u0131l\u0131yor. K\u0131z\u0131lca halk\u0131na \u2018Sen ald\u0131\u011f\u0131n karar\u0131n arkas\u0131nda duracak kadar baba yi\u011fit misin de\u011fil misin bir g\u00f6steriver de g\u00f6relim&#8217; demek istiyorlar. Bunlar yanl\u0131\u015f i\u015fler ama ben halk\u0131m\u0131za g\u00fcveniyorum\u201c dedi.<\/p>\n<p style=\"text-align: justify;\">T\u00fcrkiye&#8217;nin ekonomik a\u00e7\u0131dan iyi durumda olmad\u0131\u011f\u0131n\u0131 savunan CHP lideri Baykal, AKP iktidar\u0131n\u0131 ele\u015ftirip, \u201cBunlar 7 y\u0131ld\u0131r iktidarda. Bunlar d\u00f6neminde \u00e7ift\u00e7iyi g\u00fc\u00e7lendirdi, aya\u011fa kald\u0131rd\u0131lar diyebilir miyiz?&#8217; Tar\u0131m\u0131 \u00e7ift\u00e7iyi aya\u011fa kald\u0131rmadan bir \u00fclkenin ticaretinin, sanayinin geli\u015fmesi m\u00fcmk\u00fcn m\u00fc ? T\u00fcm d\u00fcnyada \u00e7ift\u00e7i kalk\u0131nd\u0131r\u0131l\u0131r. \u00c7ift\u00e7i kalk\u0131nmadan bir \u00fclkenin kalk\u0131nmas\u0131 m\u00fcmk\u00fcn de\u011fildir. Ekonomi politikas\u0131 yanl\u0131\u015f. Bunun de\u011fi\u015ftirilmesi gerek. Sizin yar\u0131n alaca\u011f\u0131n\u0131z karar sadece K\u0131z\u0131lca i\u00e7in de\u011fil, T\u00fcrkiye\u2019ye y\u00f6n verecektir. Herkes bu sonucu \u00e7\u0131kartacak\u201d diye konu\u015ftu. 29 Mart yerel se\u00e7imlerinin baz\u0131 ger\u00e7ekleri ortaya \u00e7\u0131kard\u0131\u011f\u0131n\u0131 s\u00f6yleyen Baykal, s\u00f6zlerini \u015f\u00f6yle s\u00fcrd\u00fcrd\u00fc:<\/p>\n<p style=\"text-align: justify;\">\u201cAKP&#8217;nin bu politikas\u0131n\u0131 halk istemiyor. Otoyol a\u00e7\u0131l\u0131\u015f\u0131n\u0131 alk\u0131\u015flatmak i\u00e7in Ankara\u2019dan otob\u00fcslerle memurlar\u0131 getirdiler. \u2018Fak-Fuk Fon&#8217;, buzdolab\u0131, \u00e7ama\u015f\u0131r makinesi verdiler, milletin oyunu almaya kalkt\u0131lar. \u2018Hizmet vermeyiz&#8217; dediler, tehdit ettiler. \u2018\u0130ktidar bende hizmet vermem&#8217; dediler oylar\u0131 almak istediler. Herkese ye\u015fil kart verdiler. Se\u00e7imden sonra bu kartlar\u0131 iptal ettiler. B\u00fct\u00fcn bunlara ra\u011fmen ne oldu sonu\u00e7 8 puan kaybetti. 47&#8217;den 39&#8217;a d\u00fc\u015ft\u00fc. Bu nedir? B\u00fct\u00fcn millet \u2018olmad\u0131&#8217; diyor. Siz se\u00e7ime giderken bunu da g\u00f6rm\u00fc\u015f olarak gideceksiniz. Yani iktidar\u0131n gidici oldu\u011fu g\u00f6r\u00fcld\u00fc. \u00d6n\u00fcm\u00fczde genel se\u00e7im var o se\u00e7ime kadar bir 8 puan daha kaybederse bunu iktidarda tutmaya kimsenin g\u00fcc\u00fc yetmez. Gidi\u015fat belli olmu\u015f bunlar gidiyor. Bunlar\u0131n d\u00f6nemi tamam, art\u0131k millet h\u00fckm\u00fcn\u00fc vermi\u015f \u2018Abbas yolcu.\u2019 \u2018Niye yolcu?&#8217; Millet bunlara destek vermedi mi, verdi. Ama bunlar o deste\u011fe ra\u011fmen millete haks\u0131zl\u0131k yapt\u0131. Kabaday\u0131l\u0131k yapt\u0131lar, milleti susturmak istediler. Millet bunu g\u00f6rd\u00fc. Ekonomiyi de biliyor, fiyatlar\u0131 da biliyor, i\u015fsizli\u011fi de biliyor. B\u00f6ylece tamam karde\u015fim. Yetki sende evet sende, kimsin sen? Milletsin, sen millet. K\u0131z\u0131lca halk\u0131, sizsiniz. Bak\u0131n ge\u00e7en se\u00e7imde millet oylar\u0131 biraz k\u0131s\u0131verdi, h\u00fck\u00fcmetin yar\u0131s\u0131 de\u011fi\u015fti. \u0130n\u015fallah siz bu se\u00e7imde de k\u0131sacaks\u0131n\u0131z, \u00f6n\u00fcm\u00fczdeki se\u00e7imde de k\u0131sacaks\u0131n\u0131z t\u00fcm\u00fc gidecek h\u00fck\u00fcmetin. O gidiyor kim geliyor CHP geliyor.\u201d<\/p>\n<p style=\"text-align: justify;\"><strong>\u201cEDEP TARTI\u015eMASI\u201d<\/strong><\/p>\n<p style=\"text-align: justify;\">\u2018Deniz Feneri&#8217; davas\u0131, Ermenistan konusu ve iktidar partisi i\u00e7in \u2018AKP&#8217; denilmesinin edepsizlik olarak de\u011ferlendirilmesi tart\u0131\u015fmalar\u0131na de\u011finen Baykal, nerede haks\u0131zl\u0131k g\u00f6r\u00fcl\u00fcrse orada CHP&#8217;nin bulundu\u011funu s\u00f6yledi. Baykal, \u201c\u0130kinci kez se\u00e7ime gidiyorsunuz. Bu h\u00fck\u00fcmet sizin belediyeli\u011finizi elinizden alacakt\u0131. Bu da bizim \u00e7abalar\u0131m\u0131z sonucu iptal edildi. Bu iktidar gidici art\u0131k bu g\u00f6r\u00fclmeye ba\u015flad\u0131. Se\u00e7imlerde de g\u00f6r\u00fcld\u00fc falan ama, en \u00f6nemlisi bu Ba\u015fbakan\u2019\u0131n \u00fcslubunda g\u00f6rmeye ba\u015flad\u0131. Bug\u00fcnlerde \u00e7ok gergin, \u00e7ok k\u0131zg\u0131n \u00f6n\u00fcne gelene ba\u011f\u0131r\u0131yor, ha\u015fl\u0131yor\u201d dedi.<\/p>\n<p style=\"text-align: justify;\">Ba\u015fbakan Erdo\u011fan&#8217;\u0131n son olarak \u201cBize AKP diyenler edepsizdir\u201d dedi\u011fini anlatan Deniz Baykal, \u015f\u00f6yle konu\u015ftu:<\/p>\n<p style=\"text-align: justify;\">\u201c\u0130nsaf edin. Bir ba\u015fbakan milletinin yar\u0131s\u0131n\u0131 b\u00f6yle su\u00e7layabilir mi ? Sen ba\u015fbakan oldun diye milletin edebi hakk\u0131nda konu\u015fma hakk\u0131n\u0131 m\u0131 elde ettin ? Memlekete edep mi \u00f6\u011freteceksin sen? Bug\u00fcne kadar en a\u011f\u0131r hakaretleri yapan, en a\u011f\u0131r \u015fekilde su\u00e7layan sen T\u00fcrkiye&#8217;ye edep dersimi vereceksin? Edep dersine bu milletin ihtiyac\u0131 varsa, yaz\u0131klar olsun bize. Bence senin edep dersine ihtiyac\u0131n var. Millet k\u0131saca partimize \u2018CHP&#8217; diyor \u2018Yok illa Cumhuriyet Halk Partisi diyeceksiniz&#8217; diye diretemem ki. Vatanda\u015f ne derse der. Vatanda\u015fa yasak m\u0131 koyaca\u011f\u0131z? Vatanda\u015f k\u00f6t\u00fc niyetli de\u011fil. Vatanda\u015f Adaletin A&#8217;s\u0131 Kalk\u0131nman\u0131n K&#8217;s\u0131 Parti&#8217;nin P&#8217;si \u2018AKP&#8217; diyor. \u2018Hay\u0131r \u00f6yle demeyeceksiniz.&#8217; \u2018Ya nas\u0131l diyece\u011fiz&#8217;, \u2018AK Parti diyeceksiniz.&#8217; Sen 7 y\u0131l bunu hazmettin de \u015fimdi mi akl\u0131na geldi. Niye \u2018Ak Parti&#8217; isminde bu kadar \u0131srarc\u0131 ba\u015fbakan? \u2018Ak&#8217; olmad\u0131\u011f\u0131 konusunda ku\u015fkular y\u00fckselmeye ba\u015flad\u0131 galiba. Kirlenme tela\u015f\u0131 ba\u015flad\u0131 galiba \u2018Ak&#8217; dedirterek bunu \u00f6nleyecek. Bunu vatanda\u015fa mecbur ederek sa\u011flayamazs\u0131n. Bunun gere\u011fini yapacaks\u0131n. Dokunulmazl\u0131klar\u0131 kald\u0131racaks\u0131n. Gel seninde benimde dokunulmazl\u0131\u011f\u0131m\u0131z\u0131 kald\u0131rs\u0131nlar. Kim \u2018Ak&#8217;, kim \u2018Kara&#8217; belli olsun.\u201d<\/p>\n<p style=\"text-align: justify;\">Baykal, ba\u015flayan ezan bitinceye kadar konu\u015fmas\u0131na ara verirken, bu s\u0131rada baz\u0131 ki\u015filer ayn\u0131 platformda yer alan Kemal K\u0131l\u0131\u00e7daro\u011flu\u2019na yo\u011fun ilgi g\u00f6sterip, onunla tokala\u015fmak i\u00e7in s\u0131raya girdi. Konu\u015fmas\u0131n\u0131n sonunda CHP K\u0131z\u0131lca Belediye Ba\u015fkan Aday\u0131 \u0130brahim G\u00fcl\u00fcmser i\u00e7in oy isteyen Baykal, daha sonra Ni\u011fde\u2019nin CHP\u2019li Akta\u015f Beldesi Belediyesi&#8217;ne u\u011frayarak \u00c7iftlik \u0130l\u00e7esi&#8217;ne ge\u00e7ti.<\/p>\n<p style=\"text-align: justify;\"><span style=\"color: #888888;\">Kaynak : Vatan<\/span><\/p>\n","protected":false},"excerpt":{"rendered":"<p style=\"TEXT-ALIGN: center\">\n<p style=\"text-align: justify;\">Ba\u015fbakan Erdo\u011fan ve AKP H\u00fck\u00fcmeti i\u00e7in, \u201cAbbas yolcu&#8217; dedi.<\/p>\n<p style=\"text-align: justify;\">Ba\u015fbakan Erdo\u011fan&#8217;\u0131n, partisine \u2018AKP&#8217; diyenleri edepsizlikle su\u00e7lamas\u0131n\u0131 ele\u015ftiren Baykal, \u201c\u015eimdi bu milletin yar\u0131s\u0131 edepsiz mi ? Sen memlekete edep mi \u00f6\u011freteceksin?\u201d diye sordu.<\/p>\n<p style=\"text-align: justify;\">Nev\u015fehir Kapadokya Havaalan\u0131&#8217;na u\u00e7akla gelen CHP lideri Deniz Baykal, partililer taraf\u0131ndan kar\u015f\u0131land\u0131. Baykal, karayoluyla, <\/p>\n","protected":false},"author":1,"featured_media":0,"comment_status":"open","ping_status":"closed","sticky":false,"template":"","format":"standard","meta":{"footnotes":""},"categories":[105],"tags":[],"class_list":["post-9704","post","type-post","status-publish","format-standard","hentry","category-gundem","odd"],"_links":{"self":[{"href":"http:\/\/www.korhanyilmaz.com\/index.php?rest_route=\/wp\/v2\/posts\/9704","targetHints":{"allow":["GET"]}}],"collection":[{"href":"http:\/\/www.korhanyilmaz.com\/index.php?rest_route=\/wp\/v2\/posts"}],"about":[{"href":"http:\/\/www.korhanyilmaz.com\/index.php?rest_route=\/wp\/v2\/types\/post"}],"author":[{"embeddable":true,"href":"http:\/\/www.korhanyilmaz.com\/index.php?rest_route=\/wp\/v2\/users\/1"}],"replies":[{"embeddable":true,"href":"http:\/\/www.korhanyilmaz.com\/index.php?rest_route=%2Fwp%2Fv2%2Fcomments&post=9704"}],"version-history":[{"count":0,"href":"http:\/\/www.korhanyilmaz.com\/index.php?rest_route=\/wp\/v2\/posts\/9704\/revisions"}],"wp:attachment":[{"href":"http:\/\/www.korhanyilmaz.com\/index.php?rest_route=%2Fwp%2Fv2%2Fmedia&parent=9704"}],"wp:term":[{"taxonomy":"category","embeddable":true,"href":"http:\/\/www.korhanyilmaz.com\/index.php?rest_route=%2Fwp%2Fv2%2Fcategories&post=9704"},{"taxonomy":"post_tag","embeddable":true,"href":"http:\/\/www.korhanyilmaz.com\/index.php?rest_route=%2Fwp%2Fv2%2Ftags&post=9704"}],"curies":[{"name":"wp","href":"https:\/\/api.w.org\/{rel}","templated":true}]}}