{"id":968,"date":"2008-08-29T00:03:15","date_gmt":"2008-08-28T21:03:15","guid":{"rendered":"http:\/\/www.korhanyilmaz.com\/?p=968"},"modified":"2008-08-29T00:03:15","modified_gmt":"2008-08-28T21:03:15","slug":"erkekler-de-yuz-peelingi-yapmali","status":"publish","type":"post","link":"http:\/\/www.korhanyilmaz.com\/?p=968","title":{"rendered":"Erkekler de y\u00fcz peeling&#8217;i yapmal\u0131!"},"content":{"rendered":"<p style=\"text-align: center;\"><img loading=\"lazy\" decoding=\"async\" class=\"size-full wp-image-969  aligncenter\" title=\"913559fc3277a84589cdd69fr\" src=\"http:\/\/www.korhanyilmaz.com\/wp-content\/uploads\/2008\/08\/913559fc3277a84589cdd69fr.jpg\" alt=\"\" width=\"200\" height=\"313\" \/><\/p>\n<p style=\"text-align: justify;\">Yaz s\u0131caklar\u0131 ve nem, kad\u0131nlar\u0131n oldu\u011fu kadar erkeklerin cildini de etkiliyor. Esquire dergisi ise erkeklere \u015funlar\u0131 \u00f6neriyor: Nemini kaybeden ve tahri\u015f olan cildinizi yeniden sa\u011fl\u0131kl\u0131 bir g\u00f6r\u00fcn\u00fcme kavu\u015fturmak i\u00e7in peeling yapmal\u0131 ve mutlaka nemlendirici \u00fcr\u00fcnler kullanmal\u0131s\u0131n\u0131z ..<\/p>\n<p style=\"text-align: justify;\">S\u0131cak havalarda; cildinizdeki akneler, akne \u00e7ukurlar\u0131 ve siyah noktalar daha kritik bir h\u00e2l al\u0131r, cildinizdeki parlama artar. S\u0131cakl\u0131k artt\u0131k\u00e7a daha \u00e7ok terlersiniz ve bu durum, y\u00fcz\u00fcn\u00fcz\u00fc olumsuz etkiler. Tamam, terlemek iyidir ve hatta bir noktada detoks etkisi yapabilir ama ter, bu olumlu etkilerinin yan\u0131 s\u0131ra cildinizdeki \u00f6l\u00fc h\u00fccrelerin, bakterilerin ve kirlili\u011fin artmas\u0131na da yol a\u00e7ar.<!--more-->\u00a0Bu yaz kendinize bir iyilik yap\u0131n ve Esquire dergisinin erkeklere \u00f6zel verdi\u011fi k\u00fc\u00e7\u00fck t\u00fcyolar\u0131 dikkate alarak, y\u00fcz\u00fcn\u00fczdeki ya\u011fl\u0131 g\u00f6r\u00fcn\u00fcmden kurtulun!<\/p>\n<p style=\"text-align: justify;\">* Y\u00fcz\u00fcn\u00fcz\u00fc g\u00fcnde en az iki kez, cildi ar\u0131nd\u0131r\u0131rken kurutmayan bir temizleyiciyle y\u0131kay\u0131n. Bu sayede &#8216;T&#8217; b\u00f6lgenizdeki ya\u011flanman\u0131n dengelendi\u011fini g\u00f6receksiniz.<\/p>\n<p style=\"text-align: justify;\">* \u0130nsan metabolizmas\u0131 yaz aylar\u0131nda daha h\u0131zl\u0131 \u00e7al\u0131\u015ft\u0131\u011f\u0131 i\u00e7in, h\u00fccre yenilenmesi de h\u0131zlan\u0131r. Bu yenilenmenin neticesinde ortaya \u00e7\u0131kan \u00f6l\u00fc h\u00fccreler ciltten uzakla\u015ft\u0131r\u0131lmazsa ciltte lekeli ve kirli bir g\u00f6r\u00fcnt\u00fc olu\u015fur. Haftada iki kez y\u00fcz\u00fcn\u00fcze peeling (deri soyucu kremle yap\u0131lan temizleme i\u015flemi) yaparak bu problemden kurtulabilirsiniz.<\/p>\n<p style=\"text-align: justify;\">* Cildiniz normalde kuru da olsa, yaz aylar\u0131nda s\u0131cakl\u0131\u011f\u0131n ve terin derinizde bulunan do\u011fal ya\u011flar\u0131 y\u00fczeye \u00e7\u0131karmas\u0131 sonucu y\u00fcz\u00fcn\u00fczde ya\u011fl\u0131 bir g\u00f6r\u00fcn\u00fcm olu\u015fabilir. Bu can s\u0131k\u0131c\u0131 parlak g\u00f6r\u00fcnt\u00fcden kurtulmak i\u00e7in, nemlendirici \u00f6zellikli bir \u00fcr\u00fcn kullanabilirsiniz.<\/p>\n<p style=\"text-align: justify;\">* Yaz s\u0131caklar\u0131nda, \u00f6zellikle s\u0131rt b\u00f6lgenizde ba\u015f g\u00f6steren sivilceler ve akneler i\u00e7in haftada \u00fc\u00e7 kez v\u00fccut peeling&#8217;i kullanman\u0131z\u0131 \u00f6neririz. \u00dcr\u00fcn\u00fc, du\u015f s\u0131ras\u0131nda dairesel hareketlerle cildinize uygulaman\u0131z yeterli. Bu sayede hem cildinizdeki \u00f6l\u00fc h\u00fccreler ar\u0131nacak hem de akneler ve sivilceler yok olacak!<\/p>\n<p style=\"text-align: justify;\">SA\u00c7LARIMA KIYAMAM D\u0130YORSANIZ&#8230;<br \/>\nYaz aylar\u0131, uzun ve kabar\u0131k sa\u00e7larla u\u011fra\u015fmak i\u00e7in hi\u00e7 de do\u011fru bir zaman de\u011fildir. E\u011fer \u00f6zel sa\u00e7 \u00fcr\u00fcnleriyle vakit kaybetmek istemiyorsan\u0131z, sa\u00e7lar\u0131n\u0131z\u0131 \u00fc\u00e7 numaraya vurman\u0131z\u0131 \u00f6neririz. Bu sayede, hem seksi g\u00f6r\u00fcneceksiniz hem de rahat edeceksiniz. Yine de &#8216;Sa\u00e7lar\u0131ma k\u0131yamam&#8217; diyenlerdenseniz, \u015fu \u00f6nerileri dikkate alabilirsiniz&#8230;\n<\/p>\n<p style=\"text-align: justify;\">* E\u011fer seyrek sa\u00e7l\u0131ysan\u0131z, bu aylarda sa\u00e7lar\u0131n\u0131z\u0131 uzatmay\u0131 d\u00fc\u015f\u00fcnmeyin bile; do\u011frudan \u00fc\u00e7 numaraya vurun gitsin. Ama bu i\u015flemden \u00f6nce biraz bronzla\u015fmay\u0131 ihmal etmeyin!<\/p>\n<p style=\"text-align: justify;\">* E\u011fer g\u00fcr sa\u00e7l\u0131ysan\u0131z ve sa\u00e7lar\u0131n\u0131za k\u0131yam\u0131yorsan\u0131z, sa\u00e7lar\u0131n\u0131z\u0131 mutlaka arkaya taramal\u0131 ve \u0131slak bir g\u00f6r\u00fcn\u00fcm vermelisiniz. Ancak bunun i\u00e7in j\u00f6le kullanmak yerine organik spreyleri ve suyu tercih edin.<\/p>\n<p style=\"text-align: justify;\">* Sa\u00e7lar\u0131n\u0131z\u0131 g\u00fcne\u015fin zararl\u0131 \u0131\u015f\u0131nlar\u0131ndan, havuz ve deniz suyunun y\u0131prat\u0131c\u0131 etkilerinden korumak i\u00e7in de koruyucu spreyler kullanman\u0131z gerekir. Bu sayede sa\u00e7 telleriniz matla\u015fmaz, k\u0131r\u0131lmaz, klor ya da tuzdan etkilenerek d\u00f6k\u00fclmez.<\/p>\n<p style=\"text-align: justify;\">KETEN G\u00d6MLE\u011e\u0130N KERAMET\u0130<br \/>\nOrganik kuma\u015ftan yap\u0131lm\u0131\u015f, nefes alan ve ter emen, g\u00f6zenekli dokuya sahip uzun kollu bir keten g\u00f6mlek giyerek hem \u015f\u0131k g\u00f6r\u00fcnebilir hem de v\u00fccudunuzu g\u00fcne\u015fin zararl\u0131 etkilerinden koruyabilirsiniz.<\/p>\n<p style=\"text-align: justify;\">EN HAF\u0130F KOKULARI TERC\u0130H ED\u0130N<br \/>\nYaz aylar\u0131, ter kokmaktan en \u00e7ok korkulan ve parf\u00fcme \u015fiddetle a\u011f\u0131rl\u0131k verilen aylard\u0131r. S\u0131ca\u011f\u0131n \u015fiddetinin en \u00fcst seviyede hissedildi\u011fi bu ayda, m\u00fcmk\u00fcnse en hafif ve en kal\u0131c\u0131 kokulara y\u00f6nelin.<\/p>\n<p style=\"text-align: justify;\">TIRA\u015e OLUN TAHR\u0130\u015e OLMAYIN<br \/>\nG\u00fcne\u015fin en \u00e7ok zarar verip y\u0131pratt\u0131\u011f\u0131 b\u00f6lge y\u00fcz\u00fcn\u00fczd\u00fcr. Bu nedenle, yaz aylar\u0131nda yan\u0131k cildinizle t\u0131ra\u015f olmak bir i\u015fkenceye d\u00f6n\u00fc\u015febilir. Siz en iyisi do\u011fru \u00fcr\u00fcnleri se\u00e7in ve kendinize eziyet etmeyin.\n<\/p>\n<p style=\"text-align: justify;\">* Jiletle t\u0131ra\u015f oluyorsan\u0131z kulland\u0131\u011f\u0131n\u0131z t\u0131ra\u015f k\u00f6p\u00fc\u011f\u00fc \u00e7ok \u00f6nemlidir. Tercihiniz cildi nemlendiren bir \u00fcr\u00fcnden yana olsun. Ayr\u0131ca, kulland\u0131\u011f\u0131n\u0131z t\u0131ra\u015f b\u0131\u00e7a\u011f\u0131 da \u00e7ok \u00f6nemli.<\/p>\n<p style=\"text-align: justify;\">* Yaz aylar\u0131nda, t\u0131ra\u015f sonras\u0131nda cildinizi mahvetmek istemiyorsan\u0131z kolonya ya da alkol i\u00e7eren herhangi bir \u00fcr\u00fcn\u00fc kullanmay\u0131n.<\/p>\n","protected":false},"excerpt":{"rendered":"<p style=\"text-align: center;\">\n<p style=\"text-align: justify;\">Yaz s\u0131caklar\u0131 ve nem, kad\u0131nlar\u0131n oldu\u011fu kadar erkeklerin cildini de etkiliyor. Esquire dergisi ise erkeklere \u015funlar\u0131 \u00f6neriyor: Nemini kaybeden ve tahri\u015f olan cildinizi yeniden sa\u011fl\u0131kl\u0131 bir g\u00f6r\u00fcn\u00fcme kavu\u015fturmak i\u00e7in peeling yapmal\u0131 ve mutlaka nemlendirici \u00fcr\u00fcnler kullanmal\u0131s\u0131n\u0131z ..<\/p>\n<p style=\"text-align: justify;\">S\u0131cak havalarda; cildinizdeki akneler, akne \u00e7ukurlar\u0131 ve siyah noktalar daha kritik <\/p>\n","protected":false},"author":1,"featured_media":0,"comment_status":"open","ping_status":"open","sticky":false,"template":"","format":"standard","meta":{"footnotes":""},"categories":[5],"tags":[],"class_list":["post-968","post","type-post","status-publish","format-standard","hentry","category-saglik","odd"],"_links":{"self":[{"href":"http:\/\/www.korhanyilmaz.com\/index.php?rest_route=\/wp\/v2\/posts\/968","targetHints":{"allow":["GET"]}}],"collection":[{"href":"http:\/\/www.korhanyilmaz.com\/index.php?rest_route=\/wp\/v2\/posts"}],"about":[{"href":"http:\/\/www.korhanyilmaz.com\/index.php?rest_route=\/wp\/v2\/types\/post"}],"author":[{"embeddable":true,"href":"http:\/\/www.korhanyilmaz.com\/index.php?rest_route=\/wp\/v2\/users\/1"}],"replies":[{"embeddable":true,"href":"http:\/\/www.korhanyilmaz.com\/index.php?rest_route=%2Fwp%2Fv2%2Fcomments&post=968"}],"version-history":[{"count":0,"href":"http:\/\/www.korhanyilmaz.com\/index.php?rest_route=\/wp\/v2\/posts\/968\/revisions"}],"wp:attachment":[{"href":"http:\/\/www.korhanyilmaz.com\/index.php?rest_route=%2Fwp%2Fv2%2Fmedia&parent=968"}],"wp:term":[{"taxonomy":"category","embeddable":true,"href":"http:\/\/www.korhanyilmaz.com\/index.php?rest_route=%2Fwp%2Fv2%2Fcategories&post=968"},{"taxonomy":"post_tag","embeddable":true,"href":"http:\/\/www.korhanyilmaz.com\/index.php?rest_route=%2Fwp%2Fv2%2Ftags&post=968"}],"curies":[{"name":"wp","href":"https:\/\/api.w.org\/{rel}","templated":true}]}}