{"id":9679,"date":"2009-06-05T17:22:59","date_gmt":"2009-06-05T14:22:59","guid":{"rendered":"http:\/\/www.korhanyilmaz.com\/?p=9679"},"modified":"2009-06-05T17:22:59","modified_gmt":"2009-06-05T14:22:59","slug":"kamu-senden-hukumete-mesaj","status":"publish","type":"post","link":"http:\/\/www.korhanyilmaz.com\/?p=9679","title":{"rendered":"Kamu-Sen&#039;den h\u00fck\u00fcmete mesaj!"},"content":{"rendered":"<p style=\"text-align: center;\"><img loading=\"lazy\" decoding=\"async\" class=\"aligncenter size-full wp-image-9680\" title=\"Kamu-Sen Genel Ba\u015fkan\u0131 Bircan Aky\u0131ld\u0131z\" src=\"http:\/\/www.korhanyilmaz.com\/wp-content\/uploads\/2009\/06\/kamu_sen_bircanakyildiz_sesmedya_400x284_855116915.jpg\" alt=\"Kamu-Sen Genel Ba\u015fkan\u0131 Bircan Aky\u0131ld\u0131z\" width=\"280\" height=\"199\" \/><\/p>\n<p style=\"text-align: justify;\"><strong>T\u00dcRK\u0130YE Kamu-Sen, \u00e7al\u0131\u015fanlar\u0131na, 100 TL de\u011ferinde \u201charcama \u00e7eki\u201d da\u011f\u0131tt\u0131.<\/strong><\/p>\n<p style=\"text-align: justify;\">Kamu-Sen Genel Ba\u015fkan\u0131 Bircan Aky\u0131ld\u0131z, harcama \u00e7ekleriyle al\u0131\u015fveri\u015f yap\u0131lmas\u0131 konusunda anla\u015fmaya var\u0131lan bir s\u00fcpermarket zincirinin Balgat \u015fubesinde yapt\u0131\u011f\u0131 konu\u015fmada, \u201charcama \u00e7eki\u201d projesinin, ya\u015fanan ekonomik krize ve i\u015fsizli\u011fe \u00e7\u00f6z\u00fcm olmas\u0131, adaletin sa\u011flanmas\u0131 amac\u0131yla yetkililere sunulan bir \u00f6neri oldu\u011funu dile getirdi.<\/p>\n<p style=\"text-align: justify;\">Aky\u0131ld\u0131z, T\u00fcrkiye\u2019ye ve h\u00fck\u00fcmete \u00f6rnek olmak i\u00e7in harcama \u00e7eki uygulamas\u0131n\u0131 ba\u015flatt\u0131klar\u0131n\u0131 belirtererek, \u015f\u00f6yle konu\u015ftu:<\/p>\n<p style=\"text-align: justify;\">\u201cBizler kendi \u00e7al\u0131\u015fanlar\u0131m\u0131za harcama \u00e7eki verdik, s\u0131ra h\u00fck\u00fcmettedir. H\u00fck\u00fcmet de i\u015fsize, memura, i\u015f\u00e7iye, emekliye, dul ve yetimlere harcama \u00e7eki vermelidir. Herkesi, ta\u015f\u0131n alt\u0131na elini koymaya davet ediyoruz.\u201d<!--more--><\/p>\n<p style=\"text-align: justify;\"><strong>Babacan al\u0131\u015fveri\u015fte<\/strong><\/p>\n<p style=\"text-align: justify;\">TOBB \u00f6nderli\u011finde ba\u015flat\u0131lan \u201cKriz Varsa \u00c7are De Var\u201d kampanyas\u0131na destek olmak amac\u0131yla Devlet Bakan\u0131 ve Ba\u015fbakan Yard\u0131mc\u0131s\u0131 Ali Babacan bug\u00fcn \u00c7\u0131kr\u0131k\u00e7\u0131lar Yoku\u015fu\u2019nda al\u0131\u015fveri\u015f yaparak esnafa destek verecek. Ancak Kamu-Sen Ba\u015fkan\u0131 Bircan Aky\u0131ld\u0131z, Ba\u015fbakan\u2019\u0131n \u201cMillette para var\u201d ve \u00c7al\u0131\u015fma Bakan\u0131\u2019n\u0131n \u201cHarcama \u00e7eki istemeyin\u201d s\u00f6zlerini protesto amac\u0131yla bu etkinli\u011fe kat\u0131lmayacaklar\u0131n\u0131 s\u00f6yledi.<\/p>\n<p style=\"text-align: justify;\"><strong>\u00c7al\u0131\u015fma Bakan\u0131: Bizden harcama \u00e7eki istemeyin<\/strong><\/p>\n<p style=\"text-align: justify;\">\u00c7ALI\u015eMA ve Sosyal G\u00fcvenlik Bakan\u0131 \u00d6mer Din\u00e7er, harcama \u00e7eki ile t\u00fcketimi artt\u0131ran bir mekanizman\u0131n te\u015fvik edilmi\u015f olunaca\u011f\u0131n\u0131, bunun krizi \u00e7\u00f6zmeyece\u011fini belirterek, \u201cBireysel t\u00fcketimi te\u015fvik yerine, girdiyi \u00fcretimi te\u015fvik eden d\u0131\u015f pazarlar\u0131n \u00f6n\u00fcn\u00fc a\u00e7acak t\u00fcrden tedbirler daha mant\u0131kl\u0131 ve daha do\u011fru. Bu a\u00e7\u0131dan bakt\u0131\u011f\u0131m\u0131zda l\u00fctfen insanlara para verin demeyin\u201d dedi. Bu arada Din\u00e7er, Kas\u0131m 2008 \u2019den May\u0131s 2009\u2019a kadar k\u0131sa \u00e7al\u0131\u015fma \u00f6dene\u011fine 3 bin 484 firman\u0131n\u0131 ba\u015fvurdu\u011funu, bin 418 firman\u0131n ba\u015fvurusunun kabul edildi\u011fini kaydetti. Din\u00e7er, Nisan itibar\u0131yla firmalara 32 milyon 881 bin TL \u00f6dendi\u011fini kaydetti.<\/p>\n<p style=\"text-align: justify;\"><span style=\"color: #888888;\">Kaynak : Vatan<\/span><\/p>\n","protected":false},"excerpt":{"rendered":"<p style=\"text-align: center;\">\n<p style=\"text-align: justify;\">T\u00dcRK\u0130YE Kamu-Sen, \u00e7al\u0131\u015fanlar\u0131na, 100 TL de\u011ferinde \u201charcama \u00e7eki\u201d da\u011f\u0131tt\u0131.<\/p>\n<p style=\"text-align: justify;\">Kamu-Sen Genel Ba\u015fkan\u0131 Bircan Aky\u0131ld\u0131z, harcama \u00e7ekleriyle al\u0131\u015fveri\u015f yap\u0131lmas\u0131 konusunda anla\u015fmaya var\u0131lan bir s\u00fcpermarket zincirinin Balgat \u015fubesinde yapt\u0131\u011f\u0131 konu\u015fmada, \u201charcama \u00e7eki\u201d projesinin, ya\u015fanan ekonomik krize ve i\u015fsizli\u011fe \u00e7\u00f6z\u00fcm olmas\u0131, adaletin sa\u011flanmas\u0131 amac\u0131yla yetkililere sunulan bir \u00f6neri oldu\u011funu dile getirdi.<\/p>\n","protected":false},"author":1,"featured_media":0,"comment_status":"open","ping_status":"closed","sticky":false,"template":"","format":"standard","meta":{"footnotes":""},"categories":[105],"tags":[],"class_list":["post-9679","post","type-post","status-publish","format-standard","hentry","category-gundem","odd"],"_links":{"self":[{"href":"http:\/\/www.korhanyilmaz.com\/index.php?rest_route=\/wp\/v2\/posts\/9679","targetHints":{"allow":["GET"]}}],"collection":[{"href":"http:\/\/www.korhanyilmaz.com\/index.php?rest_route=\/wp\/v2\/posts"}],"about":[{"href":"http:\/\/www.korhanyilmaz.com\/index.php?rest_route=\/wp\/v2\/types\/post"}],"author":[{"embeddable":true,"href":"http:\/\/www.korhanyilmaz.com\/index.php?rest_route=\/wp\/v2\/users\/1"}],"replies":[{"embeddable":true,"href":"http:\/\/www.korhanyilmaz.com\/index.php?rest_route=%2Fwp%2Fv2%2Fcomments&post=9679"}],"version-history":[{"count":0,"href":"http:\/\/www.korhanyilmaz.com\/index.php?rest_route=\/wp\/v2\/posts\/9679\/revisions"}],"wp:attachment":[{"href":"http:\/\/www.korhanyilmaz.com\/index.php?rest_route=%2Fwp%2Fv2%2Fmedia&parent=9679"}],"wp:term":[{"taxonomy":"category","embeddable":true,"href":"http:\/\/www.korhanyilmaz.com\/index.php?rest_route=%2Fwp%2Fv2%2Fcategories&post=9679"},{"taxonomy":"post_tag","embeddable":true,"href":"http:\/\/www.korhanyilmaz.com\/index.php?rest_route=%2Fwp%2Fv2%2Ftags&post=9679"}],"curies":[{"name":"wp","href":"https:\/\/api.w.org\/{rel}","templated":true}]}}