{"id":9672,"date":"2009-06-06T10:47:54","date_gmt":"2009-06-06T07:47:54","guid":{"rendered":"http:\/\/www.korhanyilmaz.com\/?p=9672"},"modified":"2009-06-06T10:47:54","modified_gmt":"2009-06-06T07:47:54","slug":"kumburgaz-semalarinda-cekilen-goruntuler-sasirtacak","status":"publish","type":"post","link":"http:\/\/www.korhanyilmaz.com\/?p=9672","title":{"rendered":"Kumburgaz semalar\u0131nda \u00e7ekilen g\u00f6r\u00fcnt\u00fcler \u015fa\u015f\u0131rtacak"},"content":{"rendered":"<p style=\"text-align: center;\"><a href=\"http:\/\/www.korhanyilmaz.com\/wp-content\/uploads\/2009\/06\/2009-06-06_124951.jpg\"  class=\"lightview\"><img loading=\"lazy\" decoding=\"async\" class=\"size-full wp-image-9673 aligncenter\" src=\"http:\/\/www.korhanyilmaz.com\/wp-content\/uploads\/2009\/06\/2009-06-06_124951.jpg\" alt=\"\" width=\"314\" height=\"224\" \/><\/a><a class=\"lightview\" title=\"Kumburgaz semalar\u0131nda \u00e7ekilen g\u00f6r\u00fcnt\u00fcler \u015fa\u015f\u0131rtacak.. ::  :: width: 500, height: 395\" rel=\"iframe\" href=\"http:\/\/www.korhanyilmaz.com\/swf\/flvplayer.swf?file=http:\/\/video.gazetevatan.com\/video\/file\/060620090055323071317.flv \"><img loading=\"lazy\" decoding=\"async\" class=\"aligncenter\" title=\"Habere \u0130li\u015fkin Videoyu \u0130zlemek \u0130\u00e7in T\u0131klay\u0131n..\" src=\"wp-data\/images\/video_izle_tikla.png\" alt=\"\" width=\"30\" height=\"30\" \/ class=\"lightview\"><\/a><\/p>\n<p style=\"text-align: justify;\"><strong>&#8216;Bu UFO g\u00f6r\u00fcnt\u00fcs\u00fcyle T\u00fcrkiye literat\u00fcre girdi&#8217;<\/strong><\/p>\n<p style=\"text-align: justify;\">\u0130STANBUL &#8211; Kumburgaz\u2019da 13-17 May\u0131s 2009 tarihleri aras\u0131nda \u00e7ekilen ve bir &#8220;UFO&#8221;ya ait oldu\u011fu iddia edilen g\u00f6r\u00fcnt\u00fcler bas\u0131na g\u00f6sterildi.<\/p>\n<p style=\"text-align: justify;\">Sirius UFO Uzay Bilimleri Ara\u015ft\u0131rma Merkezi Ba\u015fkan\u0131 Haktan Akdo\u011fan, WOW \u0130stanbul Airport Otel\u2019de d\u00fczenledi\u011fi bas\u0131n toplant\u0131s\u0131nda, d\u00fcnyada oldu\u011fu gibi T\u00fcrkiye\u2019de de &#8220;UFO&#8221; g\u00f6zlemlerinin yap\u0131ld\u0131\u011f\u0131n\u0131 belirterek, bu g\u00f6zlemlerin zaman zaman amat\u00f6r kameralara yans\u0131d\u0131\u011f\u0131n\u0131 kaydetti.<\/p>\n<p style=\"text-align: justify;\">Sirius merkezine 2009 y\u0131l\u0131n\u0131n ilk 5 ay\u0131nda 337 &#8220;UFO&#8221; ihbar\u0131 yap\u0131ld\u0131\u011f\u0131n\u0131, bu ihbarlardan 74\u2019\u00fcn\u00fcn belgelendi\u011fini dile getiren Akdo\u011fan, bunlardan 16\u2019s\u0131n\u0131n video kamera g\u00f6r\u00fcnt\u00fcs\u00fc, 58\u2019inin de dijital foto\u011fraftan olu\u015ftu\u011funu bildirdi.<!--more--><\/p>\n<p style=\"text-align: justify;\">Haktan Akdo\u011fan, kurum taraf\u0131ndan yap\u0131lan detayl\u0131 incelemeler sonucunda kaydedilen 16 video g\u00f6r\u00fcnt\u00fcs\u00fcnden 5\u2019i ile 58 foto\u011fraftan 9\u2019unun &#8220;UFO&#8221; g\u00f6r\u00fcnt\u00fcs\u00fc, di\u011ferlerinin ise yan\u0131lsama, leke, ku\u015f, Ven\u00fcs gezegeni ve \u0131\u015f\u0131k yans\u0131malar\u0131 oldu\u011funun anla\u015f\u0131ld\u0131\u011f\u0131n\u0131 kaydetti.<\/p>\n<p style=\"text-align: justify;\">Akdo\u011fan, ihbarlar\u0131n s\u0131kl\u0131kla \u0130stanbul ve \u00e7evresi, Antalya, Alanya, Ordu, Samsun, Denizli, \u0130zmir ve \u00e7evresi, Aksaray, Afyon, Kayseri, Sivas, Konya, L\u00fcleburgaz, Edirne, Bilecik-Boz\u00fcy\u00fck, \u00c7anakkale, Safranbolu, Ad\u0131yaman, K\u0131br\u0131s, \u0130zmit, Bolu-Abant, Ankara ve U\u015fak gibi yerle\u015fim yerlerinden yap\u0131ld\u0131\u011f\u0131n\u0131 belirtti.<\/p>\n<p style=\"text-align: justify;\">-G\u00d6R\u00dcNT\u00dcLER D\u00dcNYADA B\u00dcY\u00dcK YANKI UYANDIRACAK-<\/p>\n<p style=\"text-align: justify;\">Kumburgaz\u2019da Yal\u00e7\u0131n Yalman taraf\u0131ndan 13-17 May\u0131s tarihleri aras\u0131nda \u00e7ekilen son g\u00f6r\u00fcnt\u00fclerin t\u00fcm d\u00fcnyada b\u00fcy\u00fck yank\u0131 uyand\u0131raca\u011f\u0131n\u0131 ileri s\u00fcren Akdo\u011fan, g\u00f6r\u00fcnt\u00fclerde ay ve &#8220;UFO&#8221;nun ayn\u0131 karede bulunmas\u0131n\u0131n da b\u00fcy\u00fck \u00f6nem ta\u015f\u0131d\u0131\u011f\u0131n\u0131 vurgulad\u0131.<\/p>\n<p style=\"text-align: justify;\">Yak\u0131ndan ve net \u015fekilde \u00e7ekilen kamera g\u00f6r\u00fcnt\u00fclerinde &#8220;UFO&#8221; i\u00e7inde bulunan yarat\u0131klar\u0131n siluetinin de g\u00f6r\u00fcnd\u00fc\u011f\u00fcn\u00fc savunan Akdo\u011fan, &#8220;T\u00fcrkiye bu g\u00f6r\u00fcnt\u00fclerle d\u00fcnya literat\u00fcr\u00fcne art\u0131k girmi\u015ftir. T\u00fcrkiye\u2019de amat\u00f6r kameras\u0131 olan herkesi g\u00f6rd\u00fckleri bilinmeyen cisimleri kameraya kaydetmeye \u00e7a\u011f\u0131r\u0131yorum&#8221; dedi.<\/p>\n<p style=\"text-align: justify;\">&#8220;UFO&#8221; ger\u00e7e\u011finin d\u00fcnya h\u00fck\u00fcmetleri taraf\u0131ndan a\u00e7\u0131klanmas\u0131n\u0131n da art\u0131k zaman\u0131n\u0131n geldi\u011fini belirten Akdo\u011fan, &#8220;Bu, t\u00fcm d\u00fcnya insanl\u0131\u011f\u0131n\u0131 bir araya getirerek, d\u00fcnya kimli\u011fi \u00e7er\u00e7evesinde insanl\u0131\u011f\u0131 birle\u015ftirici bir etki yaratabilir&#8221; diye konu\u015ftu.<\/p>\n<p style=\"text-align: justify;\">Haktan Akdo\u011fan, 13-14 Haziran\u2019da WOW \u0130stanbul Kongre Merkezi\u2019nde &#8220;74. Uluslararas\u0131 UFO ve Yeni\u00e7a\u011f Kongresi&#8221;nin d\u00fczenlenece\u011fini ifade ederek, kongreye bine yak\u0131n ki\u015finin kat\u0131laca\u011f\u0131n\u0131 s\u00f6yledi.<\/p>\n<p style=\"text-align: justify;\">Akdo\u011fan, kongreye ara\u015ft\u0131rmac\u0131-yazar Erich Von Daniken, \u0130ngiltere Savunma Bakanl\u0131\u011f\u0131 yetkilisi Nick Pope ve \u00fcnl\u00fc g\u00f6zlemci Antoni Urzi\u2019nin de aralar\u0131nda bulundu\u011fu \u00e7ok say\u0131da tan\u0131nm\u0131\u015f ki\u015finin de kat\u0131laca\u011f\u0131n\u0131 bildirdi.<\/p>\n<p style=\"text-align: justify;\">Kumburgaz\u2019daki g\u00f6r\u00fcnt\u00fcleri \u00e7eken 51 ya\u015f\u0131ndaki emekli \u015fof\u00f6r Yalman ise &#8220;UFO&#8221; g\u00f6zlemcili\u011finin hobisi oldu\u011funu belirterek, profesyonel bir kamera ile bu g\u00f6r\u00fcnt\u00fcleri \u00e7ekti\u011fini, bundan sonra da bunu s\u00fcrd\u00fcrece\u011fini s\u00f6yledi.<\/p>\n<p style=\"text-align: justify;\">Toplant\u0131da daha sonra Yal\u00e7\u0131n Yalman\u2019\u0131n Kumburgaz\u2019da \u00e7ekti\u011fi g\u00f6r\u00fcnt\u00fcler g\u00f6sterildi.<\/p>\n<p style=\"text-align: justify;\"><span style=\"color: #888888;\">AA<\/span><\/p>\n","protected":false},"excerpt":{"rendered":"<p style=\"text-align: center;\">\n<p style=\"text-align: justify;\">&#8216;Bu UFO g\u00f6r\u00fcnt\u00fcs\u00fcyle T\u00fcrkiye literat\u00fcre girdi&#8217;<\/p>\n<p style=\"text-align: justify;\">\u0130STANBUL &#8211; Kumburgaz\u2019da 13-17 May\u0131s 2009 tarihleri aras\u0131nda \u00e7ekilen ve bir &#8220;UFO&#8221;ya ait oldu\u011fu iddia edilen g\u00f6r\u00fcnt\u00fcler bas\u0131na g\u00f6sterildi.<\/p>\n<p style=\"text-align: justify;\">Sirius UFO Uzay Bilimleri Ara\u015ft\u0131rma Merkezi Ba\u015fkan\u0131 Haktan Akdo\u011fan, WOW \u0130stanbul Airport Otel\u2019de d\u00fczenledi\u011fi bas\u0131n toplant\u0131s\u0131nda, d\u00fcnyada oldu\u011fu gibi T\u00fcrkiye\u2019de de <\/p>\n","protected":false},"author":1,"featured_media":0,"comment_status":"open","ping_status":"closed","sticky":false,"template":"","format":"standard","meta":{"footnotes":""},"categories":[105],"tags":[],"class_list":["post-9672","post","type-post","status-publish","format-standard","hentry","category-gundem","odd"],"_links":{"self":[{"href":"http:\/\/www.korhanyilmaz.com\/index.php?rest_route=\/wp\/v2\/posts\/9672","targetHints":{"allow":["GET"]}}],"collection":[{"href":"http:\/\/www.korhanyilmaz.com\/index.php?rest_route=\/wp\/v2\/posts"}],"about":[{"href":"http:\/\/www.korhanyilmaz.com\/index.php?rest_route=\/wp\/v2\/types\/post"}],"author":[{"embeddable":true,"href":"http:\/\/www.korhanyilmaz.com\/index.php?rest_route=\/wp\/v2\/users\/1"}],"replies":[{"embeddable":true,"href":"http:\/\/www.korhanyilmaz.com\/index.php?rest_route=%2Fwp%2Fv2%2Fcomments&post=9672"}],"version-history":[{"count":0,"href":"http:\/\/www.korhanyilmaz.com\/index.php?rest_route=\/wp\/v2\/posts\/9672\/revisions"}],"wp:attachment":[{"href":"http:\/\/www.korhanyilmaz.com\/index.php?rest_route=%2Fwp%2Fv2%2Fmedia&parent=9672"}],"wp:term":[{"taxonomy":"category","embeddable":true,"href":"http:\/\/www.korhanyilmaz.com\/index.php?rest_route=%2Fwp%2Fv2%2Fcategories&post=9672"},{"taxonomy":"post_tag","embeddable":true,"href":"http:\/\/www.korhanyilmaz.com\/index.php?rest_route=%2Fwp%2Fv2%2Ftags&post=9672"}],"curies":[{"name":"wp","href":"https:\/\/api.w.org\/{rel}","templated":true}]}}