{"id":9667,"date":"2009-06-06T10:21:23","date_gmt":"2009-06-06T07:21:23","guid":{"rendered":"http:\/\/www.korhanyilmaz.com\/?p=9667"},"modified":"2009-06-06T10:21:23","modified_gmt":"2009-06-06T07:21:23","slug":"topuz-kavgasi","status":"publish","type":"post","link":"http:\/\/www.korhanyilmaz.com\/?p=9667","title":{"rendered":"Topuz kavgas\u0131"},"content":{"rendered":"<p style=\"text-align: center;\"><img loading=\"lazy\" decoding=\"async\" class=\"size-full wp-image-9669  aligncenter\" src=\"http:\/\/www.korhanyilmaz.com\/wp-content\/uploads\/2009\/06\/81416101.jpg\" alt=\"\" width=\"286\" height=\"116\" \/><\/p>\n<p style=\"text-align: justify;\">5 milyon Euro ve G\u00f6khan Emreciksin\u2019e kar\u015f\u0131l\u0131k Fenerbah\u00e7e\u2019ye verilen Mehmet Topuz, Be\u015fikta\u015f\u2019la anla\u015ft\u0131\u011f\u0131n\u0131 belirtti. Milli oyuncuyla el s\u0131k\u0131\u015fan siyah beyazl\u0131lar ise FIFA\u2019n\u0131n kap\u0131s\u0131n\u0131 \u00e7almaya haz\u0131rlan\u0131yor.<\/p>\n<p style=\"text-align: justify;\">RESM\u0130 transfer pazartesi g\u00fcn\u00fc ba\u015flayacak ama T\u00fcrk futbolunda \u015fimdiden Mehmet Topuz kavgas\u0131 ya\u015fan\u0131yor. \u00d6nceki ak\u015fam Be\u015fikta\u015f\u2019la anla\u015fan ve bu konuda kamuoyuna a\u00e7\u0131klama yap\u0131lan Mehmet Topuz\u2019un transferi Fenerbah\u00e7e\u2019nin d\u00fcn devreye girmesi ve bonservisini sar\u0131 lacivertli kul\u00fcbe vermesiyle kaosa d\u00f6n\u00fc\u015ft\u00fc.<\/p>\n<p style=\"text-align: justify;\">Be\u015fikta\u015f, Mehmet Topuz i\u00e7in Kayserispor Kul\u00fcb\u00fc\u2019ne 5 milyon Euro \u00f6nerdi ve bu futbolcu ile anla\u015ft\u0131. Ancak Mehmet Topuz i\u00e7in devrede olan Fenerbah\u00e7e d\u00fcn yap\u0131lan pazarl\u0131klar s\u0131ras\u0131nda Kayserispor\u2019a 5 milyon Euro ile devre aras\u0131nda 1 milyon Euro kar\u015f\u0131l\u0131\u011f\u0131nda Ankarag\u00fcc\u00fc\u2019nden transfer etti\u011fi G\u00f6khan Emreciksin\u2019i \u00f6nerdi.<!--more-->\u00a0Sar\u0131 k\u0131rm\u0131z\u0131l\u0131 kul\u00fcp bu teklif \u00fczerine Mehmet Topuz\u2019un bonservisini, futbolcu Be\u015fikta\u015f\u2019\u0131 se\u00e7ti\u011fini ve anla\u015ft\u0131\u011f\u0131n\u0131 belirtmesine ra\u011fmen F.Bah\u00e7e\u2019ye verdi. F.Bah\u00e7e resmi internet sitesinde \u201cMehmet Topuz Fenerbah\u00e7e\u2019de\u201d ba\u015fl\u0131\u011f\u0131yla yap\u0131lan a\u00e7\u0131klamada, \u201cKul\u00fcb\u00fcm\u00fcz, Kayserispor ile Mehmet Topuz\u2019un transferi konusunda anla\u015fmaya varm\u0131\u015ft\u0131r. Bu transfer kapsam\u0131nda Fenerbah\u00e7e Kul\u00fcb\u00fc bir oyuncusunu Kayserispor\u2019a verecektir\u201d ifadeleri kulland\u0131.<\/p>\n<p style=\"text-align: justify;\"><strong>F.Bah\u00e7e\u2019ye imza atmam<\/strong><\/p>\n<p style=\"text-align: justify;\">Kayserispor Genel Menajeri S\u00fcleyman Hurma, kul\u00fcpleri ile 1 y\u0131ll\u0131k s\u00f6zle\u015fmesi bulunan Topuz konusunda Fenerbah\u00e7e ile anla\u015ft\u0131klar\u0131n\u0131 belirterek, \u201cBundan sonra Mehmet Topuz\u2019un hangi tak\u0131mda oynayaca\u011f\u0131 Fenerbah\u00e7e ile bu futbolcu aras\u0131ndad\u0131r. Fenerbah\u00e7e isterse oyuncusunu ba\u015fka tak\u0131ma satabilir. Mehmet Topuz\u2019un bonservisi Fenerbah\u00e7e\u2019nin elindedir\u201d dedi.<\/p>\n<p style=\"text-align: justify;\">Be\u015fikta\u015f\u2019la anla\u015fan Mehmet Topuz ise \u201c\u00c7ocuklu\u011fumdan beri Be\u015fikta\u015fl\u0131y\u0131m. Fenerbah\u00e7e\u2019ye asla imza atmayaca\u011f\u0131m. Hi\u00e7bir para kar\u015f\u0131l\u0131\u011f\u0131 beni Be\u015fikta\u015f\u2019tan s\u00f6k\u00fcp alamazlar. Para her\u015fey de\u011fildir. \u0130nsan\u0131n onuru ve haysiyeti vard\u0131r. Herkes aynaya bak\u0131p, \u00f6yle konu\u015fsun\u201d dedi. Be\u015fikta\u015f y\u00f6netimi ise ya\u015fanan geli\u015fmelerden duyduklar\u0131 rahats\u0131zl\u0131\u011f\u0131 belirtip, \u201cGerekirse F\u0130FA\u2019ya gideriz\u201d dediler.<\/p>\n<p style=\"text-align: justify;\"><strong>\u0130\u015f inada binerse Kayseri\u2019de kal\u0131r<\/strong><\/p>\n<p style=\"text-align: justify;\">FUTBOL Federasyonu hukuk\u00e7ular\u0131, Mehmet Topuz\u2019un Kayserispor ile s\u00f6zle\u015fmesi devam etti\u011fi i\u00e7in Be\u015fikta\u015f ile yapt\u0131\u011f\u0131 anla\u015fman\u0131n ge\u00e7erlili\u011finin olmad\u0131\u011f\u0131n\u0131 bildirdi. Topuz\u2019u almak isteyen kul\u00fcp \u00f6nce Kayserispor ile anla\u015fmak zorunda. Topuz, Kayserispor\u2019un bonservisini verdi\u011fini a\u00e7\u0131lad\u0131\u011f\u0131 F.Bah\u00e7e\u2019de oynamak istemezse ve i\u015f inada binerse, y\u0131ld\u0131z futbolcu s\u00f6zle\u015fmesi s\u00fcrd\u00fc\u011f\u00fc i\u00e7in kul\u00fcb\u00fcyle 1 sezon daha devam etmek zorunda. Topuz\u2019un, \u201cKayserispor\u2019dan alaca\u011f\u0131m var\u201d \u015feklindeki s\u00f6zleri ile ilgili olarak da kesin karar\u0131 Futbol Federasyonu Hukuk Kurulu verecek.<\/p>\n<p style=\"text-align: justify;\"><strong>BE\u015e\u0130KTA\u015e KUL\u00dcB\u00dc BA\u015eKANI DEM\u0130R\u00d6REN: &#8220;MEHMET TOPUZ BE\u015e\u0130KTA\u015eLI VE BE\u015e\u0130KTA\u015e&#8217;TA KALACAK&#8221;<\/strong><\/p>\n<p style=\"text-align: justify;\">Be\u015fikta\u015f Kul\u00fcb\u00fc Ba\u015fkan\u0131 Y\u0131ld\u0131r\u0131m Demir\u00f6ren, Mehmet Topuz&#8217;un Siyah-beyazl\u0131 kul\u00fcpte forma giymek istedi\u011fini belirterek, Kayserispor&#8217;dan bu transferle ilgili anlay\u0131\u015f g\u00f6stermesi gerekti\u011fini s\u00f6yledi.<\/p>\n<p style=\"text-align: justify;\">BJK TV&#8217;ye a\u00e7\u0131klamalarda bulunan Demir\u00f6ren, futbolcunun bir e\u015fya olmad\u0131\u011f\u0131n\u0131, istedi\u011fi tak\u0131mda forma giymeye hakk\u0131n\u0131n oldu\u011funu belirterek, &#8220;Bir futbolcunun bonservisini almak, o transferin tamamen bitti\u011fi anlam\u0131na gelmez. \u00c7\u00fcnk\u00fc futbolcu bir e\u015fya de\u011fildir. \u0130stedi\u011fi tak\u0131mda oynamaya hakk\u0131 var&#8221; dedi.<\/p>\n<p style=\"text-align: justify;\">Bir d\u00f6nem Galatasaray Kul\u00fcb\u00fc&#8217;nden Mondragon&#8217;un da bonservisini ald\u0131klar\u0131n\u0131 ancak, futbolcunun Sar\u0131-k\u0131rm\u0131z\u0131l\u0131 tak\u0131mda kald\u0131\u011f\u0131n\u0131 ifade ederek, &#8220;Kaleci Mondragon&#8217;un bonservisini alm\u0131\u015ft\u0131k, ancak Mondragon Galatasaray&#8217;da oynamaya devam etti. Ayr\u0131ca Ayd\u0131n Karabulut&#8217;un da bonservisini Bursaspor&#8217;a vermi\u015ftik ancak, Ayd\u0131n Be\u015fikta\u015f&#8217;ta kald\u0131. Bir futbolcunun bonservisini almak, futbolcunun tamamen al\u0131nd\u0131\u011f\u0131 anlam\u0131na gelmez&#8221; diye konu\u015ftu.<\/p>\n<p style=\"text-align: justify;\">Fenerbah\u00e7e&#8217;nin bonservisini ald\u0131\u011f\u0131 futbolcu Mehmet Topuz&#8217;un g\u00f6nl\u00fcn\u00fcn Be\u015fikta\u015f&#8217;tan yana oldu\u011funu vurgulayarak, &#8220;Mehmet Topuz 2 g\u00fcnd\u00fcr kendi ba\u015f\u0131na, kendi iste\u011fiyle Be\u015fikta\u015fl\u0131 oldu\u011funu, Be\u015fikta\u015f&#8217;ta do\u011fdu\u011funu ve Be\u015fikta\u015f&#8217;ta devam etmek istedi\u011fini s\u00f6yledi. Art\u0131k Kayserispor&#8217;un bundan sonra anlay\u0131\u015f g\u00f6stermesi laz\u0131m. \u00c7\u00fcnk\u00fc Mehmet Topuz Be\u015fikta\u015fl\u0131 ve Be\u015fikta\u015f&#8217;ta oynamak istiyor. Ben, Kayserispor Kul\u00fcb\u00fc Ba\u015fkan\u0131 Recep Mamur ile de anla\u015faca\u011f\u0131m\u0131z\u0131 d\u00fc\u015f\u00fcn\u00fcyorum. Bir futbolcunun bonservisini almak, o transferin tamamen bitti\u011fi anlam\u0131na gelmez. \u00c7\u00fcnk\u00fc futbolcu bir e\u015fya de\u011fildir. \u0130stedi\u011fi tak\u0131mda oynamaya hakk\u0131 var. Mehmet Topuz adam gibi adam. Be\u015fikta\u015fl\u0131 do\u011fmu\u015f, Be\u015fikta\u015fl\u0131 olmu\u015f ve ailesine de &#8216;Be\u015fikta\u015f&#8217;a gidece\u011fim&#8217; diye s\u00f6z vermi\u015f. Mehmet Topuz&#8217;un d\u00f6n\u00fc\u015f\u00fc yok. Bizim de d\u00f6n\u00fc\u015f\u00fcm\u00fcz yok. Bu i\u015f nereye giderse gider ama Mehmet Topuz Be\u015fikta\u015fl\u0131 ve Be\u015fikta\u015f&#8217;ta kalacak&#8221; \u015feklinde konu\u015ftu.<\/p>\n<p style=\"text-align: justify;\">Demir\u00f6ren son olarak, T\u00fcrkiye&#8217;den bir ka\u00e7 futbolcuyla daha ilgilendiklerini belirterek, &#8220;T\u00fcrkiye&#8217;den birka\u00e7 futbolcuyla daha ilgileniyoruz. Yabanc\u0131 olarak limitimiz dolu ama geli\u015fmelere g\u00f6re hareket edece\u011fiz. T\u00fcrkiye&#8217;de ve Avrupa&#8217;da kal\u0131c\u0131 ba\u015far\u0131lar elde etmeyi hedefliyoruz&#8221; dedi.<\/p>\n<p style=\"text-align: justify;\"><span style=\"color: #888888;\">Kaynak : H\u00fcrriyet<\/span><\/p>\n","protected":false},"excerpt":{"rendered":"<p style=\"text-align: center;\">\n<p style=\"text-align: justify;\">5 milyon Euro ve G\u00f6khan Emreciksin\u2019e kar\u015f\u0131l\u0131k Fenerbah\u00e7e\u2019ye verilen Mehmet Topuz, Be\u015fikta\u015f\u2019la anla\u015ft\u0131\u011f\u0131n\u0131 belirtti. Milli oyuncuyla el s\u0131k\u0131\u015fan siyah beyazl\u0131lar ise FIFA\u2019n\u0131n kap\u0131s\u0131n\u0131 \u00e7almaya haz\u0131rlan\u0131yor.<\/p>\n<p style=\"text-align: justify;\">RESM\u0130 transfer pazartesi g\u00fcn\u00fc ba\u015flayacak ama T\u00fcrk futbolunda \u015fimdiden Mehmet Topuz kavgas\u0131 ya\u015fan\u0131yor. \u00d6nceki ak\u015fam Be\u015fikta\u015f\u2019la anla\u015fan ve bu konuda kamuoyuna a\u00e7\u0131klama yap\u0131lan <\/p>\n","protected":false},"author":1,"featured_media":0,"comment_status":"open","ping_status":"closed","sticky":false,"template":"","format":"standard","meta":{"footnotes":""},"categories":[42],"tags":[],"class_list":["post-9667","post","type-post","status-publish","format-standard","hentry","category-spor","odd"],"_links":{"self":[{"href":"http:\/\/www.korhanyilmaz.com\/index.php?rest_route=\/wp\/v2\/posts\/9667","targetHints":{"allow":["GET"]}}],"collection":[{"href":"http:\/\/www.korhanyilmaz.com\/index.php?rest_route=\/wp\/v2\/posts"}],"about":[{"href":"http:\/\/www.korhanyilmaz.com\/index.php?rest_route=\/wp\/v2\/types\/post"}],"author":[{"embeddable":true,"href":"http:\/\/www.korhanyilmaz.com\/index.php?rest_route=\/wp\/v2\/users\/1"}],"replies":[{"embeddable":true,"href":"http:\/\/www.korhanyilmaz.com\/index.php?rest_route=%2Fwp%2Fv2%2Fcomments&post=9667"}],"version-history":[{"count":0,"href":"http:\/\/www.korhanyilmaz.com\/index.php?rest_route=\/wp\/v2\/posts\/9667\/revisions"}],"wp:attachment":[{"href":"http:\/\/www.korhanyilmaz.com\/index.php?rest_route=%2Fwp%2Fv2%2Fmedia&parent=9667"}],"wp:term":[{"taxonomy":"category","embeddable":true,"href":"http:\/\/www.korhanyilmaz.com\/index.php?rest_route=%2Fwp%2Fv2%2Fcategories&post=9667"},{"taxonomy":"post_tag","embeddable":true,"href":"http:\/\/www.korhanyilmaz.com\/index.php?rest_route=%2Fwp%2Fv2%2Ftags&post=9667"}],"curies":[{"name":"wp","href":"https:\/\/api.w.org\/{rel}","templated":true}]}}