{"id":9628,"date":"2009-06-05T18:01:40","date_gmt":"2009-06-05T15:01:40","guid":{"rendered":"http:\/\/www.korhanyilmaz.com\/?p=9628"},"modified":"2009-06-05T18:01:40","modified_gmt":"2009-06-05T15:01:40","slug":"ciller-1967den-beri-cia-icin-calisiyor","status":"publish","type":"post","link":"http:\/\/www.korhanyilmaz.com\/?p=9628","title":{"rendered":"&#039;\u00c7iller 1967&#039;den beri CIA i\u00e7in \u00e7al\u0131\u015f\u0131yor&#039;"},"content":{"rendered":"<p style=\"text-align: center;\"><img loading=\"lazy\" decoding=\"async\" class=\"aligncenter size-full wp-image-9632\" title=\"Tansu \u00c7iller\" src=\"http:\/\/www.korhanyilmaz.com\/wp-content\/uploads\/2009\/06\/fft28_mf185332.Jpeg\" alt=\"Tansu \u00c7iller\" width=\"357\" height=\"238\" \/><\/p>\n<p style=\"text-align: justify;\">Ergenekon davas\u0131n\u0131n kilit noktalar\u0131ndan birisi olarak bilinen ve M\u0130T taraf\u0131ndan haz\u0131rlanan &#8216;Ergenekon \u015femas\u0131&#8217;n\u0131n nas\u0131l olu\u015fturuldu\u011funa dair bilgiler mahkemeye verildi. M\u0130T taraf\u0131ndan 6 CD halinde g\u00f6nderilen belgelerin i\u00e7inde Tuncay G\u00fcney&#8217;in sorgusu, Ayd\u0131nl\u0131k dergisindeki haberler ve baz\u0131 askeri dosyalar yer al\u0131yor&#8230;<\/p>\n<p style=\"text-align: justify;\">\u0130stanbul 13. A\u011f\u0131r Ceza Mahkemesi taraf\u0131ndan g\u00f6r\u00fclen Ergenekon davas\u0131n\u0131n en \u00f6nemli konular\u0131ndan biri de Milli \u0130stihbarat Te\u015fkilat\u0131 (M\u0130T) taraf\u0131ndan haz\u0131rlanan \u2019Ergenekon Ter\u00f6r \u00d6rg\u00fct\u00fc \u015eemas\u0131\u2019. \u015eimdiye kadar \u00e7ok tart\u0131\u015f\u0131lan bu konuyla ilgili olarak d\u00fcn mahkemede \u00f6nemli bir geli\u015fme ya\u015fand\u0131. Ergenekon Ter\u00f6r \u00d6rg\u00fct\u00fc \u015eemas\u0131\u2019n\u0131n olu\u015fturulmas\u0131nda kullan\u0131lan belgelerle ilgili olarak daha \u00f6nce 6 CD olarak 13. A\u011f\u0131r Ceza Mahkemesi\u2019ne g\u00f6nderilmi\u015fti. Mahkeme bu belgelerdeki incelemesini d\u00fcn tamamlad\u0131 ve bu CD\u2019leri avukatlara da\u011f\u0131tt\u0131.<!--more--><\/p>\n<p style=\"text-align: justify;\"><strong>\u0130mzas\u0131z mektupla ortaya \u00e7\u0131kt\u0131<\/strong><\/p>\n<p style=\"text-align: justify;\">M\u0130T \u015eemas\u0131 ve 6 CD 3 Temmuz 2002 tarihinde ortaya \u00e7\u0131km\u0131\u015ft\u0131. CD\u2019ler M\u0130T\u2019e, 3 Temmuz 2002 tarihinde kendisini polis olarak tan\u0131tan bir ki\u015fi taraf\u0131ndan posta yoluyla isimsiz ve imzas\u0131z ihbar mektubu olarak g\u00f6nderilmi\u015fti. 6 adet CD, \u0130stanbul 13. A\u011f\u0131r Ceza Mahkemesi taraf\u0131ndan 6 Ocak 2009 tarihindeki duru\u015fmada kurumdan istenmi\u015fti.<\/p>\n<p style=\"text-align: justify;\"><strong>G\u00fcney de var Hizbullah da<\/strong><\/p>\n<p style=\"text-align: justify;\">2002 y\u0131l\u0131nda M\u0130T\u2019in eline ge\u00e7en ve \u201cErgenekon Ter\u00f6r \u00d6rg\u00fct\u00fc \u015eemas\u0131\u201d n\u0131n olu\u015fmas\u0131n\u0131 sa\u011flayan CD\u2019lerde, Tuncay G\u00fcney\u2019in 2001 y\u0131l\u0131nda g\u00f6zalt\u0131na ald\u0131\u011f\u0131 d\u00f6nemde \u0130stanbul Emniyet M\u00fcd\u00fcrl\u00fc\u011f\u00fcnde kendisiyle yap\u0131lan bir m\u00fclakata ili\u015fkin ses kayd\u0131 da var. Bu kay\u0131tlarla ilgili daha \u00f6nce haberler bas\u0131nda yer alm\u0131\u015ft\u0131. \u00d6zellikle bu CD\u2019lerde G\u00fcney\u2019in i\u015fkence alt\u0131nda ifade verdi\u011fi dikkat \u00e7ekmi\u015f ve bu konu uzun s\u00fcre bas\u0131nda tart\u0131\u015f\u0131lm\u0131\u015ft\u0131. CD\u2019lerde Ayd\u0131nl\u0131k dergisindeki baz\u0131 haberler, Tansu \u00c7iller\u2019in ABD vatanda\u015fl\u0131\u011f\u0131, Hizbullah\u2019\u0131n M\u0130T taraf\u0131ndan y\u00f6netildi\u011fi iddialar\u0131, Kara Kuvvetleri Komutanl\u0131\u011f\u0131 taraf\u0131ndan 1985 y\u0131l\u0131nda haz\u0131rlanan rapor, Veli K\u00fc\u00e7\u00fck hakk\u0131nda \u00e7\u0131kan haberlerin k\u00fcp\u00fcrleri, TBMM\u2019deki Susurluk Ara\u015ft\u0131rma Komisyonu taraf\u0131ndan haz\u0131rlanan raporun bir k\u0131sm\u0131na kadar bir\u00e7ok konu hakk\u0131ndaki haber metni de yer al\u0131yor.<\/p>\n<p style=\"text-align: justify;\"><strong>B\u0130R GAR\u0130P BELGE DAHA!<\/strong><\/p>\n<p style=\"text-align: justify;\">CD\u2019lerin i\u00e7inden ilgin\u00e7 bir belge ortaya \u00e7\u0131kt\u0131. Belgedeki iddiaya g\u00f6re \u00c7iller, 1967\u2019den beri \u201c\u0130stanbul\u2019un G\u00fcl\u00fc\u201d kod ad\u0131yla CIA i\u00e7in \u00e7al\u0131\u015fm\u0131\u015f. 1999 y\u0131l\u0131nda da g\u00fcndeme gelen bu iddialara g\u00f6re, T\u00fcrkiye\u2019deki baz\u0131 siyaset\u00e7iler \u00c7iller\u2019in iktidarda oldu\u011fu 1993-1996 y\u0131llar\u0131 aras\u0131nda ABD\u2019deki malvarl\u0131\u011f\u0131n\u0131 ara\u015ft\u0131rmak \u00fczere bir hukuk b\u00fcrosuyla anla\u015ft\u0131. B\u00fcro da CAL kod adl\u0131 eski bir CIA ajan\u0131yla \u00e7al\u0131\u015fmaya ba\u015flad\u0131. CAL, \u00c7iller\u2019i bizzat tan\u0131yan ve Prag\u2019da ya\u015fayan Fish adl\u0131 ajana ula\u015ft\u0131. Fish, Frankfurt\u2019taki ABD \u00dcss\u00fc\u2019nde verdi\u011fi ifadede, \u00c7iller\u2019in 1979\u2019da, \u201cABD \u00e7\u0131karlar\u0131n\u0131 kollayan yabanc\u0131 \u00fclke vatanda\u015flar\u0131na Amerikan vatanda\u015fl\u0131\u011f\u0131n\u0131 verebilece\u011fini ve bunun gizli tutulaca\u011f\u0131n\u0131\u201d \u00f6ng\u00f6ren 8 USC 1427 (f) yasas\u0131na g\u00f6re ABD vatanda\u015f\u0131 oldu\u011funu s\u00f6yledi. \u00c7iller\u2019in 1967\u2019den beri \u201c\u0130stanbul\u2019un G\u00fcl\u00fc\u201d kod ad\u0131yla CIA i\u00e7in \u00e7al\u0131\u015ft\u0131\u011f\u0131n\u0131, \u00f6zel e\u011fitimden ge\u00e7irildi\u011fini ve bu d\u00f6nemde Yale \u00dcniversitesi\u2019nde post-doktora yapt\u0131\u011f\u0131n\u0131 da \u00f6ne s\u00fcrd\u00fc. ABD\u2019li yetkililer, Fish\u2019i bu i\u015fin \u00fczerine gitmemesi y\u00f6n\u00fcnde uyard\u0131. T\u00fcm bu iddialar\u0131n yer verildi\u011fi belgede, bir de eski CIA ajan\u0131 \u201cMotta Gur\u201dun \u015fu notu yer al\u0131yor: \u201cFish, evinde \u00e7\u0131kan bir yang\u0131nda hayat\u0131n\u0131 kaybetti, \u00c7iller\u2019in ajanl\u0131\u011f\u0131na ili\u015fkin belgeler de kayboldu!.\u201d<\/p>\n<p style=\"text-align: justify;\"><span style=\"color: #888888;\">Kaynak: Radikal<\/span><\/p>\n","protected":false},"excerpt":{"rendered":"<p style=\"text-align: center;\">\n<p style=\"text-align: justify;\">Ergenekon davas\u0131n\u0131n kilit noktalar\u0131ndan birisi olarak bilinen ve M\u0130T taraf\u0131ndan haz\u0131rlanan &#8216;Ergenekon \u015femas\u0131&#8217;n\u0131n nas\u0131l olu\u015fturuldu\u011funa dair bilgiler mahkemeye verildi. M\u0130T taraf\u0131ndan 6 CD halinde g\u00f6nderilen belgelerin i\u00e7inde Tuncay G\u00fcney&#8217;in sorgusu, Ayd\u0131nl\u0131k dergisindeki haberler ve baz\u0131 askeri dosyalar yer al\u0131yor&#8230;<\/p>\n<p style=\"text-align: justify;\">\u0130stanbul 13. A\u011f\u0131r Ceza Mahkemesi taraf\u0131ndan g\u00f6r\u00fclen Ergenekon davas\u0131n\u0131n <\/p>\n","protected":false},"author":1,"featured_media":0,"comment_status":"open","ping_status":"closed","sticky":false,"template":"","format":"standard","meta":{"footnotes":""},"categories":[105],"tags":[],"class_list":["post-9628","post","type-post","status-publish","format-standard","hentry","category-gundem","odd"],"_links":{"self":[{"href":"http:\/\/www.korhanyilmaz.com\/index.php?rest_route=\/wp\/v2\/posts\/9628","targetHints":{"allow":["GET"]}}],"collection":[{"href":"http:\/\/www.korhanyilmaz.com\/index.php?rest_route=\/wp\/v2\/posts"}],"about":[{"href":"http:\/\/www.korhanyilmaz.com\/index.php?rest_route=\/wp\/v2\/types\/post"}],"author":[{"embeddable":true,"href":"http:\/\/www.korhanyilmaz.com\/index.php?rest_route=\/wp\/v2\/users\/1"}],"replies":[{"embeddable":true,"href":"http:\/\/www.korhanyilmaz.com\/index.php?rest_route=%2Fwp%2Fv2%2Fcomments&post=9628"}],"version-history":[{"count":0,"href":"http:\/\/www.korhanyilmaz.com\/index.php?rest_route=\/wp\/v2\/posts\/9628\/revisions"}],"wp:attachment":[{"href":"http:\/\/www.korhanyilmaz.com\/index.php?rest_route=%2Fwp%2Fv2%2Fmedia&parent=9628"}],"wp:term":[{"taxonomy":"category","embeddable":true,"href":"http:\/\/www.korhanyilmaz.com\/index.php?rest_route=%2Fwp%2Fv2%2Fcategories&post=9628"},{"taxonomy":"post_tag","embeddable":true,"href":"http:\/\/www.korhanyilmaz.com\/index.php?rest_route=%2Fwp%2Fv2%2Ftags&post=9628"}],"curies":[{"name":"wp","href":"https:\/\/api.w.org\/{rel}","templated":true}]}}