{"id":9621,"date":"2009-06-05T23:30:44","date_gmt":"2009-06-05T20:30:44","guid":{"rendered":"http:\/\/www.korhanyilmaz.com\/?p=9621"},"modified":"2009-06-05T23:30:44","modified_gmt":"2009-06-05T20:30:44","slug":"fransa-1-turkiye-0","status":"publish","type":"post","link":"http:\/\/www.korhanyilmaz.com\/?p=9621","title":{"rendered":"Fransa: 1 &#8211; T\u00fcrkiye: 0"},"content":{"rendered":"<p style=\"text-align: center;\"><img loading=\"lazy\" decoding=\"async\" class=\"size-full wp-image-9622    aligncenter\" src=\"http:\/\/www.korhanyilmaz.com\/wp-content\/uploads\/2009\/06\/797444633750.jpg\" alt=\"\" width=\"333\" height=\"175\" \/><\/p>\n<p>A Milli Futbol Tak\u0131m\u0131m\u0131z \u00f6zel ma\u00e7ta Fransa ile kar\u015f\u0131 kar\u015f\u0131ya geliyor. Kar\u015f\u0131la\u015fman\u0131n ilk yar\u0131s\u0131 Fransa&#8217;n\u0131n \u00fcst\u00fcnl\u00fc\u011f\u00fc ile sona erdi.<\/p>\n<p><strong>37. dakikada <\/strong>\u0130brahim \u00dcz\u00fclmez&#8217;in Anelka&#8217;ya yapt\u0131\u011f\u0131 hareketten dolay\u0131 k\u0131rm\u0131z\u0131 kart ile oyun d\u0131\u015f\u0131 kald\u0131.<\/p>\n<p><strong>39. dakikada<\/strong> penalt\u0131y\u0131 kullanan Benzema tak\u0131m\u0131n\u0131 <strong>1-0 <\/strong>\u00f6ne ge\u00e7irdi.<!--more--><\/p>\n<p>Fransa&#8217;n\u0131n Lyon kentinde Fransa ile T\u00fcrkiye aras\u0131nda yap\u0131lacak \u00f6zel milli ma\u00e7\u0131n hakem ve tak\u0131m kadrolar\u0131 \u015f\u00f6yle:<\/p>\n<p><strong>Stat:<\/strong> Gerland<\/p>\n<p><strong>Hakemler: <\/strong>Manuel Grafe, Felix Zwayer, Markus Hacker (Almanya)<\/p>\n<p><strong>Fransa: <\/strong>Lloris, Boumsong, Abidal, Diarra, Malouda, Gourcuff, Benzema, Toulalan, Sagna, Mexex, Anelka<\/p>\n<p><strong>T\u00fcrkiye:<\/strong> Volkan, Hakan, G\u00f6khan Zan, Mehmet Topal, Nuri, Mevl\u00fct, Arda, Tuncay, \u0130brahim \u00dcz\u00fclmez, Halil, Sabri.<\/p>\n","protected":false},"excerpt":{"rendered":"<p style=\"text-align: center;\">\n<p>A Milli Futbol Tak\u0131m\u0131m\u0131z \u00f6zel ma\u00e7ta Fransa ile kar\u015f\u0131 kar\u015f\u0131ya geliyor. Kar\u015f\u0131la\u015fman\u0131n ilk yar\u0131s\u0131 Fransa&#8217;n\u0131n \u00fcst\u00fcnl\u00fc\u011f\u00fc ile sona erdi.<\/p>\n<p>37. dakikada \u0130brahim \u00dcz\u00fclmez&#8217;in Anelka&#8217;ya yapt\u0131\u011f\u0131 hareketten dolay\u0131 k\u0131rm\u0131z\u0131 kart ile oyun d\u0131\u015f\u0131 kald\u0131.<\/p>\n<p>39. dakikada penalt\u0131y\u0131 kullanan Benzema tak\u0131m\u0131n\u0131 1-0 \u00f6ne ge\u00e7irdi.<\/p>\n","protected":false},"author":1,"featured_media":0,"comment_status":"open","ping_status":"closed","sticky":false,"template":"","format":"standard","meta":{"footnotes":""},"categories":[42],"tags":[],"class_list":["post-9621","post","type-post","status-publish","format-standard","hentry","category-spor","odd"],"_links":{"self":[{"href":"http:\/\/www.korhanyilmaz.com\/index.php?rest_route=\/wp\/v2\/posts\/9621","targetHints":{"allow":["GET"]}}],"collection":[{"href":"http:\/\/www.korhanyilmaz.com\/index.php?rest_route=\/wp\/v2\/posts"}],"about":[{"href":"http:\/\/www.korhanyilmaz.com\/index.php?rest_route=\/wp\/v2\/types\/post"}],"author":[{"embeddable":true,"href":"http:\/\/www.korhanyilmaz.com\/index.php?rest_route=\/wp\/v2\/users\/1"}],"replies":[{"embeddable":true,"href":"http:\/\/www.korhanyilmaz.com\/index.php?rest_route=%2Fwp%2Fv2%2Fcomments&post=9621"}],"version-history":[{"count":0,"href":"http:\/\/www.korhanyilmaz.com\/index.php?rest_route=\/wp\/v2\/posts\/9621\/revisions"}],"wp:attachment":[{"href":"http:\/\/www.korhanyilmaz.com\/index.php?rest_route=%2Fwp%2Fv2%2Fmedia&parent=9621"}],"wp:term":[{"taxonomy":"category","embeddable":true,"href":"http:\/\/www.korhanyilmaz.com\/index.php?rest_route=%2Fwp%2Fv2%2Fcategories&post=9621"},{"taxonomy":"post_tag","embeddable":true,"href":"http:\/\/www.korhanyilmaz.com\/index.php?rest_route=%2Fwp%2Fv2%2Ftags&post=9621"}],"curies":[{"name":"wp","href":"https:\/\/api.w.org\/{rel}","templated":true}]}}