{"id":9597,"date":"2009-06-05T18:01:04","date_gmt":"2009-06-05T16:01:04","guid":{"rendered":"http:\/\/www.korhanyilmaz.com\/?p=9597"},"modified":"2009-06-05T18:01:04","modified_gmt":"2009-06-05T16:01:04","slug":"akman-icin-erdogandan-ilk-yorum","status":"publish","type":"post","link":"http:\/\/www.korhanyilmaz.com\/?p=9597","title":{"rendered":"Akman i\u00e7in Erdo\u011fan&#039;dan ilk yorum"},"content":{"rendered":"<p style=\"text-align: center;\"><img loading=\"lazy\" decoding=\"async\" class=\"aligncenter size-full wp-image-9598\" src=\"http:\/\/www.korhanyilmaz.com\/wp-content\/uploads\/2009\/06\/050620091802243877583.jpg\" alt=\"\" width=\"320\" height=\"100\" \/><\/p>\n<p style=\"text-align: justify;\"><strong>Ba\u015fbakan Erdo\u011fan yurda d\u00f6n\u00fc\u015f\u00fcnde havaalan\u0131nda bir a\u00e7\u0131klama yapt\u0131. Erdo\u011fan daha sonra gazetecilerin sorular\u0131n\u0131 yan\u0131tlad\u0131.<\/strong><\/p>\n<p style=\"text-align: justify;\">Ba\u015fbakan Recep Tayyip Erdo\u011fan, &#8220;G\u00fcneydo\u011fu Avrupa \u00dclkeleri \u0130\u015fbirli\u011fi S\u00fcreci D\u00f6nem ba\u015fkanl\u0131\u011f\u0131m\u0131z s\u00fcresince y\u00fcr\u00fctece\u011fimiz \u00e7al\u0131\u015fmalarda b\u00f6lgesel i\u015fbirli\u011finin geli\u015ftirilmesine ve Balkanlar\u0131n Avrupa Atlantik kurumlar\u0131 ile entegrasyonuna odaklanaca\u011f\u0131z&#8221; dedi.<\/p>\n<p style=\"text-align: justify;\">Ba\u015fbakan Erdo\u011fan, Moldova&#8217;dan d\u00f6n\u00fc\u015f\u00fcnde Esenbo\u011fa Havaliman\u0131&#8217;nda geziyle ilgili a\u00e7\u0131klamalar yapt\u0131 ve gazetecilerin sorular\u0131n\u0131 yan\u0131tlad\u0131.<\/p>\n<p style=\"text-align: justify;\">Moldova&#8217;da G\u00fcneydo\u011fu Avrupa \u00dclkeleri \u0130\u015fbirli\u011fi S\u00fcreci Devlet ve H\u00fck\u00fcmet Ba\u015fkanlar\u0131 Zirvesi&#8217;ne kat\u0131ld\u0131\u011f\u0131n\u0131 hat\u0131rlatan Ba\u015fbakan Erdo\u011fan, toplant\u0131da s\u00fcrece taraf \u00fclkelerin yan\u0131 s\u0131ra Balkan co\u011frafyas\u0131na y\u00f6nelik faaliyet g\u00f6steren b\u00f6lgesel ve uluslararas\u0131 kurulu\u015flar\u0131n da temsil edildi\u011fini s\u00f6yledi.<!--more--><\/p>\n<p style=\"text-align: justify;\">Bu zirveyle T\u00fcrkiye&#8217;nin G\u00fcneydo\u011fu Avrupa \u00dclkeleri \u0130\u015fbirli\u011fi S\u00fcreci 2009-2010 d\u00f6nem ba\u015fkanl\u0131\u011f\u0131 g\u00f6revini Moldova&#8217;dan devrald\u0131\u011f\u0131n\u0131 belirten Ba\u015fbakan<\/p>\n<p style=\"text-align: justify;\">Erdo\u011fan, devlet ba\u015fkanlar\u0131 aras\u0131ndaki bir zirvenin \u00f6n\u00fcm\u00fczdeki y\u0131l ayn\u0131 aylarda T\u00fcrkiye&#8217;de yap\u0131laca\u011f\u0131n\u0131 bildirdi. Ayn\u0131 zamanda D\u0131\u015fi\u015fleri Bakanlar\u0131n\u0131n en az 2, uzmanlar\u0131n ise 3-5 kere olmak \u00fczere bir araya geleceklerini ifade eden Ba\u015fbakan Erdo\u011fan, siyasi, ekonomik ve k\u00fclt\u00fcrel ili\u015fkileri \u00e7ok daha zenginle\u015ftirmenin gayreti i\u00e7inde olunaca\u011f\u0131n\u0131 vurgulad\u0131.<\/p>\n<p style=\"text-align: justify;\">Ekonomik krizin ve enerji sorunlar\u0131n\u0131n yo\u011funla\u015ft\u0131\u011f\u0131 bir d\u00f6nemde b\u00f6yle bir toplant\u0131n\u0131n yap\u0131lmas\u0131n\u0131n \u00f6nemine dikkati \u00e7eken Erdo\u011fan, s\u00f6zlerini \u015f\u00f6yle s\u00fcrd\u00fcrd\u00fc:<\/p>\n<p style=\"text-align: justify;\">&#8220;D\u00f6nem ba\u015fkanl\u0131\u011f\u0131m\u0131z s\u00fcresince y\u00fcr\u00fctece\u011fimiz \u00e7al\u0131\u015fmalarda b\u00f6lgesel i\u015fbirli\u011finin geli\u015ftirilmesine ve Balkanlar\u0131n Avrupa Atlantik kurumlar\u0131 ile entegrasyonuna odaklanaca\u011f\u0131z. T\u00fcrkiye&#8217;nin g\u00fcneydo\u011fu Avrupa \u00fclkeleri i\u015fbirli\u011fi s\u00fcrecinin kurulu\u015f ve geli\u015fimindeki \u00f6nc\u00fc katk\u0131lar\u0131 herkesin malumudur. Bu y\u00f6ndeki gayretlerimizi Ki\u015finev&#8217;de de bug\u00fcn s\u00fcrd\u00fcrd\u00fck. Nitekim ortak beklenti ve kayg\u0131lar\u0131m\u0131z zirve bildirgesinde yer bulmu\u015ftur. Daha \u00f6nce de ifade etti\u011fim gibi tarihi ve k\u00fclt\u00fcrel ba\u011flar\u0131m\u0131z\u0131n bulundu\u011fu Balkanlara y\u00f6nelik politikam\u0131z\u0131n temel hedefleri aras\u0131nda ikili ili\u015fkilerimizin her alanda en \u00fcst d\u00fczeyde tutulmas\u0131 ba\u015fta gelmektedir.<\/p>\n<p style=\"text-align: justify;\">Bu d\u00fc\u015f\u00fcncelerle zirve s\u0131ras\u0131nda ba\u015fba\u015fa g\u00f6r\u00fc\u015fme f\u0131rsat\u0131 buldu\u011fum gerek Bulgaristan Cumhurba\u015fkan\u0131, gerekse S\u0131rbistan Cumhurba\u015fkan\u0131 ve yemek esnas\u0131nda da ev sahibi olarak Moldova Cumhurba\u015fkan\u0131 ile g\u00f6r\u00fc\u015fmelerimiz oldu. D\u00fcn ak\u015fam Moldova Ba\u015fbakan\u0131 ile uzun uzad\u0131ya g\u00f6r\u00fc\u015fmelerimiz oldu. Bunun yan\u0131nda gelen \u00fclkelerin temsilcileriyle baz\u0131 g\u00f6r\u00fc\u015fmeler yapma f\u0131rsat\u0131 bulduk. Zirvenin bizim ba\u015fkanl\u0131\u011f\u0131m\u0131zdaki s\u00fcreci, inan\u0131yorum ki Balkanlarda \u00e7ok daha farkl\u0131 bir d\u00f6nemin ba\u015flamas\u0131na vesile olacakt\u0131r.&#8221;<\/p>\n<p style=\"text-align: justify;\"><strong>-&#8220;TE\u015eV\u0130KLE \u0130LG\u0130L\u0130 KANAATLER GENELDE OLUMLU&#8221;-<\/strong><\/p>\n<p style=\"text-align: justify;\">Bir gazetecinin &#8220;Te\u015fvik sistemiyle ilgili T\u00dcS\u0130AD&#8217;\u0131n yapt\u0131\u011f\u0131 a\u00e7\u0131klama hakk\u0131nda de\u011ferlendirmelerini&#8221; sormas\u0131 \u00fczerine Ba\u015fbakan Erdo\u011fan, a\u00e7\u0131klanan te\u015fvikle ilgili kanaatlerin genelde olumlu oldu\u011funu s\u00f6yledi.<\/p>\n<p style=\"text-align: justify;\">\u015eu anda b\u00fctce a\u00e7\u0131\u011f\u0131 konusunda s\u0131k\u0131nt\u0131lar oldu\u011funu ifade eden Ba\u015fbakan Erdo\u011fan, &#8220;Bizler de bu b\u00fct\u00e7e a\u00e7\u0131\u011f\u0131n\u0131n daha aza indirilmesi konusunda gayretlerimizi ortaya koyaca\u011f\u0131z, \u00e7al\u0131\u015faca\u011f\u0131z. Bu noktada bizler devlet olarak elimizden gelen gayreti g\u00f6sterirken temenni ederim ki tabii \u00f6zel sekt\u00f6r de ayn\u0131 gayreti g\u00f6stermek suretiyle \u00fclkemizin b\u00fcy\u00fcme h\u0131z\u0131n\u0131 artt\u0131ral\u0131m ve buna katk\u0131da bulunal\u0131m&#8221; diye konu\u015ftu.<\/p>\n<p style=\"text-align: justify;\">&#8220;RT\u00dcK Ba\u015fkan\u0131 Zahid Akman&#8217;\u0131n mal varl\u0131\u011f\u0131na ihtiyati tedbir konulmas\u0131n\u0131 ve Akman&#8217;\u0131n \u00fczerindeki spek\u00fclasyonlar\u0131 nas\u0131l de\u011ferlendiriyorsunuz&#8221; sorusunu da Ba\u015fbakan Erdo\u011fan, &#8220;Spek\u00fclasyonlar T\u00fcrkiye&#8217;de biliyorsunuz bir ki\u015finin \u00fczerinde olmuyor. Hepimizin \u00fczerinde maalesef bu \u00fclkede s\u00fcrekli bu spek\u00fclasyonlar olur.<\/p>\n<p style=\"text-align: justify;\">Akman ile ilgili s\u00fcre\u00e7 devam eden bir s\u00fcre\u00e7tir. Bu devam eden s\u00fcre\u00e7le ilgili olarak da \u00f6yle zannediyorum ki kendisi de kendisini en g\u00fczel \u015fekilde m\u00fcdafaa etmektedir, edecektir. Burada Say\u0131n Akman ile ilgili onu savunma noktas\u0131nda olacak ben de\u011filim. Say\u0131n Akman kendini en g\u00fczel \u015fekilde savunmas\u0131n\u0131 bilir&#8221; diye yan\u0131tlad\u0131.<\/p>\n<p style=\"text-align: justify;\">Yarg\u0131tay Cumhuriyet Ba\u015fsavc\u0131s\u0131 Abdurrahman Yal\u00e7\u0131nkaya&#8217;n\u0131n a\u00e7\u0131klamalar\u0131n\u0131 nas\u0131l de\u011ferlendirdi\u011finin sorulmas\u0131 \u00fczerine Erdo\u011fan, T\u00fcrkiye&#8217;ye yeni ayak bast\u0131\u011f\u0131n\u0131 belirterek &#8220;Konu\u015fma metinlerini okumu\u015f, g\u00f6rm\u00fc\u015f de\u011filim. \u015eimdi sizden bunu bu \u015fekilde duyuyorum onun i\u00e7in bir de\u011ferlendirmeye girmeyi do\u011fru bulmuyorum&#8221; dedi.<\/p>\n<p style=\"text-align: justify;\"><span style=\"color: #888888;\">Kaynak : Vatan<\/span><\/p>\n","protected":false},"excerpt":{"rendered":"<p style=\"text-align: center;\">\n<p style=\"text-align: justify;\">Ba\u015fbakan Erdo\u011fan yurda d\u00f6n\u00fc\u015f\u00fcnde havaalan\u0131nda bir a\u00e7\u0131klama yapt\u0131. Erdo\u011fan daha sonra gazetecilerin sorular\u0131n\u0131 yan\u0131tlad\u0131.<\/p>\n<p style=\"text-align: justify;\">Ba\u015fbakan Recep Tayyip Erdo\u011fan, &#8220;G\u00fcneydo\u011fu Avrupa \u00dclkeleri \u0130\u015fbirli\u011fi S\u00fcreci D\u00f6nem ba\u015fkanl\u0131\u011f\u0131m\u0131z s\u00fcresince y\u00fcr\u00fctece\u011fimiz \u00e7al\u0131\u015fmalarda b\u00f6lgesel i\u015fbirli\u011finin geli\u015ftirilmesine ve Balkanlar\u0131n Avrupa Atlantik kurumlar\u0131 ile entegrasyonuna odaklanaca\u011f\u0131z&#8221; dedi.<\/p>\n<p style=\"text-align: justify;\">Ba\u015fbakan Erdo\u011fan, Moldova&#8217;dan d\u00f6n\u00fc\u015f\u00fcnde Esenbo\u011fa Havaliman\u0131&#8217;nda <\/p>\n","protected":false},"author":1,"featured_media":0,"comment_status":"open","ping_status":"closed","sticky":false,"template":"","format":"standard","meta":{"footnotes":""},"categories":[105],"tags":[],"class_list":["post-9597","post","type-post","status-publish","format-standard","hentry","category-gundem","odd"],"_links":{"self":[{"href":"http:\/\/www.korhanyilmaz.com\/index.php?rest_route=\/wp\/v2\/posts\/9597","targetHints":{"allow":["GET"]}}],"collection":[{"href":"http:\/\/www.korhanyilmaz.com\/index.php?rest_route=\/wp\/v2\/posts"}],"about":[{"href":"http:\/\/www.korhanyilmaz.com\/index.php?rest_route=\/wp\/v2\/types\/post"}],"author":[{"embeddable":true,"href":"http:\/\/www.korhanyilmaz.com\/index.php?rest_route=\/wp\/v2\/users\/1"}],"replies":[{"embeddable":true,"href":"http:\/\/www.korhanyilmaz.com\/index.php?rest_route=%2Fwp%2Fv2%2Fcomments&post=9597"}],"version-history":[{"count":0,"href":"http:\/\/www.korhanyilmaz.com\/index.php?rest_route=\/wp\/v2\/posts\/9597\/revisions"}],"wp:attachment":[{"href":"http:\/\/www.korhanyilmaz.com\/index.php?rest_route=%2Fwp%2Fv2%2Fmedia&parent=9597"}],"wp:term":[{"taxonomy":"category","embeddable":true,"href":"http:\/\/www.korhanyilmaz.com\/index.php?rest_route=%2Fwp%2Fv2%2Fcategories&post=9597"},{"taxonomy":"post_tag","embeddable":true,"href":"http:\/\/www.korhanyilmaz.com\/index.php?rest_route=%2Fwp%2Fv2%2Ftags&post=9597"}],"curies":[{"name":"wp","href":"https:\/\/api.w.org\/{rel}","templated":true}]}}