{"id":9594,"date":"2009-06-05T14:45:53","date_gmt":"2009-06-05T11:45:53","guid":{"rendered":"http:\/\/www.korhanyilmaz.com\/?p=9594"},"modified":"2009-06-05T14:45:53","modified_gmt":"2009-06-05T11:45:53","slug":"devlet-arsiv-memuru-tuncay-guney","status":"publish","type":"post","link":"http:\/\/www.korhanyilmaz.com\/?p=9594","title":{"rendered":"Devlet ar\u015fiv memuru Tuncay G\u00fcney!"},"content":{"rendered":"<p style=\"text-align: center;\"><a href=\"http:\/\/www.korhanyilmaz.com\/wp-content\/uploads\/2009\/06\/050620091841018846388.jpg\"  class=\"lightview\"><img loading=\"lazy\" decoding=\"async\" class=\"size-full wp-image-9595 aligncenter\" src=\"http:\/\/www.korhanyilmaz.com\/wp-content\/uploads\/2009\/06\/050620091841018846388.jpg\" alt=\"\" width=\"329\" height=\"210\" \/><\/a><a class=\"lightview\" title=\"Devlet ar\u015fiv memuru Tuncay G\u00fcney! ::  :: width: 533, height: 400\" href=\"http:\/\/www.korhanyilmaz.com\/swf\/flvplayer.swf?file=http:\/\/video.gazetevatan.com\/video\/file\/050620091447126268170.flv \"><img loading=\"lazy\" decoding=\"async\" class=\"aligncenter\" title=\"Habere \u0130li\u015fkin Videoyu \u0130zlemek \u0130\u00e7in T\u0131klay\u0131n..\" src=\"wp-data\/images\/video_izle_tikla.png\" alt=\"\" width=\"30\" height=\"30\" \/ class=\"lightview\"><\/a><\/p>\n<p>M\u0130T&#8217;in belgelerinden, Ergenekon&#8217;un kara kutusuna ait yeni bir kimlik \u00e7\u0131kt\u0131&#8230;<\/p>\n<p>M\u0130T, Ergenekon Soru\u015fturmas\u0131&#8217;na bakan 13. A\u011f\u0131r Ceza Mahkemesi&#8217;ne 6 CD g\u00f6nderdi. G\u00f6nderilen CD&#8217;lerde Ergenekon&#8217;un kara kutusu olarak adland\u0131r\u0131lan Tuncay G\u00fcney&#8217;in, Devlet Ar\u015fivleri Genel M\u00fcd\u00fcrl\u00fc\u011f\u00fc&#8217;nde ara\u015ft\u0131rmac\u0131 memur oldu\u011funu g\u00f6steren bir kimlik kart\u0131n\u0131n fotokopisi de yer al\u0131yor&#8230;<\/p>\n<p>Damgal\u0131 kimlik kart\u0131n\u0131n \u00fczerinde, Ba\u015fbakanl\u0131k Devlet Ar\u015fivleri Genel M\u00fcdr\u00fcl\u00fc\u011f\u00fc Osmanl\u0131 Ar\u015fiv Daire Ba\u015fkanl\u0131\u011f\u0131 yaz\u0131yor. Tuncay G\u00fcney&#8217;in g\u00f6revi ise ara\u015ft\u0131rmac\u0131 olarak g\u00f6r\u00fcn\u00fcyor&#8230;<\/p>\n<p>13. A\u011f\u0131r Ceza Mahkemesi&#8217;ne g\u00f6nderilen 6 CD, M\u0130T&#8217;e 2002&#8217;de kendisini polis olarak tan\u0131tan bir ki\u015fini imzas\u0131z ihbar mektubuyla g\u00f6nderilen CD&#8217;ler&#8230;<\/p>\n<p>Mahkeme bu CD&#8217;leri Ocak&#8217;ta M\u0130T&#8217;ten istemi\u015fti&#8230;<\/p>\n<p><span style=\"color: #888888;\">Kaynak : Vatan<\/span><\/p>\n","protected":false},"excerpt":{"rendered":"<p style=\"text-align: center;\">\n<p>M\u0130T&#8217;in belgelerinden, Ergenekon&#8217;un kara kutusuna ait yeni bir kimlik \u00e7\u0131kt\u0131&#8230;<\/p>\n<p>M\u0130T, Ergenekon Soru\u015fturmas\u0131&#8217;na bakan 13. A\u011f\u0131r Ceza Mahkemesi&#8217;ne 6 CD g\u00f6nderdi. G\u00f6nderilen CD&#8217;lerde Ergenekon&#8217;un kara kutusu olarak adland\u0131r\u0131lan Tuncay G\u00fcney&#8217;in, Devlet Ar\u015fivleri Genel M\u00fcd\u00fcrl\u00fc\u011f\u00fc&#8217;nde ara\u015ft\u0131rmac\u0131 memur oldu\u011funu g\u00f6steren bir kimlik kart\u0131n\u0131n fotokopisi de yer al\u0131yor&#8230;<\/p>\n<p>Damgal\u0131 kimlik kart\u0131n\u0131n \u00fczerinde, Ba\u015fbakanl\u0131k Devlet Ar\u015fivleri <\/p>\n","protected":false},"author":1,"featured_media":0,"comment_status":"open","ping_status":"closed","sticky":false,"template":"","format":"standard","meta":{"footnotes":""},"categories":[105],"tags":[],"class_list":["post-9594","post","type-post","status-publish","format-standard","hentry","category-gundem","odd"],"_links":{"self":[{"href":"http:\/\/www.korhanyilmaz.com\/index.php?rest_route=\/wp\/v2\/posts\/9594","targetHints":{"allow":["GET"]}}],"collection":[{"href":"http:\/\/www.korhanyilmaz.com\/index.php?rest_route=\/wp\/v2\/posts"}],"about":[{"href":"http:\/\/www.korhanyilmaz.com\/index.php?rest_route=\/wp\/v2\/types\/post"}],"author":[{"embeddable":true,"href":"http:\/\/www.korhanyilmaz.com\/index.php?rest_route=\/wp\/v2\/users\/1"}],"replies":[{"embeddable":true,"href":"http:\/\/www.korhanyilmaz.com\/index.php?rest_route=%2Fwp%2Fv2%2Fcomments&post=9594"}],"version-history":[{"count":0,"href":"http:\/\/www.korhanyilmaz.com\/index.php?rest_route=\/wp\/v2\/posts\/9594\/revisions"}],"wp:attachment":[{"href":"http:\/\/www.korhanyilmaz.com\/index.php?rest_route=%2Fwp%2Fv2%2Fmedia&parent=9594"}],"wp:term":[{"taxonomy":"category","embeddable":true,"href":"http:\/\/www.korhanyilmaz.com\/index.php?rest_route=%2Fwp%2Fv2%2Fcategories&post=9594"},{"taxonomy":"post_tag","embeddable":true,"href":"http:\/\/www.korhanyilmaz.com\/index.php?rest_route=%2Fwp%2Fv2%2Ftags&post=9594"}],"curies":[{"name":"wp","href":"https:\/\/api.w.org\/{rel}","templated":true}]}}