{"id":9587,"date":"2009-06-05T17:15:41","date_gmt":"2009-06-05T15:15:41","guid":{"rendered":"http:\/\/www.korhanyilmaz.com\/?p=9587"},"modified":"2009-06-05T17:15:41","modified_gmt":"2009-06-05T15:15:41","slug":"kilicdaroglu-o-belgeleri-basbakanin-alnina-civilerim","status":"publish","type":"post","link":"http:\/\/www.korhanyilmaz.com\/?p=9587","title":{"rendered":"K\u0131l\u0131\u00e7daro\u011flu: O belgeleri Ba\u015fbakan&#039;\u0131n aln\u0131na \u00e7ivilerim"},"content":{"rendered":"<p style=\"text-align: center;\"><img loading=\"lazy\" decoding=\"async\" class=\"aligncenter size-full wp-image-9588\" src=\"http:\/\/www.korhanyilmaz.com\/wp-content\/uploads\/2009\/06\/050620091713593575381.jpg\" alt=\"\" width=\"329\" height=\"210\" \/><\/p>\n<p style=\"text-align: justify;\"><strong>CHP Grup Ba\u015fkanvekili Kemal K\u0131l\u0131\u00e7daro\u011flu esti, g\u00fcrledi&#8230;<\/strong><\/p>\n<p style=\"text-align: justify;\">Kemal K\u0131l\u0131\u00e7daro\u011flu, Seki Beldesi&#8217;nde mitingte yapt\u0131\u011f\u0131 konu\u015fmada partisinin Seki Belediye Ba\u015fkan aday\u0131 Veli Y\u0131ld\u0131z&#8217;a oy istedi. Cumhuriyet Meydan\u0131&#8217;nda d\u00fczenlenen mitingde kamyonet kasas\u0131ndan yakla\u015f\u0131k 500 ki\u015fiye seslenen K\u0131l\u0131\u00e7daro\u011flu, Ba\u015fbakan Recep Tayyip Erdo\u011fan&#8217;a y\u00fcklendi. K\u0131l\u0131\u00e7daro\u011flu, \u015f\u00f6yle konu\u015ftu:<\/p>\n<p style=\"text-align: justify;\">&#8220;Say\u0131n Ba\u015fbakan `bize kim AKP derse edepsizdir, bize Ak Parti diyeceksiniz&#8217; diyor. Elinizi vicdan\u0131n\u0131za koyun bana cevap verin. Hakk\u0131nda sahte evrak d\u00fczenlemekten yani yolsuzluk yapmaktan dolay\u0131 dosyas\u0131 olan bir ba\u015fbakan, `bana ak deyin&#8217; dedi\u011fi zaman siz ona ak m\u0131 diyeceksiniz? E\u011fer bir insan kendisine ak demek istiyorsa, dokunulmazl\u0131k z\u0131rh\u0131n\u0131n arkas\u0131na saklanmaz. Aln\u0131 akt\u0131r, \u00e7\u0131kar mahkemenin \u00f6n\u00fcne. Ak da olur gelir milletin \u00f6n\u00fcne. Biz de o zaman sen Ak Parti&#8217;sin deriz. Say\u0131n Ba\u015fbakan Rize&#8217;den \u0130stanbul&#8217;a geldi\u011fi zaman ayakkab\u0131 alacak paras\u0131 yoktu. \u015eimdi, d\u00fcnyan\u0131n en zengin ba\u015fbakanlar\u0131ndan biri haline geldi.&#8221;<!--more--><\/p>\n<p style=\"text-align: justify;\">Maliye eski Bakan\u0131 Kemal Unak\u0131tan&#8217;a `naylon fatura&#8217; ele\u015ftirisinde bulunan K\u0131l\u0131\u00e7daro\u011flu, &#8220;D\u00fcnyan\u0131n hi\u00e7bir b\u00f6lgesinde naylon fatura d\u00fczenleyen adamdan Maliye Bakan\u0131 olamaz. Ama bizim \u00fclkemizde naylon fatura d\u00fczenleyen adam\u0131 getirdik Maliye Bakan\u0131 yapt\u0131k. \u015eimdi bu adam diyor ki bize vergi verin. Sen naylon faturay\u0131 neden d\u00fczenliyorsun, vergi ka\u00e7\u0131rmak i\u00e7in&#8221; diye konu\u015ftu.<\/p>\n<p style=\"text-align: justify;\">Kemal K\u0131l\u0131\u00e7daro\u011flu, T\u00fcrkiye B\u00fcy\u00fck Millet Meclisi&#8217;nde bulunan 550 milletvekilinin hi\u00e7birinin may\u0131nlar\u0131n temizlenmesine kar\u015f\u0131 olmad\u0131\u011f\u0131n\u0131 belirterek, \u015funlar\u0131 s\u00f6yledi:<\/p>\n<p style=\"text-align: justify;\">&#8220;May\u0131nlar\u0131 temizleyelim ama ayn\u0131 zamanda temizleyen firma 44 y\u0131ll\u0131\u011f\u0131na temizlenen araziyi bedava i\u015fletsin. Kim bu firma \u0130srail. Say\u0131n Ba\u015fbakan diyor ki &#8216;bu kanunun neresinde \u0130srail yaz\u0131yor.&#8217; T\u00fcpra\u015f&#8217;\u0131n 14.76&#8217;l\u0131k hissesini Ofer&#8217;e satt\u0131lar m\u0131 satt\u0131lar. Ofer&#8217;in ismi ihale kanununda m\u0131 yaz\u0131yordu, \u015fartnamede mi yaz\u0131yordu? Ama tezgahlay\u0131p g\u00f6t\u00fcr\u00fcp Ofer&#8217;e satt\u0131n\u0131z. Seki&#8217;den Ba\u015fbakan&#8217;a sesleniyorum. \u0130hale \u00f6ncesi herhangi bir yerde, baz\u0131 adamlarla bir araya gelip ihaleye \u00e7\u0131kacak i\u015flerle ilgili ka\u00e7 sefer konu\u015fma yapt\u0131n say\u0131n Ba\u015fbakan? \u0130haleleri nerelerde ve nas\u0131l tezgahlad\u0131n say\u0131n Ba\u015fbakan? Kanuna uymad\u0131\u011f\u0131 zaman o ihale i\u00e7in Meclis&#8217;ten \u00f6zel kanun \u00e7\u0131kard\u0131n m\u0131 \u00e7\u0131karmad\u0131n m\u0131 say\u0131n Ba\u015fbakan? Ba\u015fbakan bunlara cevap veremez, cevap verirse o belgeleri o say\u0131n Ba\u015fbakan&#8217;\u0131n aln\u0131na \u00e7ivilerim. \u00c7ivilemezsem bana da Kemal K\u0131l\u0131\u00e7daro\u011flu demesinler. May\u0131n temizlemek i\u00e7in d\u00fcnyan\u0131n hangi \u00fclkesi kendi meclisinden kanun ge\u00e7irmi\u015ftir. B\u00f6yle bir \u015fey yok.&#8221;<\/p>\n<p style=\"text-align: justify;\">K\u0131l\u0131\u00e7daro\u011flu, konu\u015fmas\u0131n\u0131n ard\u0131ndan yerel se\u00e7im \u00e7al\u0131\u015fmalar\u0131na kat\u0131lmak \u00fczere Afyonkarahisar&#8217;a hareket etti.<\/p>\n<p style=\"text-align: justify;\"><span style=\"color: #888888;\">Kaynak : Vatan<\/span><\/p>\n","protected":false},"excerpt":{"rendered":"<p style=\"text-align: center;\">\n<p style=\"text-align: justify;\">CHP Grup Ba\u015fkanvekili Kemal K\u0131l\u0131\u00e7daro\u011flu esti, g\u00fcrledi&#8230;<\/p>\n<p style=\"text-align: justify;\">Kemal K\u0131l\u0131\u00e7daro\u011flu, Seki Beldesi&#8217;nde mitingte yapt\u0131\u011f\u0131 konu\u015fmada partisinin Seki Belediye Ba\u015fkan aday\u0131 Veli Y\u0131ld\u0131z&#8217;a oy istedi. Cumhuriyet Meydan\u0131&#8217;nda d\u00fczenlenen mitingde kamyonet kasas\u0131ndan yakla\u015f\u0131k 500 ki\u015fiye seslenen K\u0131l\u0131\u00e7daro\u011flu, Ba\u015fbakan Recep Tayyip Erdo\u011fan&#8217;a y\u00fcklendi. K\u0131l\u0131\u00e7daro\u011flu, \u015f\u00f6yle konu\u015ftu:<\/p>\n<p style=\"text-align: justify;\">&#8220;Say\u0131n Ba\u015fbakan `bize kim <\/p>\n","protected":false},"author":1,"featured_media":0,"comment_status":"open","ping_status":"closed","sticky":false,"template":"","format":"standard","meta":{"footnotes":""},"categories":[105],"tags":[],"class_list":["post-9587","post","type-post","status-publish","format-standard","hentry","category-gundem","odd"],"_links":{"self":[{"href":"http:\/\/www.korhanyilmaz.com\/index.php?rest_route=\/wp\/v2\/posts\/9587","targetHints":{"allow":["GET"]}}],"collection":[{"href":"http:\/\/www.korhanyilmaz.com\/index.php?rest_route=\/wp\/v2\/posts"}],"about":[{"href":"http:\/\/www.korhanyilmaz.com\/index.php?rest_route=\/wp\/v2\/types\/post"}],"author":[{"embeddable":true,"href":"http:\/\/www.korhanyilmaz.com\/index.php?rest_route=\/wp\/v2\/users\/1"}],"replies":[{"embeddable":true,"href":"http:\/\/www.korhanyilmaz.com\/index.php?rest_route=%2Fwp%2Fv2%2Fcomments&post=9587"}],"version-history":[{"count":0,"href":"http:\/\/www.korhanyilmaz.com\/index.php?rest_route=\/wp\/v2\/posts\/9587\/revisions"}],"wp:attachment":[{"href":"http:\/\/www.korhanyilmaz.com\/index.php?rest_route=%2Fwp%2Fv2%2Fmedia&parent=9587"}],"wp:term":[{"taxonomy":"category","embeddable":true,"href":"http:\/\/www.korhanyilmaz.com\/index.php?rest_route=%2Fwp%2Fv2%2Fcategories&post=9587"},{"taxonomy":"post_tag","embeddable":true,"href":"http:\/\/www.korhanyilmaz.com\/index.php?rest_route=%2Fwp%2Fv2%2Ftags&post=9587"}],"curies":[{"name":"wp","href":"https:\/\/api.w.org\/{rel}","templated":true}]}}