{"id":9553,"date":"2009-06-05T08:01:18","date_gmt":"2009-06-05T05:01:18","guid":{"rendered":"http:\/\/www.korhanyilmaz.com\/?p=9553"},"modified":"2009-06-05T08:01:18","modified_gmt":"2009-06-05T05:01:18","slug":"turkiye-naylon-posete-savas-acti","status":"publish","type":"post","link":"http:\/\/www.korhanyilmaz.com\/?p=9553","title":{"rendered":"T\u00fcrkiye naylon po\u015fete sava\u015f a\u00e7t\u0131"},"content":{"rendered":"<p style=\"text-align: center;\"><img loading=\"lazy\" decoding=\"async\" class=\"size-full wp-image-9554  aligncenter\" src=\"http:\/\/www.korhanyilmaz.com\/wp-content\/uploads\/2009\/06\/b2c736b3-df1c-42e5-a0fb-34a3b30ba4e5.jpg\" alt=\"\" width=\"333\" height=\"175\" \/><\/p>\n<div style=\"text-align: justify; margin-right: 5px;\"><strong><span style=\"color: #000000;\">D\u00fcnya \u00c7evre G\u00fcn\u00fc&#8217;nde yeni projeler geli\u015ftiren \u00c7evre Bakanl\u0131\u011f\u0131, naylon po\u015fet kullan\u0131m\u0131n\u0131 \u00f6nlemeye \u00e7al\u0131\u015f\u0131yor. Bez torba, file, kese k\u00e2\u011f\u0131d\u0131 te\u015fvik edilecek<\/span><\/strong><\/div>\n<p style=\"text-align: justify;\"><!-- Kald\u0131rd\u0131k --><!-- Kald\u0131rd\u0131k --><\/p>\n<div style=\"text-align: justify; margin-right: 5px;\"><span style=\"color: #000000;\">Y\u0131lda 500 milyar\u0131 a\u015fk\u0131n po\u015fet \u00fcretilirken, bir dakikada 1 milyon po\u015fet \u00e7\u00f6pe at\u0131l\u0131yor. Do\u011fada bin y\u0131lda par\u00e7alanabilen plastik \u00fcr\u00fcnler insan sa\u011fl\u0131\u011f\u0131 i\u00e7in tehdit olu\u015fturuyor. T\u00fcrkiye de, geli\u015fmi\u015f \u00fclkeler gibi naylon po\u015fet kullan\u0131m\u0131n\u0131n \u00f6n\u00fcne ge\u00e7ebilmek i\u00e7in \u00e7al\u0131\u015fma ba\u015flatt\u0131. \u0130lk etapta 50 mikronun alt\u0131ndaki siyah po\u015fetler yasaklanacak. Marketlerde bez torba, file, kese k\u00e2\u011f\u0131d\u0131 kullan\u0131m\u0131 te\u015fvik edilecek. Ard\u0131ndan da naylon po\u015fetler \u00fccretli hale getirilerek t\u00fcketimi azalt\u0131lacak. &#8220;Gelece\u011fimiz elimizde, al\u0131\u015fveri\u015finiz i\u00e7in bez torba&#8221; yaz\u0131l\u0131 5 bin bez torbay\u0131 da bug\u00fcn vatanda\u015flara da\u011f\u0131t\u0131lacak.<!--more-->\u00a0<\/span><strong>\u00a0<\/strong><span style=\"color: #000000;\"><strong>Po\u015fetlere b\u00fcy\u00fck g\u00f6zalt\u0131<\/strong><br \/>\n<img decoding=\"async\" src=\"http:\/\/www.sabah.com.tr\/c\/i\/bullet.jpg\" alt=\"\" \/> \u0130lk etapta 50 mikronun alt\u0131ndaki siyah po\u015fetler yasaklanacak.<br \/>\n<img decoding=\"async\" src=\"http:\/\/www.sabah.com.tr\/c\/i\/bullet.jpg\" alt=\"\" \/> Naylon po\u015fetler marketlerde parayla sat\u0131lcak.<br \/>\n<img decoding=\"async\" src=\"http:\/\/www.sabah.com.tr\/c\/i\/bullet.jpg\" alt=\"\" \/> Po\u015fetlerin \u00fccretli olabilmesi i\u00e7in plastikte vergi y\u00fck\u00fc a\u011f\u0131rla\u015ft\u0131r\u0131lacak.<br \/>\n<img decoding=\"async\" src=\"http:\/\/www.sabah.com.tr\/c\/i\/bullet.jpg\" alt=\"\" \/> Bez torba, file, kese k\u00e2\u011f\u0131d\u0131 kullan\u0131m\u0131 te\u015fvik edilecek.<br \/>\n<img decoding=\"async\" src=\"http:\/\/www.sabah.com.tr\/c\/i\/bullet.jpg\" alt=\"\" \/> Ki\u015fiye ait al\u0131\u015fveri\u015f sepetleri yayg\u0131nla\u015ft\u0131r\u0131lacak.<br \/>\n<img decoding=\"async\" src=\"http:\/\/www.sabah.com.tr\/c\/i\/bullet.jpg\" alt=\"\" \/>\u00c7evre bakanl\u0131\u011f\u0131 ilk etapta al\u0131\u015fkanl\u0131k kazand\u0131rmas\u0131 i\u00e7in 5 bin bez torba da\u011f\u0131tacak.<br \/>\n<img decoding=\"async\" src=\"http:\/\/www.sabah.com.tr\/c\/i\/bullet.jpg\" alt=\"\" \/> Belediyeler ambalaj at\u0131\u011f\u0131 ve y\u00f6netim plan\u0131 haz\u0131rlayacak.<br \/>\n<img decoding=\"async\" src=\"http:\/\/www.sabah.com.tr\/c\/i\/bullet.jpg\" alt=\"\" \/> Naylon, pil, elektronik \u00e7\u00f6plerin at\u0131lmas\u0131 i\u00e7in kumbaralar yayg\u0131nla\u015ft\u0131r\u0131lacak<br \/>\n<img decoding=\"async\" src=\"http:\/\/www.sabah.com.tr\/c\/i\/bullet.jpg\" alt=\"\" \/>\u0130lk\u00f6\u011fretim m\u00fcfredat\u0131na \u00e7evre e\u011fitimi dersi konulacak.<\/span><\/p>\n<div style=\"text-align: justify; margin-right: 5px;\"><span style=\"color: #808080;\">Kaynak : Sabah<\/span><\/div>\n<p style=\"text-align: justify;\"><span style=\"color: #000000;\">NAYLON PO\u015eETE HAYIR!<br \/>\n<\/span><\/p>\n<div style=\"text-align: justify;\"><span style=\"color: #000000;\">\u00c7evre Bakanl\u0131\u011f\u0131 \u00c7evre Y\u00f6netimi Genel M\u00fcd\u00fcr\u00fc Prof. Dr. L\u00fctf\u00fc Ak\u00e7a, perakende zincirleri, yerel belediyeler, sivil \u00f6rg\u00fctlerle i\u015fbirli\u011fi yaparak naylon po\u015fet kullan\u0131m\u0131n\u0131 azaltmaya \u00e7al\u0131\u015ft\u0131klar\u0131n\u0131 s\u00f6yledi. Ak\u00e7a, yol haritas\u0131n\u0131 SABAH&#8217;a anlatt\u0131:<br \/>\n<img decoding=\"async\" src=\"http:\/\/www.sabah.com.tr\/c\/i\/bullet.jpg\" alt=\"\" \/> <strong>P\u0130KN\u0130K VERG\u0130S\u0130 OLAB\u0130L\u0130R!: <\/strong>Po\u015feti tamamen kald\u0131rmak m\u00fcmk\u00fcn de\u011fil. Bu noktada naylon po\u015fet kullan\u0131m\u0131n\u0131 azaltmak \u00f6nemli. Fransa&#8217;daki &#8216;piknik vergisi&#8217; benzeri bir uygulama ile plastik \u00fczerindeki vergi y\u00fck\u00fc a\u011f\u0131rla\u015ft\u0131r\u0131labilir. Vergi artarsa marketler de po\u015fetleri parayla satacakt\u0131r. Toplumun kabullenmesi zaman alacak ama zamanla naylon po\u015fet kullan\u0131m\u0131 da azalacakt\u0131r. Marketlerde, bez torba, file, kese k\u00e2\u011f\u0131d\u0131, al\u0131\u015fveri\u015f sepetinin yayg\u0131nla\u015ft\u0131r\u0131lmas\u0131 \u00f6nemli. Bu da yava\u015f yava\u015f olur.<br \/>\n<img decoding=\"async\" src=\"http:\/\/www.sabah.com.tr\/c\/i\/bullet.jpg\" alt=\"\" \/> <strong>ALI\u015eVER\u0130\u015e SEPET\u0130: <\/strong>D\u00fcnyada 50 mikronun alt\u0131ndaki po\u015fetler yasaklan\u0131yor. \u0130lk etapta 50 mikronun alt\u0131ndaki siyah po\u015fetler yasaklanacak. \u00c7evre g\u00fcn\u00fc nedeniyle 5 bin bez torba yapt\u0131rd\u0131k. Ayr\u0131ca, arabas\u0131yla al\u0131\u015fveri\u015fe gelenlere \u00f6zg\u00fc al\u0131\u015fveri\u015f sepetleri projesi de var. M\u00fc\u015fteri bir defaya mahsus bu sepeti alacak. B\u00f6ylece po\u015fet ta\u015f\u0131mas\u0131na gerek kalmayacak.<br \/>\n<img decoding=\"async\" src=\"http:\/\/www.sabah.com.tr\/c\/i\/bullet.jpg\" alt=\"\" \/> <strong>PORTAKAL KABU\u011eUNDAN PO\u015eET: <\/strong>Alternatif aray\u0131\u015flar\u0131 s\u00fcr\u00fcyor. Anadolu \u00dcniversitesi&#8217;nden bir \u00f6\u011fretim g\u00f6revlisi portakal kabu\u011fundan po\u015fet \u00fcretmi\u015f. \u00c7evreyi korumaya y\u00f6nelik projelerde vergi indirimi gibi te\u015fvikler sa\u011flanmal\u0131. Ders programlar\u0131nda &#8216;\u00e7evre e\u011fitimi&#8217; dersi olmal\u0131.<br \/>\n<img decoding=\"async\" src=\"http:\/\/www.sabah.com.tr\/c\/i\/bullet.jpg\" alt=\"\" \/> <strong>AKAT \u0130\u015e BA\u015eINDA: <\/strong>At\u0131klar\u0131 Kayna\u011f\u0131nda Ayr\u0131 Toplama Platformu (AKAT) yo\u011fun bir \u00e7al\u0131\u015fma y\u00fcr\u00fct\u00fcyor. Belediyelerle ambalaj at\u0131\u011f\u0131 y\u00f6netim plan\u0131 haz\u0131rlan\u0131yor. \u00d6zellikle turizm kentlerinde yo\u011fun bir hassasiyet var. Ambalaj at\u0131\u011f\u0131 toplama tesislerinin say\u0131s\u0131 art\u0131yor. \u0130\u015fyerleri, sokaklar ve al\u0131\u015fveri\u015f merkezlerine pil, elektronik, plastik, ka\u011f\u0131t \u00e7\u00f6plerinin ayr\u0131 ayr\u0131 at\u0131laca\u011f\u0131 kumbaralar\u0131n konulmas\u0131 i\u00e7in \u00e7al\u0131\u015f\u0131yoruz. Bug\u00fcn T\u00fcrkiye&#8217;de at\u0131k ar\u0131tma tesisi say\u0131s\u0131 218&#8217;e ula\u015ft\u0131. Bu say\u0131 h\u0131zla artacakt\u0131r.<\/span><\/div>\n<\/p>\n<\/div>\n<p style=\"text-align: justify;\"><strong>Ambalaj at\u0131\u011f\u0131 2 milyon tona ula\u015ft\u0131<\/strong><br \/>\n<strong>T\u00dcRK\u0130YE&#8217;DE, <\/strong>2008 y\u0131l\u0131 itibariyle ambalaj at\u0131\u011f\u0131 miktar\u0131 1.5 milyon ton olurken, y\u0131l sonunda bu tutar\u0131n 2 milyon tona \u00e7\u0131kmas\u0131 bekleniyor. Bilimsel ara\u015ft\u0131rmalara g\u00f6re, plastik do\u011fada bin y\u0131lda, teneke kutular 10 y\u0131lda, \u00e7am \u015fi\u015feler yakla\u015f\u0131k 3 bin y\u0131lda par\u00e7alanabiliyor. Geri kazan\u0131m tesisleri ile, hem \u00fclke ekonomisine katk\u0131 sa\u011flan\u0131yor hem de at\u0131k hacmi azalt\u0131lm\u0131\u015f oluyor.\n<\/p>\n<p style=\"text-align: justify;\">\u00a0<\/p>\n","protected":false},"excerpt":{"rendered":"<p style=\"text-align: center;\">\n<p> D\u00fcnya \u00c7evre G\u00fcn\u00fc&#8217;nde yeni projeler geli\u015ftiren \u00c7evre Bakanl\u0131\u011f\u0131, naylon po\u015fet kullan\u0131m\u0131n\u0131 \u00f6nlemeye \u00e7al\u0131\u015f\u0131yor. Bez torba, file, kese k\u00e2\u011f\u0131d\u0131 te\u015fvik edilecek <\/p>\n<p style=\"text-align: justify;\">\n<p> Y\u0131lda 500 milyar\u0131 a\u015fk\u0131n po\u015fet \u00fcretilirken, bir dakikada 1 milyon po\u015fet \u00e7\u00f6pe at\u0131l\u0131yor. Do\u011fada bin y\u0131lda par\u00e7alanabilen plastik \u00fcr\u00fcnler insan sa\u011fl\u0131\u011f\u0131 i\u00e7in tehdit olu\u015fturuyor. T\u00fcrkiye de, geli\u015fmi\u015f \u00fclkeler gibi <\/p>\n","protected":false},"author":1,"featured_media":0,"comment_status":"open","ping_status":"closed","sticky":false,"template":"","format":"standard","meta":{"footnotes":""},"categories":[7],"tags":[],"class_list":["post-9553","post","type-post","status-publish","format-standard","hentry","category-ekonomi","odd"],"_links":{"self":[{"href":"http:\/\/www.korhanyilmaz.com\/index.php?rest_route=\/wp\/v2\/posts\/9553","targetHints":{"allow":["GET"]}}],"collection":[{"href":"http:\/\/www.korhanyilmaz.com\/index.php?rest_route=\/wp\/v2\/posts"}],"about":[{"href":"http:\/\/www.korhanyilmaz.com\/index.php?rest_route=\/wp\/v2\/types\/post"}],"author":[{"embeddable":true,"href":"http:\/\/www.korhanyilmaz.com\/index.php?rest_route=\/wp\/v2\/users\/1"}],"replies":[{"embeddable":true,"href":"http:\/\/www.korhanyilmaz.com\/index.php?rest_route=%2Fwp%2Fv2%2Fcomments&post=9553"}],"version-history":[{"count":0,"href":"http:\/\/www.korhanyilmaz.com\/index.php?rest_route=\/wp\/v2\/posts\/9553\/revisions"}],"wp:attachment":[{"href":"http:\/\/www.korhanyilmaz.com\/index.php?rest_route=%2Fwp%2Fv2%2Fmedia&parent=9553"}],"wp:term":[{"taxonomy":"category","embeddable":true,"href":"http:\/\/www.korhanyilmaz.com\/index.php?rest_route=%2Fwp%2Fv2%2Fcategories&post=9553"},{"taxonomy":"post_tag","embeddable":true,"href":"http:\/\/www.korhanyilmaz.com\/index.php?rest_route=%2Fwp%2Fv2%2Ftags&post=9553"}],"curies":[{"name":"wp","href":"https:\/\/api.w.org\/{rel}","templated":true}]}}