{"id":9522,"date":"2009-06-05T08:19:26","date_gmt":"2009-06-05T05:19:26","guid":{"rendered":"http:\/\/www.korhanyilmaz.com\/?p=9522"},"modified":"2009-06-05T08:19:26","modified_gmt":"2009-06-05T05:19:26","slug":"ekonomiye-uclu-krizsavar-dopingi","status":"publish","type":"post","link":"http:\/\/www.korhanyilmaz.com\/?p=9522","title":{"rendered":"Ekonomiye \u00fc\u00e7l\u00fc krizsavar dopingi"},"content":{"rendered":"<p style=\"text-align: center;\">\u00a0<\/p>\n<div style=\"text-align: center; margin-right: 5px;\"><a href=\"http:\/\/www.korhanyilmaz.com\/wp-content\/uploads\/2009\/06\/6c42ab76-f3d8-4e1a-be98-54ba7d8aa3401.jpg\"  class=\"lightview\"><strong><img loading=\"lazy\" decoding=\"async\" class=\"aligncenter size-full wp-image-9526\" src=\"http:\/\/www.korhanyilmaz.com\/wp-content\/uploads\/2009\/06\/6c42ab76-f3d8-4e1a-be98-54ba7d8aa3401.jpg\" alt=\"6c42ab76-f3d8-4e1a-be98-54ba7d8aa340\" width=\"518\" height=\"115\" \/><\/strong><\/a><\/div>\n<div style=\"text-align: justify; margin-right: 5px;\"><strong> <\/strong><\/div>\n<div style=\"margin-right: 5px; text-align: justify;\"><strong>Reel sekt\u00f6r\u00fcn aylard\u0131r bekledi\u011fi te\u015fvik ve istihdam paketini Ba\u015fbakan Erdo\u011fan a\u00e7\u0131klad\u0131. Krize kar\u015f\u0131 &#8220;yat\u0131r\u0131m, istihdam ve kredi&#8221; olmak \u00fczere 3 ayakl\u0131 canland\u0131rma paketi ile b\u00fcy\u00fck yat\u0131r\u0131mlar i\u00e7in kesenin a\u011fz\u0131 a\u00e7\u0131ld\u0131. B\u00f6lgesel ve sekt\u00f6rel te\u015fvikle yat\u0131r\u0131mlar, vergi, prim ve faiz deste\u011fi, arazi tahsisi, KDV istisnas\u0131 ile te\u015fvik edilecek.<\/strong><strong> <\/strong><\/div>\n<p style=\"text-align: justify;\"><!-- Kald\u0131rd\u0131k --><!-- Kald\u0131rd\u0131k --><\/p>\n<div style=\"margin-right: 5px; text-align: justify;\">H\u00fck\u00fcmet de, &#8220;Kriz varsa \u00e7aresi de var&#8221; diyerek &#8220;yat\u0131r\u0131m, istihdam ve kredi&#8221; ba\u015fl\u0131kl\u0131 \u00fc\u00e7ayakl\u0131 tedbir paketini a\u00e7\u0131klad\u0131. Yeni te\u015fvik sistemi ile T\u00fcrkiye 4 b\u00f6lgeye ayr\u0131ld\u0131 ve b\u00fcy\u00fck proje yat\u0131r\u0131mlar\u0131 i\u00e7in 12 sekt\u00f6r belirlendi. B\u00f6lgesel ve sekt\u00f6rel te\u015fvik kapsam\u0131nda yat\u0131r\u0131mlar, vergi indirimi, faiz deste\u011fi, prim y\u00fck\u00fcn\u00fcn Hazine taraf\u0131ndan kar\u015f\u0131lanmas\u0131, arazi tahsisi, KDV istisnas\u0131 ve g\u00fcmr\u00fck vergisi muafiyeti ile te\u015fvik edilecek. Trabzon da Diyarbak\u0131r&#8217;\u0131n ald\u0131\u011f\u0131 deste\u011fi alacak. \u0130stihdam paketi kapsam\u0131nda, 500 bin ki\u015fiye mesleki giri\u015fim imk\u00e2n\u0131 ve do\u011frudan istihdam sa\u011flanacak. 120 bin i\u015fsize 6 ay boyunca toplumsal i\u015f, 100 bin gence 6 ay \u00fccretli staj ve 10 bin i\u015fsize giri\u015fim kursu verilecek. <!--more--><\/div>\n<p style=\"text-align: justify;\"><strong>&#8216;KR\u0130Z\u0130 A\u015eACA\u011eIZ, END\u0130\u015eE ETMEY\u0130N&#8217; <\/strong><br \/>\n Ba\u015fbakan Tayyip Erdo\u011fan, 3 saat s\u00fcren toplant\u0131da, ekonomi kurmaylar\u0131yla birlikte &#8220;Yat\u0131r\u0131mlarda Devlet Yard\u0131mlar\u0131&#8221;, &#8220;Aktif \u0130\u015fg\u00fcc\u00fc Programlar\u0131n\u0131n G\u00fc\u00e7lendirilmesi&#8221; ve &#8220;Kredi Garanti Deste\u011fi&#8221; ba\u015fl\u0131klar\u0131n\u0131 ta\u015f\u0131yan yeni te\u015fvik sistemi ve istihdam paketini a\u00e7\u0131klarken, T\u00fcrkiye&#8217;nin bu krizi a\u015faca\u011f\u0131 inanc\u0131n\u0131 dile getirdi. Erdo\u011fan, \u015funlar\u0131 s\u00f6yledi: T\u00fcrkiye istikrarl\u0131 b\u00fcy\u00fcme s\u00fcrecini yeniden yakalayacak. Kriz ve krizin etkileri geride kald\u0131\u011f\u0131nda, her a\u00e7\u0131dan daha da g\u00fc\u00e7lenmi\u015f, daha sa\u011flam, daha sa\u011fl\u0131kl\u0131 bir ekonomiye, gelece\u011fe do\u011fru ilerlemeye devam edece\u011fiz. Hi\u00e7 kimsenin endi\u015fesi olmas\u0131n, hi\u00e7 kimse teredd\u00fct ta\u015f\u0131mas\u0131n. H\u00fck\u00fcmet olarak T\u00fcrkiye&#8217;nin ekonomisini son derece korunakl\u0131 bir limanda tutuyoruz. F\u0131rt\u0131na sonras\u0131nda rotam\u0131zda ilerlemeye devam edece\u011fiz.<\/p>\n<p style=\"text-align: justify;\"><strong> <\/strong><strong>FABR\u0130KAYI ANADOLU&#8217;YA TA\u015eI PR\u0130M\u0130 HAZ\u0130NE KAR\u015eILASIN<br \/>\n <\/strong>Do\u011fu&#8217;da istihdam\u0131, Bat\u0131&#8217;da \u00fcretimi destek i\u00e7in tekstil, konfeksiyon, haz\u0131r giyim ve deri sekt\u00f6r\u00fcnde yeni f\u0131rsatlar sunulacak. 2010 sonuna kadar birinci ve ikinci b\u00f6lgeden di\u011fer b\u00f6lgelere ta\u015f\u0131nacak firmalar\u0131 en az 50 istihdam ko\u015fuluyla 5 y\u0131l s\u00fcreyle SSK primini Hazine kar\u015f\u0131layacak.<\/p>\n<p style=\"text-align: justify;\"><strong> <\/strong><strong>OTOMOT\u0130VDE YEN\u0130 MODELE B\u00dcY\u00dcK DESTEK VER\u0130LECEK<br \/>\n <\/strong>Motorlu kara ta\u015f\u0131tlar\u0131 imalat\u0131nda en az 250 milyon TL tutar\u0131ndaki yat\u0131r\u0131m projeleri b\u00fcy\u00fck proje kapsam\u0131nda desteklenecek. Demiryolu ta\u015f\u0131mac\u0131l\u0131\u011f\u0131, liman hizmet yat\u0131r\u0131mlar\u0131, lokomotif ve vagon imalat\u0131 da bu kapsama dahil olacak.<\/p>\n<p style=\"text-align: justify;\"><strong>PAKETLER<br \/>\n 1. PAKET<\/strong><br \/>\n <strong>T\u00fcrkiye&#8217;nin tamam\u0131 te\u015fvik edilecek<br \/>\n <\/strong><strong>T\u00dcRK\u0130YE <\/strong>te\u015fvikte 4 b\u00f6lgeye ayr\u0131ld\u0131. B\u00fcy\u00fck proje yat\u0131r\u0131mlar\u0131 i\u00e7in 12 sekt\u00f6r belirlendi. Yat\u0131r\u0131mc\u0131lar, yeni yat\u0131r\u0131mlardan elde etti\u011fi kardan, y\u00fczde 20 yerine, birinci b\u00f6lgede y\u00fczde 10, ikinci b\u00f6lgede y\u00fczde 8, \u00fc\u00e7\u00fcnc\u00fc b\u00f6lgede y\u00fczde 4 ve d\u00f6rd\u00fcnc\u00fc b\u00f6lgede y\u00fczde 2 oran\u0131nda kurumlar vergisi \u00f6deyecek. \u0130ndirimli oranlardan yararlanma s\u00fcresi b\u00f6lge ve yat\u0131r\u0131m b\u00fcy\u00fckl\u00fc\u011f\u00fcne g\u00f6re de\u011fi\u015fecek. Do\u011fu ve G\u00fcneydo\u011fu gibi az geli\u015fmi\u015f b\u00f6lgelere yat\u0131r\u0131m yapanlar, bu imk\u00e2ndan daha uzun s\u00fcre ile faydalanacak. Yat\u0131r\u0131mc\u0131 sa\u011flad\u0131\u011f\u0131 yeni istihdam i\u00e7in SSK i\u015fveren primini birinci b\u00f6lgede 2 y\u0131l, ikinci b\u00f6lgede 3 y\u0131l, \u00fc\u00e7\u00fcnc\u00fc b\u00f6lgede 5 y\u0131l, d\u00f6rd\u00fcnc\u00fc b\u00f6lgede 7 y\u0131l boyunca \u00f6demeyecek. Ayr\u0131ca TL kredi faizi deste\u011fi verilecek.<\/p>\n<p style=\"text-align: justify;\"><strong>2. <\/strong><strong>PAKET<br \/>\n 500 bin ki\u015fiye ge\u00e7ici i\u015f ve meslek f\u0131rsat\u0131<br \/>\n <\/strong><strong>\u0130ST\u0130HDAM <\/strong>paketiyle yakla\u015f\u0131k 500 bin ki\u015fiye meslek ve giri\u015fimcilik e\u011fitimi veya do\u011frudan istihdam imk\u00e2n\u0131 sa\u011flanacak. \u0130\u015fsizlere toplum yarar\u0131na yap\u0131lacak i\u015fler yoluyla 6 aya kadar i\u015f imk\u00e2n\u0131 getirildi. 6 aya kadar uzatmaya da Bakanlar Kurulu yetkili olacak. 120 bin i\u015fsiz ba\u015fta okullar ve sa\u011fl\u0131k kurulu\u015flar\u0131n\u0131n bak\u0131m ve onar\u0131mlar\u0131 olmak \u00fczere a\u011fa\u00e7land\u0131rma ve erozyon kontrol\u00fc, \u00e7evre d\u00fczenlemesi gibi toplum yarar\u0131na i\u015flerde \u00e7al\u0131\u015ft\u0131r\u0131lacak. Kurslarla 200 bin i\u015fsize mesleki beceri kazand\u0131r\u0131p, meslek edinmeleri sa\u011flanacak. 10 bin i\u015fsize giri\u015fimcilik ve e\u011fitimi dan\u0131\u015fmanl\u0131\u011f\u0131 verilerek, kendi i\u015fini kuracak. Lise ve \u00fcst\u00fc e\u011fitim ald\u0131\u011f\u0131 halde i\u015fsiz olan 100 bin gencin stajyer olarak istihdam\u0131 sa\u011flanacak. Bu kapsamda \u00f6zel sekt\u00f6rde staj yapacaklara 6 ay boyunca maddi destek verilecek.<\/p>\n<p style=\"text-align: justify;\"><strong>3. <\/strong><strong>PAKET<br \/>\n KOB\u0130&#8217;lere kredi deste\u011fi<br \/>\n <\/strong><strong>KRED\u0130 <\/strong>Garanti Sistemi&#8217;nden y\u0131ll\u0131k cirosu 25 milyon TL&#8217;nin alt\u0131nda ve en fazla 250 \u00e7al\u0131\u015fan\u0131 olanlar yararlanabilecek. Hazine kredi garanti kurumlar\u0131na ilk etapta 1 milyar TL kaynak aktaracak. B\u00f6ylece en az 10 milyar TL tutar\u0131ndaki bir krediye kefalet sa\u011flanacak. Yararlanacak firmalar\u0131n 30 Haziran 2008 tarihinden \u00f6nceki iki y\u0131l i\u00e7inde takibe d\u00fc\u015fm\u00fc\u015f borcu olmamas\u0131 ve bu tarih itibar\u0131yla kamuya vadesi ge\u00e7mi\u015f borcu bulunmamas\u0131 \u015fart\u0131 aranacak. Kredinin y\u00fczde 65&#8217;ine Kredi Garanti Kurumu&#8217;nca kefalet verilecek, y\u00fczde 35&#8217;ini ise bankalar \u00fcstlenecek.<\/p>\n<p style=\"text-align: justify;\"><strong>G\u00d6R\u00dc\u015eLER<\/strong><br \/>\n <em><br \/>\n <\/em><strong><em>Abdullah Ki\u011f\u0131l\u0131 &#8211; Ki\u011f\u0131l\u0131 Y\u00f6netim Kurulu Ba\u015fkan\u0131<\/em><br \/>\n Do\u011fu&#8217;ya gidiyoruz<br \/>\n <\/strong><strong>H\u00dcK\u00dcMET <\/strong>fevkalade do\u011fru bir ad\u0131m att\u0131. Biz 1. Derecedeki b\u00f6lgede te\u015fvikten sonra rahatl\u0131kla bir lojistik merkezi kurabiliriz. Do\u011fu&#8217;ya da G\u00fcneydo\u011fu&#8217;da bir lojistik merkezi kurmay\u0131 planlar\u0131m\u0131z aras\u0131na ald\u0131k<\/p>\n<p style=\"text-align: justify;\"><strong><em>Hikmet Tanr\u0131verdi &#8211; \u0130HK\u0130B Ba\u015fkan\u0131<\/em><br \/>\n Fabrika ta\u015f\u0131mak zor <\/strong><strong><br \/>\n UZUN <\/strong>s\u00fcredir bekledi\u011fimiz kredi garanti fonunun devreye giriyor olmas\u0131ndan \u00e7ok memnunuz. Sekt\u00f6rde bir\u00e7ok firma bu sayede nefes alacak. Ancak te\u015fvik paketinin mevcut haliyle tekstilcileri Do\u011fu ve G\u00fcneydo\u011fu&#8217;ya ta\u015f\u0131mas\u0131 zor.<\/p>\n<p style=\"text-align: justify;\"><strong><em>Ergun \u00d6zen &#8211; Garanti Bankas\u0131 Genel M\u00fcd\u00fcr\u00fc<\/em><br \/>\n Harcama geri gelmeli <\/strong><strong><br \/>\n BUNLAR <\/strong>do\u011fru \u015feyler&#8230; Ke\u015fke kaynak olsa da daha fazlas\u0131n\u0131 yapabilelim. Ama bu hassas bir denge. T\u00fcketici g\u00fcveni ile birlikte t\u00fcketici harcamas\u0131n\u0131n geri gelmesi laz\u0131m ki b\u00fcy\u00fcmeye geri d\u00f6nelim. \u00c7\u00fcnk\u00fc krizden \u00e7\u0131k\u0131\u015f bu&#8230;<\/p>\n<p style=\"text-align: justify;\"><strong><em>Mehmet Nane &#8211; Teknosa Genel M\u00fcd\u00fcr\u00fc<\/em><br \/>\n Moralleri d\u00fczeltir <\/strong><strong><br \/>\n B\u0130R <\/strong>her zaman 0&#8217;dan b\u00fcy\u00fckt\u00fcr. H\u00fck\u00fcmet en optimal noktay\u0131 bulmu\u015f. Bu t\u00fcr destek haberleri sekt\u00f6rlerin yan\u0131nda vatanda\u015f\u0131n da moralini d\u00fczeltici bir etkiye sahip. Bu ad\u0131m gelir ve istihdam yarat\u0131c\u0131 bir etkiye sahip olacak. Sekt\u00f6r ve \u00fclkenin gelece\u011fi i\u00e7in \u00e7ok olumlu bir ad\u0131m.<\/p>\n<p style=\"text-align: justify;\"><strong><em>\u00dcmit Kiler &#8211; Kiler Holding YK \u00dcyesi<\/em><br \/>\n Anadolu cazip oldu<br \/>\n <\/strong><strong>G\u00dcNEYDO\u011eU <\/strong>ve Do\u011fu illeriyle Bat\u0131 illerini ayn\u0131 kefeye koymak zaten do\u011fru olmayan bir stratejiydi e\u015fitlik ve adalet a\u00e7\u0131s\u0131ndan. Ankara&#8217;dan \u00f6tesinin daha fazla yat\u0131r\u0131m ve te\u015fvike ihtiyac\u0131 var. Anadolu bu paketten sonra daha cazip olacak.<\/p>\n<p style=\"text-align: justify;\"><strong>Tekstil hisseleri tavan yapt\u0131 <\/strong><strong><br \/>\n BORSA&#8217;DA <\/strong>te\u015fvike en olumlu tepkiyi, kredide en b\u00fcy\u00fck s\u0131k\u0131nt\u0131y\u0131 ya\u015fayan tekstil \u015firketlerinin hisseleri verdi. KGF&#8217;nin sekt\u00f6r\u00fcn kredi sorununu giderece\u011fi beklentisi ile Tekstil Endeksi y\u00fczde 3&#8217;\u00fcn \u00fczerinde artt\u0131. \u0130MKB y\u00fczde 1.9 gerilerken Ak\u0131n Tekstil y\u00fczde 23, Bossa 20, Edip \u0130plik y\u00fczde 15, Aksu \u0130plik y\u00fczde 13, Menderes Tekstil y\u00fczde 6 de\u011fer kazand\u0131.<\/p>\n<p style=\"text-align: justify;\"><strong>LCD \u00fcretimi artacak<br \/>\n ELEKTRON\u0130K <\/strong>sanayi sekt\u00f6r\u00fcnde katma de\u011feri y\u00fcksek \u00fcr\u00fcnlerin imalat\u0131 i\u00e7in geli\u015ftirilecek b\u00fcy\u00fck proje yat\u0131r\u0131mlar\u0131 te\u015fvik edilecek. Bu kapsamda asgari 1 milyar lira tutar\u0131ndaki LCD-plazma \u00fcretimi, 150 milyon lira tutar\u0131ndaki mod\u00fcl panel \u00fcretimi, lazer TV, \u00fc\u00e7 boyutlu TV&#8217;lerin \u00fcretimi ve asgari 50 milyon lira tutar\u0131ndaki di\u011fer elektronik sekt\u00f6r\u00fc yat\u0131r\u0131mlar\u0131 desteklenecek.<\/p>\n<p style=\"text-align: justify;\"><strong>\u0130la\u00e7 fabrikalar\u0131 kurulacak<br \/>\n SA\u011eLIK <\/strong>sekt\u00f6r\u00fcnde d\u0131\u015fa ba\u011f\u0131ml\u0131l\u0131\u011f\u0131 azaltmak ve \u00fcretim merkezi olu\u015fturmak amac\u0131yla ila\u00e7 ve t\u0131bbi \u00fcr\u00fcnlerin yat\u0131r\u0131m\u0131 te\u015fvik edilecek. T\u0131bbi aletlerde 50 milyar lira, ila\u00e7 imalat\u0131nda 100 milyon lira, hava ve uzay ta\u015f\u0131tlar\u0131 imalat\u0131nda 50 milyon lira ve makine imalat\u0131nda da 50 milyon lira \u00fczeri yat\u0131r\u0131mlar te\u015fvik kapsam\u0131nda de\u011ferlendirilecek.<br \/>\n <strong><br \/>\n Emek yo\u011funlar Do\u011fu&#8217;ya<br \/>\n A\u011eIRLIKLI <\/strong>olarak Do\u011fu ve G\u00fcneydo\u011fu illerinin yer ald\u0131\u011f\u0131 3 ve 4. b\u00f6lgelerde tar\u0131m ve tar\u0131ma dayal\u0131 imalat sanayi, konfeksiyon, deri, plastik, metal e\u015fya, turizm, e\u011fitim, sa\u011fl\u0131k yat\u0131r\u0131mlar\u0131na destek verilecek. 2. b\u00f6lgede teknoloji yo\u011fun sekt\u00f6rler desteklenecek. 1. b\u00f6lgede ise motorlu ta\u015f\u0131tlar ve yan sanayii, elektronik, ila\u00e7, optik alet gibi y\u00fcksek teknoloji yat\u0131r\u0131mlar\u0131 desteklenecek.<br \/>\n <strong><br \/>\n D\u00fczeye g\u00f6re 4 b\u00f6lge<br \/>\n T\u00dcRK\u0130YE, <\/strong>sosyo ekonomik geli\u015fmi\u015flik d\u00fczeyine g\u00f6re 4 b\u00f6lgeye ayr\u0131ld\u0131. Trabzon da Mu\u015f ile birlikte d\u00f6rd\u00fcnc\u00fc derece geli\u015fmi\u015f b\u00f6lge kapsam\u0131nda yer ald\u0131. B\u00f6lgesel te\u015fvik sistemi ile geli\u015fmi\u015flik farkl\u0131l\u0131klar\u0131 azalt\u0131lacak, sekt\u00f6rel k\u00fcmelenme \u00f6ne \u00e7\u0131kacak. T\u00dc\u0130K taraf\u0131ndan g\u00fcncellemeler yap\u0131lacak. Sistemden 2010 y\u0131l\u0131 sonuna kadar ba\u015flanan yat\u0131r\u0131mlar faydalanacak.<\/p>\n<div style=\"margin-right: 5px; text-align: justify;\"><span style=\"color: #888888;\">Kaynak : Sabah<\/span><\/div>\n<p><br class=\"spacer_\" \/><\/p>\n","protected":false},"excerpt":{"rendered":"<p style=\"text-align: center;\">\n<p> Reel sekt\u00f6r\u00fcn aylard\u0131r bekledi\u011fi te\u015fvik ve istihdam paketini Ba\u015fbakan Erdo\u011fan a\u00e7\u0131klad\u0131. Krize kar\u015f\u0131 &#8220;yat\u0131r\u0131m, istihdam ve kredi&#8221; olmak \u00fczere 3 ayakl\u0131 canland\u0131rma paketi ile b\u00fcy\u00fck yat\u0131r\u0131mlar i\u00e7in kesenin a\u011fz\u0131 a\u00e7\u0131ld\u0131. B\u00f6lgesel ve sekt\u00f6rel te\u015fvikle yat\u0131r\u0131mlar, vergi, prim ve faiz deste\u011fi, arazi tahsisi, KDV istisnas\u0131 ile te\u015fvik edilecek. <\/p>\n<p style=\"text-align: justify;\">\n<p> H\u00fck\u00fcmet <\/p>\n","protected":false},"author":1,"featured_media":0,"comment_status":"open","ping_status":"closed","sticky":false,"template":"","format":"standard","meta":{"footnotes":""},"categories":[7],"tags":[],"class_list":["post-9522","post","type-post","status-publish","format-standard","hentry","category-ekonomi","odd"],"_links":{"self":[{"href":"http:\/\/www.korhanyilmaz.com\/index.php?rest_route=\/wp\/v2\/posts\/9522","targetHints":{"allow":["GET"]}}],"collection":[{"href":"http:\/\/www.korhanyilmaz.com\/index.php?rest_route=\/wp\/v2\/posts"}],"about":[{"href":"http:\/\/www.korhanyilmaz.com\/index.php?rest_route=\/wp\/v2\/types\/post"}],"author":[{"embeddable":true,"href":"http:\/\/www.korhanyilmaz.com\/index.php?rest_route=\/wp\/v2\/users\/1"}],"replies":[{"embeddable":true,"href":"http:\/\/www.korhanyilmaz.com\/index.php?rest_route=%2Fwp%2Fv2%2Fcomments&post=9522"}],"version-history":[{"count":0,"href":"http:\/\/www.korhanyilmaz.com\/index.php?rest_route=\/wp\/v2\/posts\/9522\/revisions"}],"wp:attachment":[{"href":"http:\/\/www.korhanyilmaz.com\/index.php?rest_route=%2Fwp%2Fv2%2Fmedia&parent=9522"}],"wp:term":[{"taxonomy":"category","embeddable":true,"href":"http:\/\/www.korhanyilmaz.com\/index.php?rest_route=%2Fwp%2Fv2%2Fcategories&post=9522"},{"taxonomy":"post_tag","embeddable":true,"href":"http:\/\/www.korhanyilmaz.com\/index.php?rest_route=%2Fwp%2Fv2%2Ftags&post=9522"}],"curies":[{"name":"wp","href":"https:\/\/api.w.org\/{rel}","templated":true}]}}