{"id":9518,"date":"2009-06-04T09:03:07","date_gmt":"2009-06-04T06:03:07","guid":{"rendered":"http:\/\/www.korhanyilmaz.com\/?p=9518"},"modified":"2009-06-04T09:03:07","modified_gmt":"2009-06-04T06:03:07","slug":"arar-bulur-yok-ederim","status":"publish","type":"post","link":"http:\/\/www.korhanyilmaz.com\/?p=9518","title":{"rendered":"Arar bulur yok ederim"},"content":{"rendered":"<p style=\"text-align: center;\"><img loading=\"lazy\" decoding=\"async\" class=\"size-full wp-image-9519  aligncenter\" title=\"Arar bulur yok ederim \" src=\"http:\/\/www.korhanyilmaz.com\/wp-content\/uploads\/2009\/06\/040620090902124368268.jpg\" alt=\"Arar bulur yok ederim \" width=\"329\" height=\"210\" \/><\/p>\n<p style=\"text-align: justify;\"><strong>Ba\u015fbu\u011f sert konu\u015ftu: Kimse TSK&#8217;den bar\u0131\u015f ad\u0131na operasyon yapmamas\u0131n\u0131 beklemesin&#8230;<\/strong><\/p>\n<p style=\"text-align: justify;\">Genelkurmay Ba\u015fkan\u0131 Orgeneral \u0130lker Ba\u015fbu\u011f, bar\u0131\u015f ortam\u0131 ad\u0131na eylem yapmayaca\u011f\u0131n\u0131 iddia eden ter\u00f6rist PKK unsurlar\u0131 ile kar\u015f\u0131la\u015ft\u0131\u011f\u0131nda askeri birliklerin de sessiz kalmas\u0131 \u00f6nerilerine tepki g\u00f6sterdi.<\/p>\n<p style=\"text-align: justify;\">Washington\u2019da ABD Genelkurmay Ba\u015fkan\u0131 Oramiral Michael Mullen ile g\u00f6r\u00fc\u015fmesinden \u00f6nce H\u00fcrriyet\u2019e konu\u015fan Ba\u015fbu\u011f, sorulara \u015fu yan\u0131tlar\u0131 verdi:<\/p>\n<p style=\"text-align: justify;\"><strong>Azmimizi kaybetmeyiz<\/strong><\/p>\n<p style=\"text-align: justify;\">Bir tarihi f\u0131rsattan bahsediliyor. K\u00fcrt a\u00e7\u0131l\u0131m\u0131 da bu \u00e7er\u00e7evede \u00e7ok konu\u015fuluyor. TSK bu tart\u0131\u015fman\u0131n neresinde?<\/p>\n<p style=\"text-align: justify;\">Ben tarihi f\u0131rsat olarak kimin neyi nas\u0131l g\u00f6rd\u00fc\u011f\u00fc ile ilgili bir \u015fey s\u00f6yleyemem ama bizim bundan ne anlad\u0131\u011f\u0131m\u0131z\u0131 ben burada da a\u00e7\u0131k\u00e7a ortaya koydum. Sadece ABD\u2019ye y\u00f6nelik bir konu\u015fma de\u011fildi. <!--more-->Ter\u00f6r \u00f6rg\u00fct\u00fcn\u00fcn silahl\u0131 ter\u00f6ristlerini himaye etti\u011fi bir d\u00f6nemde, mesela sadece ekonomik ve sosyo k\u00fclt\u00fcrel alanlarda at\u0131lan ad\u0131mlarla ter\u00f6r bitirilir diye d\u00fc\u015f\u00fcnmek b\u00fcy\u00fck bir hata olur. Burada, ter\u00f6r\u00fc hemen \u00e7\u00f6zemiyoruz diye sabr\u0131m\u0131z\u0131 yitirmemek ve m\u00fccadele azmimizi kaybetmememiz gerekir. TSK\u2019nin g\u00f6revi ter\u00f6ristleri tamamen ortadan kald\u0131rana dek m\u00fccadelesine devam etmektir.<\/p>\n<p style=\"text-align: justify;\"><strong>\u2019Teslim ol\u2019 derim<\/strong><\/p>\n<p style=\"text-align: justify;\">PKK\u2019n\u0131n ate\u015fkesinden yola \u00e7\u0131karak, silahlar\u0131n tamamen ve kar\u015f\u0131l\u0131kl\u0131 susmas\u0131 gerekti\u011finden bahsediliyor. Ayr\u0131ca, \u2019TSK da operasyonlar\u0131 durdursun\u2019 diyenler var. Mesela, TSK birlikleri, PKK unsurlar\u0131 ile kar\u015f\u0131la\u015ft\u0131\u011f\u0131nda g\u00f6rmemezlikten gelebilir mi?<\/p>\n<p style=\"text-align: justify;\">Bize bu konuda kimse ak\u0131l vermesin. Ne dururum, ne de ter\u00f6ristler gelsin diye beklerim. Aksine, gider, arar bulur ve yok ederim. Bir ter\u00f6rist grupla kar\u015f\u0131la\u015ft\u0131\u011f\u0131m\u0131zda, ister eylem yaps\u0131n, ister yapmas\u0131n teslim olmalar\u0131 istenir. Hep b\u00f6yle oldu. Bundan sonra da b\u00f6yle devam edecek. Aksi halde de an\u0131nda operasyon yap\u0131l\u0131r. T\u00fcrkiye Cumhuriyeti topraklar\u0131 \u00fczerinde T\u00fcrk askerinin, vatanda\u015f\u0131n\u0131n can\u0131na, \u00fclkenin toprak b\u00fct\u00fcnl\u00fc\u011f\u00fcne kasteden ter\u00f6ristlere kar\u015f\u0131 kimse TSK\u2019den bar\u0131\u015f ad\u0131na operasyon yapmamas\u0131n\u0131, sessiz kalmas\u0131n\u0131 veya bir k\u00f6\u015feye sinmesini beklemesin. Nerede olursa olsun herhangi bir ter\u00f6ristle kar\u015f\u0131la\u015f\u0131ld\u0131\u011f\u0131nda en a\u011f\u0131r \u015fekilde yan\u0131t verilecektir.<\/p>\n<p style=\"text-align: justify;\"><strong>Murat Karay\u0131lan\u2019\u0131n a\u00e7\u0131klamalar\u0131 \u00e7ok konu\u015fuldu. Ne d\u00fc\u015f\u00fcn\u00fcyorsunuz?<\/strong><\/p>\n<p style=\"text-align: justify;\">Umurumda de\u011fil. Herhalde, T\u00fcrkiye\u2019de s\u00fcreci bir ter\u00f6rist ve a\u00e7\u0131klamalar\u0131 belirleyecek de\u011fil. Ya da onun a\u00e7\u0131klamalar\u0131n\u0131 bizim muhatap alacak halimiz yok. Ter\u00f6rizmi bitirmek i\u00e7in biz kendi i\u015fimize bak\u0131yoruz.<\/p>\n<p style=\"text-align: justify;\"><strong>O konu\u015fma, g\u00f6revim<\/strong><\/p>\n<p style=\"text-align: justify;\">14 ve 29 Nisan\u2019da yapt\u0131\u011f\u0131n\u0131z a\u00e7\u0131klamalardan sonra sizi \u2019D\u00fcnyada ba\u015fka bir yerde Genelkurmay Ba\u015fkan\u0131 bu kadar uzun konu\u015fur mu?\u2019 diye ele\u015ftirenler oldu.<\/p>\n<p style=\"text-align: justify;\">\u0130steyen istedi\u011fi ele\u015ftiriyi yaps\u0131n. Bana ve kurumuma hakaret unsuru i\u00e7ermedik\u00e7e a\u00e7\u0131k\u00e7as\u0131 \u00e7ok da umurumda de\u011fil. Ben burada yasalar \u00e7er\u00e7evesinde bana verilen g\u00f6revi en iyi \u015fekilde yapmaya \u00e7al\u0131\u015f\u0131yorum. Daima da birinci \u00f6nceli\u011fim bu olacak. O konu\u015fmalar, TSK\u2019nin g\u00f6rev alan\u0131 i\u00e7inde kendisine y\u00f6neltilen ele\u015ftirileri yan\u0131tlamak, yanl\u0131\u015f anla\u015f\u0131lmalar\u0131 gidermek ve kamuoyunu ayd\u0131nlatmak amac\u0131 ile yap\u0131ld\u0131.<\/p>\n<p style=\"text-align: justify;\"><strong>Pakistan\u2019a gitmeyiz<\/strong><\/p>\n<p style=\"text-align: justify;\">Mullen\u2019\u0131n konu\u015fmas\u0131nda Pakistan konusunda T\u00fcrkiye\u2019nin yard\u0131m\u0131n\u0131 istemesi \u00e7ok ilgi \u00e7ekti. Bunu asker g\u00f6nderme ya da benzer konulara \u00e7ekenler oldu.<\/p>\n<p style=\"text-align: justify;\">Kesinlikle s\u00f6z konusu de\u011fil. Sadece bizim Pakistan\u2019a yak\u0131nl\u0131\u011f\u0131m\u0131z\u0131 biliyorlar. Bu \u00fclkenin radikal Taliban\u2019a kar\u015f\u0131 daha aktif olmas\u0131n\u0131 ve kendileri ile daha \u00e7ok i\u015fbirli\u011fi yapmas\u0131 konusunda Pakistan ile olan dostlu\u011fumuzu kullanmam\u0131z\u0131 istiyorlar. O kadar. Ne bir asker g\u00f6ndermemiz, ne de arabuluculuk yapmam\u0131z s\u00f6z konusu.<\/p>\n<p style=\"text-align: justify;\"><strong>K. Irak art\u0131k onlara cennet de\u011fil<\/strong><\/p>\n<p style=\"text-align: justify;\">PKK bitme noktas\u0131na geldi mi?<\/p>\n<p style=\"text-align: justify;\">Bunu s\u00f6ylemek \u00e7ok iddial\u0131 olur. Ama son d\u00f6nemde \u00e7ok a\u011f\u0131r darbeler ald\u0131. Uluslar aras\u0131 deste\u011fi azald\u0131. Kuzey Irak\u2019\u0131n art\u0131k kendileri i\u00e7in bir cennet olmad\u0131\u011f\u0131n\u0131, silahla bir yere varamayacaklar\u0131n\u0131, anlad\u0131lar. Ama bitti demek \u00e7ok yanl\u0131\u015f olur. Ancak, bug\u00fcn gelinen nokta daha \u00f6nce benzeri olmayan bir noktad\u0131r demek m\u00fcmk\u00fcn. O nedenle \u00f6nemli bir s\u00fcre\u00e7 i\u00e7indeyiz. Devletin ilgili t\u00fcm kurumlar\u0131 da bunun fark\u0131nda ve bir uyum i\u00e7inde \u00e7al\u0131\u015f\u0131l\u0131yor.<\/p>\n<p style=\"text-align: justify;\"><strong>Barzani\u2019ye mesaj<\/strong><\/p>\n<p style=\"text-align: justify;\">Kuzey Irak\u2019ta PKK\u2019ya kar\u015f\u0131 Barzani ve Talabani kuvvetleri ile ortak bir operasyon olabilir mi? Kuzey Irak petrol\u00fcn\u00fcn T\u00fcrkiye\u2019den akmas\u0131na ne diyorsunuz?<\/p>\n<p style=\"text-align: justify;\">E\u011fer ger\u00e7ekten dostlar ve bu \u00f6rg\u00fct\u00fcn bir an \u00f6nce kendilerinin selameti i\u00e7in de bitmesini istiyorlarsa \u00f6ncelikle onlar\u0131n bu operasyonu yapmas\u0131 gerekiyor. Kerk\u00fck Yumurtal\u0131k boru hatt\u0131 kapasitesi daha da artt\u0131r\u0131lmal\u0131. Ayr\u0131ca bu hatta paralel bir de gaz hatt\u0131 kurulabilir.<\/p>\n<p style=\"text-align: justify;\"><span style=\"color: #888888;\">(H\u00fcrriyet)<\/span><\/p>\n","protected":false},"excerpt":{"rendered":"<p style=\"text-align: center;\">\n<p style=\"text-align: justify;\">Ba\u015fbu\u011f sert konu\u015ftu: Kimse TSK&#8217;den bar\u0131\u015f ad\u0131na operasyon yapmamas\u0131n\u0131 beklemesin&#8230;<\/p>\n<p style=\"text-align: justify;\">Genelkurmay Ba\u015fkan\u0131 Orgeneral \u0130lker Ba\u015fbu\u011f, bar\u0131\u015f ortam\u0131 ad\u0131na eylem yapmayaca\u011f\u0131n\u0131 iddia eden ter\u00f6rist PKK unsurlar\u0131 ile kar\u015f\u0131la\u015ft\u0131\u011f\u0131nda askeri birliklerin de sessiz kalmas\u0131 \u00f6nerilerine tepki g\u00f6sterdi.<\/p>\n<p style=\"text-align: justify;\">Washington\u2019da ABD Genelkurmay Ba\u015fkan\u0131 Oramiral Michael Mullen ile g\u00f6r\u00fc\u015fmesinden \u00f6nce H\u00fcrriyet\u2019e <\/p>\n","protected":false},"author":1,"featured_media":0,"comment_status":"open","ping_status":"closed","sticky":false,"template":"","format":"standard","meta":{"footnotes":""},"categories":[105],"tags":[],"class_list":["post-9518","post","type-post","status-publish","format-standard","hentry","category-gundem","odd"],"_links":{"self":[{"href":"http:\/\/www.korhanyilmaz.com\/index.php?rest_route=\/wp\/v2\/posts\/9518","targetHints":{"allow":["GET"]}}],"collection":[{"href":"http:\/\/www.korhanyilmaz.com\/index.php?rest_route=\/wp\/v2\/posts"}],"about":[{"href":"http:\/\/www.korhanyilmaz.com\/index.php?rest_route=\/wp\/v2\/types\/post"}],"author":[{"embeddable":true,"href":"http:\/\/www.korhanyilmaz.com\/index.php?rest_route=\/wp\/v2\/users\/1"}],"replies":[{"embeddable":true,"href":"http:\/\/www.korhanyilmaz.com\/index.php?rest_route=%2Fwp%2Fv2%2Fcomments&post=9518"}],"version-history":[{"count":0,"href":"http:\/\/www.korhanyilmaz.com\/index.php?rest_route=\/wp\/v2\/posts\/9518\/revisions"}],"wp:attachment":[{"href":"http:\/\/www.korhanyilmaz.com\/index.php?rest_route=%2Fwp%2Fv2%2Fmedia&parent=9518"}],"wp:term":[{"taxonomy":"category","embeddable":true,"href":"http:\/\/www.korhanyilmaz.com\/index.php?rest_route=%2Fwp%2Fv2%2Fcategories&post=9518"},{"taxonomy":"post_tag","embeddable":true,"href":"http:\/\/www.korhanyilmaz.com\/index.php?rest_route=%2Fwp%2Fv2%2Ftags&post=9518"}],"curies":[{"name":"wp","href":"https:\/\/api.w.org\/{rel}","templated":true}]}}