{"id":9507,"date":"2009-06-02T10:45:50","date_gmt":"2009-06-02T07:45:50","guid":{"rendered":"http:\/\/www.korhanyilmaz.com\/?p=9507"},"modified":"2009-06-02T10:45:50","modified_gmt":"2009-06-02T07:45:50","slug":"iste-adana-canavari","status":"publish","type":"post","link":"http:\/\/www.korhanyilmaz.com\/?p=9507","title":{"rendered":"\u0130\u015fte Adana canavar\u0131"},"content":{"rendered":"<p style=\"text-align: center;\"><img loading=\"lazy\" decoding=\"async\" class=\"aligncenter size-full wp-image-9508\" src=\"http:\/\/www.korhanyilmaz.com\/wp-content\/uploads\/2009\/06\/030620090103183093823.jpg\" alt=\"\" width=\"329\" height=\"210\" \/><\/p>\n<p style=\"text-align: justify;\">\u00a0<strong>Ailesini katletmeye \u00f6\u011flen ba\u015flad\u0131 gece yar\u0131s\u0131 bitirdi!<\/strong><\/p>\n<p style=\"text-align: justify;\">Mardin katliam\u0131n\u0131n deh\u015feti silinmeden Adana\u2019da t\u00fcyler \u00fcrpertici bir toplu cinayet daha ya\u015fand\u0131. Y\u00fcksel Ailesi\u2019nin b\u00fcy\u00fck o\u011flu Murat, ailesinden 8 ki\u015fiyi katletti. Canavar\u0131n, \u00f6nce evde bulunan annesi ve 2 ye\u011fenini, daha sonra da farkl\u0131 zamanlarda gelen di\u011fer fertleri taksit taksit \u00f6ld\u00fcrd\u00fc\u011f\u00fc ortaya \u00e7\u0131kt\u0131.<\/p>\n<p style=\"text-align: justify;\">T\u00fcrkiye\u2019yi sarsan t\u00fcyler \u00fcrperten olay, d\u00fcn sabah Adana\u2019n\u0131n K\u00fc\u00e7\u00fck Dikili Aile Sa\u011fl\u0131\u011f\u0131 Merkezi\u2019nde g\u00f6revli 22 y\u0131ll\u0131k ebe-hem\u015fire 40 ya\u015f\u0131ndaki Nalan Y\u00fcksel\u2019in i\u015fe gitmemesi \u00fczerine ortaya \u00e7\u0131kt\u0131. Hem\u015fire Y\u00fcksel ve ailesinin zehirlenmesinden endi\u015felenen birlikte \u00e7al\u0131\u015ft\u0131\u011f\u0131 Dr. Soner Ero\u011flu\u2019nun aramas\u0131 \u00fczerine eve giren polis, 3\u2019\u00fc salonda, 1\u2019i mutfakta, di\u011ferleri odalarda olmak \u00fczere 3\u2019\u00fc \u00e7ocuk 3\u2019\u00fc kad\u0131n 8 ki\u015finin cesedini buldu.<!--more-->\u00a0\u00c7o\u011fu ba\u015flar\u0131ndan kur\u015funlanarak \u00f6ld\u00fcr\u00fclen 8 ki\u015finin, 9 y\u0131l \u00f6nce e\u015finden bo\u015fanan ebe-hem\u015fire Nalan Y\u00fcksel, \u00e7ocuklar\u0131 Halil \u0130brahim Kopar (17) ve Arif Kopar (19), babas\u0131 \u0130brahim Y\u00fcksel (64), annesi G\u00fcnay (62), erkek karde\u015fi Ali Y\u00fcksel (33), e\u015fi Ela G\u00fcl Y\u00fcksel (29) ve \u00e7ocuklar\u0131 6 ya\u015f\u0131ndaki Vedat Y\u00fcksel oldu\u011fu anla\u015f\u0131ld\u0131.<\/p>\n<p style=\"text-align: justify;\"><strong>Veda mektubu yaz\u0131yordu<\/strong><\/p>\n<p style=\"text-align: justify;\">Titiz bir \u00e7al\u0131\u015fma y\u00fcr\u00fcten polis, olay\u0131 k\u0131sa s\u00fcrede \u00e7\u00f6zd\u00fc. Katliam\u0131n ortaya \u00e7\u0131kmas\u0131ndan 1.5 saat sonra ailenin b\u00fcy\u00fck o\u011flu Murat Y\u00fcksel Toros Mahallesi\u2019ndeki evinde, olayda kulland\u0131\u011f\u0131 tabancay\u0131 masaya b\u0131rak\u0131p veda mektubu yazarken yakalad\u0131. Y\u00fcksel ilk ifadesinde, \u201cBenim \u00fczerime \u00e7ok geliyorlard\u0131. Ne oldu\u011funu hat\u0131rlam\u0131yorum\u201d dedi. Polisin, zanl\u0131y\u0131 k\u0131sa s\u00fcrede yakalamas\u0131, iki ki\u015finin hayatta kalmas\u0131n\u0131, Murat Y\u00fcksel\u2019in de intihar etmesini engelledi. Y\u00fcksel\u2019in veda mektubunu yazd\u0131ktan sonra, yabanc\u0131 uyruklu e\u015fiyle \u00e7ocu\u011funu da \u00f6ld\u00fcr\u00fcp, intihar etmeyi d\u00fc\u015f\u00fcnd\u00fc\u011f\u00fc ortaya \u00e7\u0131kt\u0131. Astsubay olan Murat Y\u00fcksel\u2019in yabanc\u0131 uyruklu e\u015fiyle evlili\u011fi nedeniyle ordudan at\u0131ld\u0131\u011f\u0131 da \u00f6\u011frenildi.<\/p>\n<p style=\"text-align: justify;\"><strong>Evdeki kanlar\u0131 temizledi<\/strong><\/p>\n<p style=\"text-align: justify;\">\u0130ddiaya g\u00f6re Y\u00fcksel, seri cinayetlerine d\u00fcn \u00f6\u011fle saatlerinde ba\u015flad\u0131. \u00d6nce, evde bulunan annesi G\u00fcnay Y\u00fcksel ile ye\u011fenleri Halil \u0130brahim Kopar ve Arif Kopar\u2019\u0131 \u00f6ld\u00fcrd\u00fc. 3\u2019\u00fcn\u00fcn cesedini farkl\u0131 odalara ta\u015f\u0131yan zanl\u0131, \u00fczerlerini \u00e7ar\u015faflarla \u00f6rt\u00fcp, olay yerini temizledi, ard\u0131ndan di\u011ferleri eve geldik\u00e7e \u015f\u00fcphelenmelerini \u00f6nlemek i\u00e7in farkl\u0131 odalara al\u0131p \u00f6ld\u00fcrd\u00fc.<\/p>\n<p style=\"text-align: justify;\"><strong>Mal kavgas\u0131 yap\u0131yorlard\u0131<\/strong><\/p>\n<p style=\"text-align: justify;\">Murat Y\u00fcksel ile ayn\u0131 dolmu\u015f dura\u011f\u0131nda \u00e7al\u0131\u015fan arkada\u015f\u0131 Mustafa \u00d6zal, maddi s\u0131k\u0131nt\u0131 \u00e7ekti\u011fini s\u00f6yledi: \u201cAstsubayl\u0131ktan ayr\u0131ld\u0131ktan sonra 200 bin lira kredi al\u0131p dolmu\u015f\u00e7ulu\u011fa ba\u015flam\u0131\u015ft\u0131. Geri \u00f6demede s\u0131k\u0131nt\u0131 \u00e7ekmeye ba\u015flay\u0131nca ailesiyle aras\u0131 a\u00e7\u0131ld\u0131. Dolmu\u015fu da hatlar da elinden gitti.\u201d Yak\u0131ndaki bir apartman\u0131n kap\u0131c\u0131s\u0131 B\u00fclent \u00c7evre de, \u201cMinib\u00fcs hatt\u0131 y\u00fcz\u00fcnden 2 erkek karde\u015f birbirine d\u00fc\u015ft\u00fc. Babalar\u0131, \u2018Bir an \u00f6nce \u00f6lsem de kurtulsam. Beni o\u011flanlar bitirdi. D\u00fckkan\u0131m vard\u0131, dolmu\u015fum vard\u0131. Hepsini yediler bitirdiler\u2019 diyordu\u201d dedi.<\/p>\n<p style=\"text-align: justify;\"><strong>Y\u00dcZLER\u0130NE YASTIK DAYAYIP TET\u0130\u011e\u0130 \u00c7EKM\u0130\u015e<\/strong><\/p>\n<p style=\"text-align: justify;\">Katil Murat Y\u00fcksel, ablas\u0131, babas\u0131, annesi, karde\u015fi, yengesi ve 3 ye\u011feni olmak \u00fczere 8 ki\u015fiyi g\u00f6z\u00fcn\u00fc k\u0131rpmadan \u00f6ld\u00fcrd\u00fckten sonra kendi evine gidip intihara haz\u0131rland\u0131. Ancak ba\u015faramadan yakalanan zanl\u0131, kurbanlar\u0131n\u0131n y\u00fcz\u00fcne yast\u0131k dayay\u0131p teti\u011fi \u00e7ekti\u011fi i\u00e7in silah sesleri \u00e7evreden duyulmad\u0131.<\/p>\n<p style=\"text-align: justify;\"><strong>B\u0130ZE NELER OLUYOR?<\/strong><\/p>\n<p style=\"text-align: justify;\">\u00d6nce Mardin\u2019de 3\u2019\u00fc do\u011fmam\u0131\u015f 47 ki\u015finin \u00f6ld\u00fcr\u00fcld\u00fc\u011f\u00fc katliam, ard\u0131ndan Adana\u2019daki 8 cinayetli vah\u015fet&#8230;<\/p>\n<p style=\"text-align: justify;\">\u00dcstelik failler yine ayn\u0131 aileden! Bu katliamlar toplu bir delili\u011fin i\u015fareti mi? Uzmanlar yorumlad\u0131&#8230;<\/p>\n<p style=\"text-align: justify;\">\u2018Cinayetler artacak\u2019<\/p>\n<p style=\"text-align: justify;\">&#8211; Do\u00e7. Dr. Arma\u011fan Samanc\u0131: \u201c\u0130nsano\u011flu tarih i\u00e7inde sayg\u0131dan, duygudan yoksun bir\u00e7ok d\u00f6nem ya\u015fad\u0131. Orta\u00e7a\u011f da bunlardan biriydi. O d\u00f6nem insanlar\u0131n ac\u0131mas\u0131z davrand\u0131\u011f\u0131, kabul edilemez i\u015fkenceler uygulad\u0131\u011f\u0131 bir d\u00f6nemdi. \u015eimdi de benzer bir \u015fey ya\u015fan\u0131yor. Ho\u015fg\u00f6r\u00fcn\u00fcn azald\u0131\u011f\u0131, sevgi arad\u0131\u011f\u0131 ama sunmad\u0131\u011f\u0131, insanlar\u0131n giderek daha \u00e7ok bencille\u015fti\u011fi bir d\u00f6neme giriyoruz. Bireyin s\u0131n\u0131rlar\u0131n\u0131n y\u0131k\u0131ld\u0131\u011f\u0131, di\u011fer bireylere sevgi ve sayg\u0131 duymad\u0131\u011f\u0131 bir sistem i\u00e7inde k\u0131zg\u0131nl\u0131klar ve agresyon daha \u00f6n plana \u00e7\u0131k\u0131p zarar verme yoluna do\u011fru gidiyor. Bu s\u00fcreci ya\u015f\u0131yoruz \u015fimdi&#8230; Bundan birka\u00e7 y\u0131l \u00f6nce cinayetler artacak demi\u015ftim. Maalesef \u015fimdi bu \u00f6ng\u00f6r\u00fcmde hakl\u0131 \u00e7\u0131km\u0131\u015f olmaktan hi\u00e7 memnun de\u011filim. Hala bile ayn\u0131 fikirdeyim; b\u00f6yle devam ederse Mardin ve Adana son olmayacak.\u201d<\/p>\n<p style=\"text-align: justify;\">As\u0131l neden e\u011fitimsizlik<\/p>\n<p style=\"text-align: justify;\">&#8211; Prof. Dr. Arif Verimli: \u201cMardin\u2019de ve Adana\u2019da art arda b\u00fcy\u00fck \u00e7apl\u0131 cinayet olaylar\u0131n\u0131n ya\u015fanmas\u0131 ak\u0131llara, \u201dAcaba nereye gidiyoruz\u201c gibi bir soru getiriyor. Toplum olarak ciddi bir uyan\u0131\u015fa ihtiyac\u0131m\u0131z var. Bu t\u00fcr \u00fcz\u00fcc\u00fc olaylar\u0131n en b\u00fcy\u00fck nedeni e\u011fitimsizlik. Bu sorunu \u00e7\u00f6zmedi\u011finiz zaman maalesef bu olaylar ya\u015fanmaya devam edecektir&#8230;\u201d<\/p>\n<p style=\"text-align: justify;\"><span style=\"color: #888888;\">Kaynak : Vatan<\/span><\/p>\n","protected":false},"excerpt":{"rendered":"<p style=\"text-align: center;\">\n<p style=\"text-align: justify;\"> Ailesini katletmeye \u00f6\u011flen ba\u015flad\u0131 gece yar\u0131s\u0131 bitirdi!<\/p>\n<p style=\"text-align: justify;\">Mardin katliam\u0131n\u0131n deh\u015feti silinmeden Adana\u2019da t\u00fcyler \u00fcrpertici bir toplu cinayet daha ya\u015fand\u0131. Y\u00fcksel Ailesi\u2019nin b\u00fcy\u00fck o\u011flu Murat, ailesinden 8 ki\u015fiyi katletti. Canavar\u0131n, \u00f6nce evde bulunan annesi ve 2 ye\u011fenini, daha sonra da farkl\u0131 zamanlarda gelen di\u011fer fertleri taksit taksit \u00f6ld\u00fcrd\u00fc\u011f\u00fc <\/p>\n","protected":false},"author":1,"featured_media":0,"comment_status":"open","ping_status":"closed","sticky":false,"template":"","format":"standard","meta":{"footnotes":""},"categories":[105],"tags":[],"class_list":["post-9507","post","type-post","status-publish","format-standard","hentry","category-gundem","odd"],"_links":{"self":[{"href":"http:\/\/www.korhanyilmaz.com\/index.php?rest_route=\/wp\/v2\/posts\/9507","targetHints":{"allow":["GET"]}}],"collection":[{"href":"http:\/\/www.korhanyilmaz.com\/index.php?rest_route=\/wp\/v2\/posts"}],"about":[{"href":"http:\/\/www.korhanyilmaz.com\/index.php?rest_route=\/wp\/v2\/types\/post"}],"author":[{"embeddable":true,"href":"http:\/\/www.korhanyilmaz.com\/index.php?rest_route=\/wp\/v2\/users\/1"}],"replies":[{"embeddable":true,"href":"http:\/\/www.korhanyilmaz.com\/index.php?rest_route=%2Fwp%2Fv2%2Fcomments&post=9507"}],"version-history":[{"count":0,"href":"http:\/\/www.korhanyilmaz.com\/index.php?rest_route=\/wp\/v2\/posts\/9507\/revisions"}],"wp:attachment":[{"href":"http:\/\/www.korhanyilmaz.com\/index.php?rest_route=%2Fwp%2Fv2%2Fmedia&parent=9507"}],"wp:term":[{"taxonomy":"category","embeddable":true,"href":"http:\/\/www.korhanyilmaz.com\/index.php?rest_route=%2Fwp%2Fv2%2Fcategories&post=9507"},{"taxonomy":"post_tag","embeddable":true,"href":"http:\/\/www.korhanyilmaz.com\/index.php?rest_route=%2Fwp%2Fv2%2Ftags&post=9507"}],"curies":[{"name":"wp","href":"https:\/\/api.w.org\/{rel}","templated":true}]}}