{"id":9503,"date":"2009-06-02T17:26:15","date_gmt":"2009-06-02T14:26:15","guid":{"rendered":"http:\/\/www.korhanyilmaz.com\/?p=9503"},"modified":"2009-06-02T17:26:15","modified_gmt":"2009-06-02T14:26:15","slug":"%e2%80%98bu-isin-ulemasi-benim%e2%80%99","status":"publish","type":"post","link":"http:\/\/www.korhanyilmaz.com\/?p=9503","title":{"rendered":"\u2018Bu i\u015fin ulemas\u0131 benim\u2019"},"content":{"rendered":"<p style=\"text-align: justify;\"><a href=\"http:\/\/www.korhanyilmaz.com\/wp-content\/uploads\/2009\/06\/0306200900520455026971.jpg\"  class=\"lightview\"><img loading=\"lazy\" decoding=\"async\" class=\"aligncenter size-full wp-image-9504\" title=\"\u2018Bu i\u015fin ulemas\u0131 benim\u2019 \" src=\"http:\/\/www.korhanyilmaz.com\/wp-content\/uploads\/2009\/06\/0306200900520455026971.jpg\" alt=\"\u2018Bu i\u015fin ulemas\u0131 benim\u2019 \" width=\"329\" height=\"210\" \/><\/a><\/p>\n<p style=\"text-align: justify;\"><strong>Albay\u2019dan Ba\u015fbakan&#8217;a jet YANIT<\/strong><\/p>\n<p style=\"text-align: justify;\">Ba\u015fbakan Erdo\u011fan d\u00fcn AKP grup toplant\u0131s\u0131nda yapt\u0131\u011f\u0131 konu\u015fmada, \u201cBana be\u015f-alt\u0131 tabur verseler may\u0131n\u0131 bir mevsimde temizler, teslim ederim\u201d diyen emekli Albay Kemal G\u00fcner\u2019e sert yan\u0131t verdi. Diyarbak\u0131r\u2019daki 7. Kolordu \u0130stihk\u00e2m Tabur Komutan\u0131 emekli Albay Kemal G\u00fcner\u2019e \u201cEmekli olmu\u015fsun otur kenarda\u201d diyen Erdo\u011fan\u2019a cevap hemen geldi. Suriye s\u0131n\u0131r\u0131na 1956\u2019da ilk may\u0131n\u0131 yerle\u015ftiren G\u00fcner, \u201cBa\u015fbakan r\u00fctbemi iyi \u00f6\u011frenememi\u015f, albay r\u00fctbesiyle emekli oldum\u201d diyerek, \u015f\u00f6yle konu\u015ftu:<!--more--><\/p>\n<p style=\"text-align: justify;\">Vatan\u0131 i\u00e7in g\u00f6rev yapan herkesin bu \u00fclkede emekli olduktan sonra da konu\u015fmaya hakk\u0131 vard\u0131r. Ba\u015fbakan ulemaya dan\u0131\u015fmay\u0131 sever, bu i\u015fin de ulemas\u0131 benim. May\u0131n\u0131 d\u00f6\u015feyen de haritay\u0131 haz\u0131rlayan da bizleriz, bize dan\u0131\u015fmas\u0131 gerekirdi. Biz d\u00f6\u015fenen her may\u0131n\u0131n krokisini muntazam bir \u015fekilde tuttuk. Bu haritalar Genel Kurmay ve 7. Kolordu\u2019da mevcuttur. Bu krokilere g\u00f6re may\u0131nlar geli\u015fen teknoloji ile uzmanlar taraf\u0131ndan rahatl\u0131kla temizlenir. S\u00f6z konusu topraklar\u0131n \u00e7ok verimli. 56-58 y\u0131llar\u0131 aras\u0131nda b\u00fct\u00fcn s\u0131n\u0131ra 7. Kolordu 1. ve 2. istihkam taburu may\u0131n d\u00f6\u015fedi. Ben Cizre-Nusaybin aras\u0131nda g\u00f6rev yapt\u0131m. \u0130lk may\u0131n\u0131 topra\u011fa ben yerle\u015ftirdim, araziyi kar\u0131\u015f kar\u0131\u015f bilirim. S\u0131n\u0131ra paralel olarak 3\u2019er s\u0131ra halinde iki ad\u0131m aral\u0131kla may\u0131n d\u00f6\u015femesi yapt\u0131k. Bu s\u0131ralar\u0131n arkas\u0131nda 20 metre g\u00fcvenlik alan\u0131 b\u0131rakt\u0131k ve daha sonra da tel \u00f6rg\u00fc ile may\u0131nl\u0131 b\u00f6lgeyi ay\u0131rd\u0131k. Asl\u0131nda 216 bin d\u00f6n\u00fcm alan\u0131n yar\u0131s\u0131 may\u0131ns\u0131z g\u00fcvenlik b\u00f6lgesidir.<\/p>\n<p style=\"text-align: justify;\"><span style=\"color: #888888;\">Kaynak : Vatan<\/span><\/p>\n","protected":false},"excerpt":{"rendered":"<p style=\"text-align: justify;\">\n<p style=\"text-align: justify;\">Albay\u2019dan Ba\u015fbakan&#8217;a jet YANIT<\/p>\n<p style=\"text-align: justify;\">Ba\u015fbakan Erdo\u011fan d\u00fcn AKP grup toplant\u0131s\u0131nda yapt\u0131\u011f\u0131 konu\u015fmada, \u201cBana be\u015f-alt\u0131 tabur verseler may\u0131n\u0131 bir mevsimde temizler, teslim ederim\u201d diyen emekli Albay Kemal G\u00fcner\u2019e sert yan\u0131t verdi. Diyarbak\u0131r\u2019daki 7. Kolordu \u0130stihk\u00e2m Tabur Komutan\u0131 emekli Albay Kemal G\u00fcner\u2019e \u201cEmekli olmu\u015fsun otur kenarda\u201d diyen Erdo\u011fan\u2019a cevap hemen <\/p>\n","protected":false},"author":1,"featured_media":0,"comment_status":"open","ping_status":"closed","sticky":false,"template":"","format":"standard","meta":{"footnotes":""},"categories":[105],"tags":[],"class_list":["post-9503","post","type-post","status-publish","format-standard","hentry","category-gundem","odd"],"_links":{"self":[{"href":"http:\/\/www.korhanyilmaz.com\/index.php?rest_route=\/wp\/v2\/posts\/9503","targetHints":{"allow":["GET"]}}],"collection":[{"href":"http:\/\/www.korhanyilmaz.com\/index.php?rest_route=\/wp\/v2\/posts"}],"about":[{"href":"http:\/\/www.korhanyilmaz.com\/index.php?rest_route=\/wp\/v2\/types\/post"}],"author":[{"embeddable":true,"href":"http:\/\/www.korhanyilmaz.com\/index.php?rest_route=\/wp\/v2\/users\/1"}],"replies":[{"embeddable":true,"href":"http:\/\/www.korhanyilmaz.com\/index.php?rest_route=%2Fwp%2Fv2%2Fcomments&post=9503"}],"version-history":[{"count":0,"href":"http:\/\/www.korhanyilmaz.com\/index.php?rest_route=\/wp\/v2\/posts\/9503\/revisions"}],"wp:attachment":[{"href":"http:\/\/www.korhanyilmaz.com\/index.php?rest_route=%2Fwp%2Fv2%2Fmedia&parent=9503"}],"wp:term":[{"taxonomy":"category","embeddable":true,"href":"http:\/\/www.korhanyilmaz.com\/index.php?rest_route=%2Fwp%2Fv2%2Fcategories&post=9503"},{"taxonomy":"post_tag","embeddable":true,"href":"http:\/\/www.korhanyilmaz.com\/index.php?rest_route=%2Fwp%2Fv2%2Ftags&post=9503"}],"curies":[{"name":"wp","href":"https:\/\/api.w.org\/{rel}","templated":true}]}}