{"id":9472,"date":"2009-05-27T12:25:50","date_gmt":"2009-05-27T09:25:50","guid":{"rendered":"http:\/\/www.korhanyilmaz.com\/?p=9472"},"modified":"2009-05-27T12:25:50","modified_gmt":"2009-05-27T09:25:50","slug":"o-mayinlari-doseyen-isim-konustu","status":"publish","type":"post","link":"http:\/\/www.korhanyilmaz.com\/?p=9472","title":{"rendered":"O may\u0131nlar\u0131 d\u00f6\u015feyen isim konu\u015ftu"},"content":{"rendered":"<p style=\"text-align: center;\"><img loading=\"lazy\" decoding=\"async\" class=\"aligncenter size-full wp-image-9473\" src=\"http:\/\/www.korhanyilmaz.com\/wp-content\/uploads\/2009\/06\/22778.jpg\" alt=\"\" width=\"444\" height=\"191\" \/><\/p>\n<p>\u00a0<\/p>\n<p style=\"text-align: justify;\"><strong>&#8220;Bana 5 &#8211; 6 tabur verin temizleyeyim&#8230;&#8221;<\/strong><\/p>\n<p style=\"text-align: justify;\">T\u00fcrkiye, Suriye s\u0131n\u0131r\u0131na d\u00f6\u015fenen may\u0131nlar\u0131n nas\u0131l temizlenece\u011fini tart\u0131\u015f\u0131rken, 1956 y\u0131l\u0131nda bu b\u00f6lgeye ilk may\u0131nlar\u0131 yerle\u015ftiren Diyarbak\u0131r&#8217;daki <strong>7. Kolordu \u0130stihk\u00e2m Tabur Komutan\u0131 Kemal G\u00fcner<\/strong>, Zaman&#8217;a \u00e7arp\u0131c\u0131 a\u00e7\u0131klamalarda bulundu.<\/p>\n<p style=\"text-align: justify;\">D\u00f6\u015fenen her bir may\u0131n\u0131n krokisini muntazam \u015fekilde tuttuklar\u0131n\u0131 belirten G\u00fcner, krokilerin 7. Kolordu&#8217;nun ar\u015fivinde bulundu\u011funu s\u00f6yl\u00fcyor. Krokilerle may\u0131nlar\u0131n rahatl\u0131kla temizlenebilece\u011fini vurgulayan emekli komutan, &#8220;Ordumuz buna muktedirdir. G\u00f6revden ka\u00e7mas\u0131nlar, s\u0131rtlar\u0131ndaki g\u00f6revi y\u0131kmas\u0131nlar.&#8221; diyor. G\u00fcner, topuzlu bir tankla bile b\u00f6lgenin may\u0131nlardan ar\u0131nd\u0131r\u0131labilece\u011fini savunuyor.<!--more--><\/p>\n<p style=\"text-align: justify;\">S\u00f6z konusu topraklar\u0131n \u00e7ok verimli oldu\u011funun alt\u0131n\u0131 \u00e7izen G\u00fcner, arazinin yabanc\u0131lara temizlettirilmesine de 44 y\u0131ll\u0131\u011f\u0131na i\u015fletime verilmesine de kar\u015f\u0131. &#8220;Vazifesi may\u0131n d\u00f6\u015femek ve may\u0131n bulmak olan istihk\u00e2m taburlar\u0131m\u0131z varken, bunlar\u0131 ba\u015fkas\u0131na temizletmek ay\u0131pt\u0131r, yaz\u0131kt\u0131r.&#8221; ele\u015ftirisinde bulunan G\u00fcner, Genelkurmay ba\u015fkan\u0131na konunun do\u011fru anlat\u0131lmad\u0131\u011f\u0131n\u0131 d\u00fc\u015f\u00fcn\u00fcyor ve ilgin\u00e7 bir teklif ortaya at\u0131yor: &#8220;80 ya\u015f\u0131nday\u0131m. Bana be\u015f-alt\u0131 tabur verseler bir mevsimde temizler, teslim ederim.&#8221;<\/p>\n<p style=\"text-align: justify;\">\u0130stihkam Albay Kemal G\u00fcner, may\u0131nlar\u0131n ilk d\u00f6\u015fenme hik\u00e2yesini \u015f\u00f6yle anlatt\u0131: &#8220;Erzurum&#8217;dan Bing\u00f6l&#8217;den gelen s\u00fcr\u00fcler Suriye&#8217;ye ge\u00e7iyordu. Onlar\u0131n yollar\u0131 \u00fczerine d\u00f6\u015fenmek \u00fczere her bir karakola 25, 30 ve 40&#8217;ar tane may\u0131n verilmi\u015fti. Onlar d\u00f6\u015fenememi\u015fti. O zaman kolordu komutan\u0131 Rag\u0131p G\u00fcm\u00fc\u015fpala vard\u0131. Beni \u00e7a\u011f\u0131rd\u0131 ve &#8216;git o may\u0131nlar\u0131 d\u00f6\u015fe&#8217; dedi. Gittik onlar\u0131 d\u00f6\u015fedik. Daha sonra Demokrat Parti bir karar ald\u0131 ve b\u00fct\u00fcn s\u0131n\u0131ra 7. Kolordu 1. ve 2. istihkam taburu may\u0131n d\u00f6\u015fedi. Bir askerim, may\u0131n\u0131n pimini yanl\u0131\u015fl\u0131kla \u00e7ekince patlad\u0131 ve parma\u011f\u0131 koptu. May\u0131nlar eskiydi. Risk d\u00f6\u015ferken de vard\u0131, her zaman olur.&#8221;<\/p>\n<p style=\"text-align: justify;\">May\u0131nlar\u0131 s\u0131n\u0131ra paralel olarak 3&#8217;er s\u0131ra halinde usul\u00fcne uygun olarak d\u00f6\u015fediklerini ifade eden Albay G\u00fcner, bas\u0131ld\u0131\u011f\u0131nda patlamaya yol a\u00e7an pimlerini de topra\u011f\u0131n 3 santimetre \u00fczerinde b\u0131rakt\u0131klar\u0131n\u0131 kaydetti. G\u00fcner, &#8220;Genelkurmay ba\u015fkan\u0131m\u0131za tahmin ediyorum do\u011fru d\u00fcr\u00fcst anlat\u0131lmam\u0131\u015f bu. Benim y\u00fcre\u011fim yan\u0131yor. Yaz\u0131k. \u015eimdi m\u00fcmk\u00fcn olsa 80 ya\u015f\u0131nday\u0131m; ama bana be\u015f alt\u0131 tabur verseler bunu bir mevsimde temizler, teslim ederim. Bu kadar basit. Bunu g\u00f6zde b\u00fcy\u00fctecek bir \u015fey yok.&#8221; dedi. Kendi elleriyle d\u00f6\u015fedi\u011fi may\u0131nlar\u0131n, bug\u00fcn T\u00fcrk askeri yerine yabanc\u0131 \u015firketlere temizletilmek istenmesine \u00fcz\u00fclen G\u00fcner \u015f\u00f6yle dedi: &#8220;May\u0131nlar\u0131 asker yerine yabanc\u0131 \u015firkete temizletmek yaz\u0131kt\u0131r, g\u00fcnaht\u0131r. Niye fakir k\u00f6yl\u00fcm\u00fcze verilmesin de Yahudi&#8217;ye verilsin ya da ba\u015fkas\u0131na verilsin? Hem de 44 seneli\u011fine.&#8221;<\/p>\n<p style=\"text-align: justify;\"><span style=\"color: #888888;\">(Zaman)<\/span><\/p>\n","protected":false},"excerpt":{"rendered":"<p style=\"text-align: center;\">\n<\/p>\n<p style=\"text-align: justify;\">&#8220;Bana 5 &#8211; 6 tabur verin temizleyeyim&#8230;&#8221;<\/p>\n<p style=\"text-align: justify;\">T\u00fcrkiye, Suriye s\u0131n\u0131r\u0131na d\u00f6\u015fenen may\u0131nlar\u0131n nas\u0131l temizlenece\u011fini tart\u0131\u015f\u0131rken, 1956 y\u0131l\u0131nda bu b\u00f6lgeye ilk may\u0131nlar\u0131 yerle\u015ftiren Diyarbak\u0131r&#8217;daki 7. Kolordu \u0130stihk\u00e2m Tabur Komutan\u0131 Kemal G\u00fcner, Zaman&#8217;a \u00e7arp\u0131c\u0131 a\u00e7\u0131klamalarda bulundu.<\/p>\n<p style=\"text-align: justify;\">D\u00f6\u015fenen her bir may\u0131n\u0131n krokisini muntazam \u015fekilde tuttuklar\u0131n\u0131 belirten G\u00fcner, <\/p>\n","protected":false},"author":1,"featured_media":0,"comment_status":"open","ping_status":"closed","sticky":false,"template":"","format":"standard","meta":{"footnotes":""},"categories":[105],"tags":[],"class_list":["post-9472","post","type-post","status-publish","format-standard","hentry","category-gundem","odd"],"_links":{"self":[{"href":"http:\/\/www.korhanyilmaz.com\/index.php?rest_route=\/wp\/v2\/posts\/9472","targetHints":{"allow":["GET"]}}],"collection":[{"href":"http:\/\/www.korhanyilmaz.com\/index.php?rest_route=\/wp\/v2\/posts"}],"about":[{"href":"http:\/\/www.korhanyilmaz.com\/index.php?rest_route=\/wp\/v2\/types\/post"}],"author":[{"embeddable":true,"href":"http:\/\/www.korhanyilmaz.com\/index.php?rest_route=\/wp\/v2\/users\/1"}],"replies":[{"embeddable":true,"href":"http:\/\/www.korhanyilmaz.com\/index.php?rest_route=%2Fwp%2Fv2%2Fcomments&post=9472"}],"version-history":[{"count":0,"href":"http:\/\/www.korhanyilmaz.com\/index.php?rest_route=\/wp\/v2\/posts\/9472\/revisions"}],"wp:attachment":[{"href":"http:\/\/www.korhanyilmaz.com\/index.php?rest_route=%2Fwp%2Fv2%2Fmedia&parent=9472"}],"wp:term":[{"taxonomy":"category","embeddable":true,"href":"http:\/\/www.korhanyilmaz.com\/index.php?rest_route=%2Fwp%2Fv2%2Fcategories&post=9472"},{"taxonomy":"post_tag","embeddable":true,"href":"http:\/\/www.korhanyilmaz.com\/index.php?rest_route=%2Fwp%2Fv2%2Ftags&post=9472"}],"curies":[{"name":"wp","href":"https:\/\/api.w.org\/{rel}","templated":true}]}}