{"id":9467,"date":"2009-06-02T12:23:44","date_gmt":"2009-06-02T09:23:44","guid":{"rendered":"http:\/\/www.korhanyilmaz.com\/?p=9467"},"modified":"2009-06-02T12:23:44","modified_gmt":"2009-06-02T09:23:44","slug":"emekli-yarbaya-cok-sert-yanit","status":"publish","type":"post","link":"http:\/\/www.korhanyilmaz.com\/?p=9467","title":{"rendered":"Emekli Yarbay&#039;a \u00e7ok sert yan\u0131t"},"content":{"rendered":"<p style=\"text-align: center;\"><img loading=\"lazy\" decoding=\"async\" class=\"size-full wp-image-9468  aligncenter\" src=\"http:\/\/www.korhanyilmaz.com\/wp-content\/uploads\/2009\/06\/020620091227152303237.jpg\" alt=\"\" width=\"320\" height=\"100\" \/><\/p>\n<p style=\"text-align: justify;\"><strong>Erdo\u011fan&#8217;dan emekli askere \u00e7ok sert &#8216;may\u0131nl\u0131 arazi&#8217; yan\u0131t\u0131<\/strong><\/p>\n<p style=\"text-align: justify;\">Suriye s\u0131n\u0131r\u0131ndaki may\u0131nl\u0131 arazinin temizlenmesi konusunda haz\u0131rlad\u0131\u011f\u0131 yasa tasar\u0131s\u0131 b\u00fcy\u00fck tepki \u00e7eken AKP Genel Ba\u015fkan\u0131 ve Ba\u015fbakan Recep Tayyip Erdo\u011fan ele\u015ftirilere yan\u0131t verdi. Erdo\u011fan, 1956 y\u0131l\u0131nda b\u00f6lgeye ilk may\u0131nlar\u0131 yerle\u015ftiren Diyarbak\u0131r&#8217;daki 7. Kolordu \u0130stihk\u00e2m Tabur Komutan\u0131 Kemal G\u00fcner\u2019in a\u00e7\u0131klamalar\u0131nda da \u00e7ok sert yan\u0131t verdi.<!--more--><\/p>\n<p style=\"text-align: justify;\"><strong>\u0130\u015fte Erdo\u011fan\u2019\u0131n s\u00f6zleri:<\/strong><\/p>\n<p style=\"text-align: justify;\">Herkes bir \u015fey \u00f6neriyor. \u015eu yaps\u0131n bu yaps\u0131n diyor. Kalkm\u0131\u015f bir emekli yarbay \u201cBana bir tabur verin temizleyeyim\u201d diyor. Bir defa haddini bil. Emekli olmu\u015fsun, kenarda dur. Bu \u00fclkenin Genelkurmay Ba\u015fkan\u0131 var. Biz gereken neyse onu yapar\u0131z. Bu i\u015fin kar\u015f\u0131l\u0131\u011f\u0131 olan paray\u0131 da \u00f6deriz.<\/p>\n<p style=\"text-align: justify;\">Bunlar ya say\u0131 saymay\u0131 bilmiyorlar ya da ciddi bir g\u00f6z rahats\u0131zl\u0131klar\u0131 var. Tasar\u0131n\u0131n tart\u0131\u015f\u0131lmas\u0131 s\u0131ras\u0131nda devletin kurumlar\u0131n\u0131n vahim bir ayr\u0131mc\u0131l\u0131\u011fa tutuldu\u011funu g\u00f6rd\u00fck: \u201c\u015eu kurum vatanseverdir, \u015fu kurum vatan\u0131 satar\u201d<\/p>\n<p style=\"text-align: justify;\"><span style=\"font-size: small;\"><span style=\"color: #993300;\"><a href=\"http:\/\/www.korhanyilmaz.com\/?p=9472 \"><strong>Emekli Yarbay Ne Demi\u015f ti?<\/strong><\/a><\/span><\/span><\/p>\n<p style=\"text-align: justify;\"><span style=\"font-size: small;\"><span style=\"color: #993300;\">\u00a0<\/span><\/span><\/p>\n<p style=\"text-align: justify;\"><span style=\"color: #888888;\">Kaynak : Vatan<\/span><\/p>\n","protected":false},"excerpt":{"rendered":"<p style=\"text-align: center;\">\n<p style=\"text-align: justify;\">Erdo\u011fan&#8217;dan emekli askere \u00e7ok sert &#8216;may\u0131nl\u0131 arazi&#8217; yan\u0131t\u0131<\/p>\n<p style=\"text-align: justify;\">Suriye s\u0131n\u0131r\u0131ndaki may\u0131nl\u0131 arazinin temizlenmesi konusunda haz\u0131rlad\u0131\u011f\u0131 yasa tasar\u0131s\u0131 b\u00fcy\u00fck tepki \u00e7eken AKP Genel Ba\u015fkan\u0131 ve Ba\u015fbakan Recep Tayyip Erdo\u011fan ele\u015ftirilere yan\u0131t verdi. Erdo\u011fan, 1956 y\u0131l\u0131nda b\u00f6lgeye ilk may\u0131nlar\u0131 yerle\u015ftiren Diyarbak\u0131r&#8217;daki 7. Kolordu \u0130stihk\u00e2m Tabur Komutan\u0131 Kemal G\u00fcner\u2019in a\u00e7\u0131klamalar\u0131nda da <\/p>\n","protected":false},"author":1,"featured_media":0,"comment_status":"open","ping_status":"closed","sticky":false,"template":"","format":"standard","meta":{"footnotes":""},"categories":[105],"tags":[],"class_list":["post-9467","post","type-post","status-publish","format-standard","hentry","category-gundem","odd"],"_links":{"self":[{"href":"http:\/\/www.korhanyilmaz.com\/index.php?rest_route=\/wp\/v2\/posts\/9467","targetHints":{"allow":["GET"]}}],"collection":[{"href":"http:\/\/www.korhanyilmaz.com\/index.php?rest_route=\/wp\/v2\/posts"}],"about":[{"href":"http:\/\/www.korhanyilmaz.com\/index.php?rest_route=\/wp\/v2\/types\/post"}],"author":[{"embeddable":true,"href":"http:\/\/www.korhanyilmaz.com\/index.php?rest_route=\/wp\/v2\/users\/1"}],"replies":[{"embeddable":true,"href":"http:\/\/www.korhanyilmaz.com\/index.php?rest_route=%2Fwp%2Fv2%2Fcomments&post=9467"}],"version-history":[{"count":0,"href":"http:\/\/www.korhanyilmaz.com\/index.php?rest_route=\/wp\/v2\/posts\/9467\/revisions"}],"wp:attachment":[{"href":"http:\/\/www.korhanyilmaz.com\/index.php?rest_route=%2Fwp%2Fv2%2Fmedia&parent=9467"}],"wp:term":[{"taxonomy":"category","embeddable":true,"href":"http:\/\/www.korhanyilmaz.com\/index.php?rest_route=%2Fwp%2Fv2%2Fcategories&post=9467"},{"taxonomy":"post_tag","embeddable":true,"href":"http:\/\/www.korhanyilmaz.com\/index.php?rest_route=%2Fwp%2Fv2%2Ftags&post=9467"}],"curies":[{"name":"wp","href":"https:\/\/api.w.org\/{rel}","templated":true}]}}