{"id":9462,"date":"2009-06-02T10:45:11","date_gmt":"2009-06-02T07:45:11","guid":{"rendered":"http:\/\/www.korhanyilmaz.com\/?p=9462"},"modified":"2009-06-02T10:45:11","modified_gmt":"2009-06-02T07:45:11","slug":"adanada-mezar-ev","status":"publish","type":"post","link":"http:\/\/www.korhanyilmaz.com\/?p=9462","title":{"rendered":"Adana&#039;da mezar ev"},"content":{"rendered":"<p style=\"text-align: center;\"><img loading=\"lazy\" decoding=\"async\" class=\"aligncenter size-full wp-image-9463\" src=\"http:\/\/www.korhanyilmaz.com\/wp-content\/uploads\/2009\/06\/020620091220285748319.jpg\" alt=\"\" width=\"329\" height=\"210\" \/><\/p>\n<p style=\"text-align: justify;\"><strong>Adana&#8217;da bir apartman dairesinde 8 ki\u015fi ba\u015flar\u0131ndan vurulmu\u015f \u015fekilde bulundu.<\/strong><\/p>\n<p style=\"text-align: justify;\">Adana Valisi \u0130lhan At\u0131\u015f, bir apartman dairesinde 3&#8217;\u00fc \u00e7ocuk 8 ki\u015finin \u00f6ld\u00fcr\u00fclmesiyle ilgili &#8220;\u015eu anda sadece 8 ki\u015finin \u00f6ld\u00fcr\u00fcld\u00fc\u011f\u00fcn\u00fc biliyoruz, nas\u0131l neyle ni\u00e7in \u00f6ld\u00fcr\u00fclmesiyle ilgili teknik ve uzman ekibimiz \u00e7al\u0131\u015f\u0131yor&#8221; dedi.<\/p>\n<p style=\"text-align: justify;\">Al\u0131nan bilgiye g\u00f6re, Huzurevleri Mahallesi 142 Sokak \u00d6zemek Apartman\u0131 A Blok 11. kattaki dairede oturan K\u00fc\u00e7\u00fckdikili Ana Sa\u011fl\u0131k Merkezi&#8217;nde ebe hem\u015fire olarak \u00e7al\u0131\u015fan Nalan Y\u00fcksel&#8217;in i\u015fe gelmemesi, ard\u0131ndan ev cep telefonlar\u0131na ula\u015f\u0131lmamas\u0131 \u00fczerine zehirlendi\u011fini d\u00fc\u015f\u00fcnen mesai arkada\u015flar\u0131, B\u00fcy\u00fck\u015fehir Belediyesi \u0130tfaiye M\u00fcd\u00fcrl\u00fc\u011f\u00fc ekiplerini ve 112&#8217;yi arad\u0131.<!--more--><\/p>\n<p style=\"text-align: justify;\">Olay yerine gelen itfaiye ekipleri, kap\u0131n\u0131n a\u00e7\u0131lmamas\u0131 \u00fczerine polisten yard\u0131m istedi. Apartman dairesine gelen polis ekipleri, kap\u0131y\u0131 a\u00e7t\u0131klar\u0131nda, kan izlerine rastlad\u0131. Ekipler, de\u011fi\u015fik odalarda 3&#8217;\u00fc \u00e7ocuk 8 ki\u015finin cesedine ula\u015ft\u0131.<\/p>\n<p style=\"text-align: justify;\">Bu ki\u015filerin ba\u015flar\u0131ndan ve v\u00fccutlar\u0131n\u0131n \u00e7e\u015fitli yerlerinden vurularak \u00f6ld\u00fcr\u00fcld\u00fc\u011f\u00fc belirlendi.<\/p>\n<p style=\"text-align: justify;\">Emniyet yetkilileri, \u00f6ld\u00fcr\u00fclen Nalan Y\u00fcksel&#8217;in 10 y\u0131ld\u0131r e\u015fi Ali Y\u00fcksel&#8217;den ayr\u0131 ya\u015fad\u0131\u011f\u0131n\u0131, 2 \u00e7ocu\u011fuyla birlikte anne ve babas\u0131yla oturdu\u011funu<\/p>\n<p style=\"text-align: justify;\">bildirdi.<\/p>\n<p style=\"text-align: justify;\">Olay yerine gelerek \u0130l Emniyet M\u00fcd\u00fcr\u00fc Arif Akkale&#8217;den bilgi alan Vali \u0130lhan At\u0131\u015f, &#8220;\u015eu anda sadece 8 ki\u015finin \u00f6ld\u00fcr\u00fcld\u00fc\u011f\u00fcn\u00fc biliyoruz, nas\u0131l neyle ni\u00e7in<\/p>\n<p style=\"text-align: justify;\">\u00f6ld\u00fcr\u00fclmesiyle ilgili teknik ve uzman ekibimiz \u00e7al\u0131\u015f\u0131yor&#8221; dedi.<\/p>\n<p style=\"text-align: justify;\">At\u0131\u015f, en k\u0131sa s\u00fcrede konuyla ilgili kapsaml\u0131 a\u00e7\u0131klama yap\u0131laca\u011f\u0131n\u0131 kaydetti.<\/p>\n<p style=\"text-align: justify;\"><strong>\u00d6LD\u00dcR\u00dcLENLER\u0130N K\u0130ML\u0130\u011e\u0130 SAPTANDI<\/strong><\/p>\n<p style=\"text-align: justify;\">Adana&#8217;da apartman dairesinde \u00f6ld\u00fcr\u00fclenlerin kimli\u011fi saptand\u0131. Bunlar\u0131n ev sahibi 64 ya\u015f\u0131ndaki \u0130brahim ve e\u015fi 62 ya\u015f\u0131ndaki G\u00fcnay Y\u00fcksel \u00e7ifti, birlikte oturduklar\u0131 o\u011fullar\u0131 Ali Y\u00fcksel, gelinleri G\u00fcl Y\u00fcksel bu \u00e7iftin \u00e7ocuklar\u0131 3 ya\u015f\u0131ndaki Vedat ile e\u015finden bo\u015fand\u0131ktan sonra yanlar\u0131na gelen hem\u015fire k\u0131zlar\u0131 40 ya\u015f\u0131ndaki Nalan Y\u00fcksel ve onun \u00e7ocuklar\u0131 9 ya\u015f\u0131ndaki Arif ve 7 ya\u015f\u0131ndaki Halil \u0130brahim Kopar olduklar\u0131 a\u00e7\u0131kland\u0131.<\/p>\n<p style=\"text-align: justify;\">Cesetler 3&#8217;\u00fc salonda, 2&#8217;si oturma odas\u0131nda, 2&#8217;si \u00e7ocuk odas\u0131nda 1&#8217;inin de giri\u015f b\u00f6l\u00fcm\u00fcnde bulundu. Evde yap\u0131lan ilk incelemede katliam\u0131 yapanlar\u0131n olaydan sonra bo\u015f kovanlar\u0131 toplad\u0131klar\u0131 ve e\u015fyay\u0131 d\u00fczelettikten sonra cesetlerin \u00fczerini \u00f6rtt\u00fckleri belirlendi.<\/p>\n<p style=\"text-align: justify;\"><strong>9 YIL \u00d6NCE BO\u015eANMI\u015e<\/strong><\/p>\n<p style=\"text-align: justify;\">Adana&#8217;da annesi, babas\u0131, karde\u015fi, gelinleri ye\u011feni ve 2 \u00e7ocu\u011fuyla \u00f6ld\u00fcr\u00fclen hem\u015fire Nalan Y\u00fcksel&#8217;in Elaz\u0131\u011fl\u0131 e\u015fi Celal Kopar&#8217;dan 24 Nisan 2000&#8217;de Adana 1&#8217;inci Asliye Hukuk Mahkemesi&#8217;nde bo\u015fand\u0131\u011f\u0131 ortaya \u00e7\u0131kt\u0131. O zaman tek \u00e7ocuklar\u0131 bulunan \u00e7iftini daha sonra, aile b\u00fcy\u00fcklerinin araya girerek, bar\u0131\u015ft\u0131r\u0131ld\u0131klar\u0131, nikahs\u0131z ya\u015fayarak ikinci \u00e7ocuklar\u0131n\u0131n d\u00fcnyaya geldi\u011fi belirtildi.<\/p>\n<p style=\"text-align: justify;\">22 daireli apartman\u0131n 11&#8217;inci kat\u0131nda oturan ailenin kom\u015fular\u0131 minib\u00fcs\u00fc bulunan \u0130brahim Y\u00fcksel ve ailesinin 5 y\u0131ld\u0131r bu dairede oturdu\u011funu, e\u015fi Celal Kopar&#8217;dan bo\u015fanan hem\u015fire Nalan&#8217;\u0131n da 4 ay \u00f6nce \u00e7ocuklar\u0131yla birlikte babas\u0131n\u0131n ve karde\u015finin oturdu\u011fu ev gelip yerle\u015fti\u011fini s\u00f6yledi.<\/p>\n<p style=\"text-align: justify;\">Katliam\u0131n yap\u0131ld\u0131\u011f\u0131 apartman\u0131n 10&#8217;uncu kat\u0131nda oturan Hasan Cing\u00f6z, &#8220;Ben 11 y\u0131ld\u0131r burada oturuyorum. Olay\u0131n meydana geldi\u011fi dairenin \u00e7aprazlar\u0131nda oturuyorum. Bu aile de burada 5 y\u0131ld\u0131r oturuyor. Silah sesi filan duymad\u0131k. Daha \u00f6nce de 1-2 defa kavga g\u00fcr\u00fclt\u00fc olmu\u015ftu. Ama net olay\u0131 bilmiyoruz&#8221; dedi.<\/p>\n<p style=\"text-align: justify;\">Hem\u015fire Nalan Y\u00fcksel&#8217;in bo\u015fand\u0131\u011f\u0131 e\u015fi Celal Kopar&#8217;\u0131n zaman zaman \u00e7ocuklar\u0131 almaya geldi\u011fini kaydeden kom\u015fular, evde herhangi bir g\u00fcr\u00fclt\u00fc ve silah sesi duymad\u0131klar\u0131n\u0131, olay\u0131 \u00f6\u011frenince \u015foke olduklar\u0131n\u0131 s\u00f6yledi.<\/p>\n<p style=\"text-align: justify;\">Adana Valisi \u0130lhan At\u0131\u015f, olayla ilgili soru\u015fturman\u0131n s\u00fcrd\u00fc\u011f\u00fcn\u00fc ve katliama aile i\u00e7i bir sorunun neden oldu\u011fu ihtimali \u00fczerinde a\u011f\u0131rl\u0131k kazand\u0131\u011f\u0131n\u0131 ancak t\u00fcm olas\u0131l\u0131klar\u0131n de\u011ferlendirildi\u011fini s\u00f6yledi. At\u0131\u015f, &#8220;8 ki\u015finin ni\u00e7in, ne ile ve nas\u0131l \u00f6ld\u00fcr\u00fcld\u00fckleri konusunda teknik ve uzman ekip \u00e7al\u0131\u015f\u0131yor&#8221; dedi.<\/p>\n<p style=\"text-align: justify;\"><strong>KAT\u0130L EV\u0130N O\u011eLU MU?<\/strong><\/p>\n<p style=\"text-align: justify;\">Adana Valisi \u0130lhan At\u0131\u015f, 8 ki\u015finin \u00f6ld\u00fcr\u00fclmesiyle ilgili olayda evin 38 ya\u015f\u0131ndaki o\u011flunun silah\u0131yla birlikte cinayet zanl\u0131s\u0131 olarak yakaland\u0131\u011f\u0131n\u0131 bildirdi.<\/p>\n<p style=\"text-align: justify;\"><span style=\"color: #888888;\">Kaynak : Vatan<\/span><\/p>\n","protected":false},"excerpt":{"rendered":"<p style=\"text-align: center;\">\n<p style=\"text-align: justify;\">Adana&#8217;da bir apartman dairesinde 8 ki\u015fi ba\u015flar\u0131ndan vurulmu\u015f \u015fekilde bulundu.<\/p>\n<p style=\"text-align: justify;\">Adana Valisi \u0130lhan At\u0131\u015f, bir apartman dairesinde 3&#8217;\u00fc \u00e7ocuk 8 ki\u015finin \u00f6ld\u00fcr\u00fclmesiyle ilgili &#8220;\u015eu anda sadece 8 ki\u015finin \u00f6ld\u00fcr\u00fcld\u00fc\u011f\u00fcn\u00fc biliyoruz, nas\u0131l neyle ni\u00e7in \u00f6ld\u00fcr\u00fclmesiyle ilgili teknik ve uzman ekibimiz \u00e7al\u0131\u015f\u0131yor&#8221; dedi.<\/p>\n<p style=\"text-align: justify;\">Al\u0131nan bilgiye g\u00f6re, Huzurevleri Mahallesi <\/p>\n","protected":false},"author":1,"featured_media":0,"comment_status":"open","ping_status":"closed","sticky":false,"template":"","format":"standard","meta":{"footnotes":""},"categories":[105],"tags":[],"class_list":["post-9462","post","type-post","status-publish","format-standard","hentry","category-gundem","odd"],"_links":{"self":[{"href":"http:\/\/www.korhanyilmaz.com\/index.php?rest_route=\/wp\/v2\/posts\/9462","targetHints":{"allow":["GET"]}}],"collection":[{"href":"http:\/\/www.korhanyilmaz.com\/index.php?rest_route=\/wp\/v2\/posts"}],"about":[{"href":"http:\/\/www.korhanyilmaz.com\/index.php?rest_route=\/wp\/v2\/types\/post"}],"author":[{"embeddable":true,"href":"http:\/\/www.korhanyilmaz.com\/index.php?rest_route=\/wp\/v2\/users\/1"}],"replies":[{"embeddable":true,"href":"http:\/\/www.korhanyilmaz.com\/index.php?rest_route=%2Fwp%2Fv2%2Fcomments&post=9462"}],"version-history":[{"count":0,"href":"http:\/\/www.korhanyilmaz.com\/index.php?rest_route=\/wp\/v2\/posts\/9462\/revisions"}],"wp:attachment":[{"href":"http:\/\/www.korhanyilmaz.com\/index.php?rest_route=%2Fwp%2Fv2%2Fmedia&parent=9462"}],"wp:term":[{"taxonomy":"category","embeddable":true,"href":"http:\/\/www.korhanyilmaz.com\/index.php?rest_route=%2Fwp%2Fv2%2Fcategories&post=9462"},{"taxonomy":"post_tag","embeddable":true,"href":"http:\/\/www.korhanyilmaz.com\/index.php?rest_route=%2Fwp%2Fv2%2Ftags&post=9462"}],"curies":[{"name":"wp","href":"https:\/\/api.w.org\/{rel}","templated":true}]}}