{"id":9459,"date":"2009-06-02T09:06:49","date_gmt":"2009-06-02T06:06:49","guid":{"rendered":"http:\/\/www.korhanyilmaz.com\/?p=9459"},"modified":"2009-06-02T09:06:49","modified_gmt":"2009-06-02T06:06:49","slug":"kurt-yonetimi-guvence-verdi","status":"publish","type":"post","link":"http:\/\/www.korhanyilmaz.com\/?p=9459","title":{"rendered":"K\u00fcrt Y\u00f6netimi g\u00fcvence verdi"},"content":{"rendered":"<p style=\"text-align: center;\"><img loading=\"lazy\" decoding=\"async\" class=\"aligncenter size-full wp-image-9460\" src=\"http:\/\/www.korhanyilmaz.com\/wp-content\/uploads\/2009\/06\/70772_manset.jpg\" alt=\"\" width=\"329\" height=\"189\" \/><\/p>\n<p style=\"text-align: justify;\"><strong>Irak Cumhurba\u015fkan\u0131 Talabani, \u201cSadece K.Irak halk\u0131 i\u00e7in de\u011fil, t\u00fcm Irakl\u0131lar i\u00e7in tarihi bir an ya\u015f\u0131yoruz\u201d dedi.<\/strong><\/p>\n<p style=\"text-align: justify;\">K.Irak&#8217;la ilgili s\u0131radaki ad\u0131m Irak\u2019\u0131n kuzeyinden \u00e7\u0131kar\u0131lan petrol\u00fcn Kerk\u00fck-Yumurtal\u0131k hatt\u0131yla T\u00fcrkiye \u00fczerinden ihracat\u0131na ba\u015fland\u0131. \u0130lk a\u015famada g\u00fcnl\u00fck 100 bin varil olan petrol ihracat\u0131nda hedef g\u00fcnl\u00fck 1 milyon varil&#8230;<\/p>\n<p style=\"text-align: justify;\">Irak\u2019\u0131n kuzeyinden \u00e7\u0131kar\u0131lan petrol\u00fcn, d\u00fcnden itibaren resmi olarak Kerk\u00fck-Yumurtal\u0131k hatt\u0131yla T\u00fcrkiye \u00fczerinden ihra\u00e7 edilmesine ba\u015fland\u0131. \u0130lk etapta g\u00fcnde 100 bin varil olarak planlanan ihracat, Kerk\u00fck- Ceyhan Petrol Boru Hatt\u0131 arac\u0131l\u0131\u011f\u0131 ile T\u00fcrkiye \u00fczerinden d\u00fcnya pazarlar\u0131na yap\u0131lacak. B\u00f6lgesel y\u00f6netimin m\u00fcste\u015far\u0131 Dr. Halit Salih, a\u00e7\u0131l\u0131\u015ftan \u00f6nce Mamosta Saad Abdullah konferans salonunda, Norve\u00e7 DNO firmas\u0131n\u0131n \u00fcst y\u00f6neticisi (CEO) Helg Eide ve Genel Enerji CEO\u2019su Mehmet Sepil ile birlikte bas\u0131n toplant\u0131s\u0131 d\u00fczenledi.<!--more--><\/p>\n<p style=\"text-align: justify;\"><strong>T\u00fcrk konsoloslu\u011fu olumlu olur<\/strong><\/p>\n<p style=\"text-align: justify;\">Halit Salih, \u00f6nemli bir g\u00fcn ya\u015fad\u0131klar\u0131n\u0131 belirterek, ilk defa resmi olarak Irak\u2019\u0131n kuzeyinden petrol sevk edilece\u011fine dikkati \u00e7ekti. Salih \u2018\u2019T\u00fcrkiye taraf\u0131ndan Erbil\u2019e konsolosluk a\u00e7\u0131lmas\u0131 yerinde olur. \u0130lk etapta ekonomik, ondan sonra siyasi konular onu takip edecektir. A\u00e7\u0131l\u0131rsa da \u00e7ok olumlu bir ad\u0131m olur\u2019\u2019 dedi. Salih \u015f\u00f6yle devam etti:<\/p>\n<p style=\"text-align: justify;\"><strong>Kapasite ad\u0131m ad\u0131m b\u00fcy\u00fcyecek<\/strong><\/p>\n<p style=\"text-align: justify;\">\u2018\u2019Irak anayasas\u0131nda belirtilen \u015fekli ile durumu ele al\u0131rsak, bu firmalarla yap\u0131lan anla\u015fmalar\u0131n, yeni Irak anayasas\u0131n\u0131n yaz\u0131lmas\u0131ndan \u00f6nceki tarih oldu\u011fu ve yeni anayasan\u0131n maddesine istinaden b\u00f6lgesel y\u00f6netimin eskiden yapm\u0131\u015f oldu\u011fu anla\u015fmalar\u0131n sari olaca\u011f\u0131na istinaden yapt\u0131k. Bu da do\u011fal ve anayasal hakk\u0131m\u0131z.\u2019\u2019lSalih, ilk etapta g\u00fcnl\u00fck olarak iki petrol kuyusundan toplam 100 bin varil \u00e7\u0131kar\u0131ld\u0131\u011f\u0131n\u0131, gelecekte s\u00f6z konusu kapasiteyi g\u00fcnl\u00fck 250 bin varile \u00e7\u0131karmaya \u00e7al\u0131\u015facaklar\u0131n\u0131 belirterek, \u2018\u2019Bu durum, g\u00fcnl\u00fck 1 milyon varile ula\u015f\u0131l\u0131ncaya kadar da devam edecek\u2019\u2019 dedi.\u2018Vana kapatma<\/p>\n<p style=\"text-align: justify;\"><strong>R\u0130SK\u0130 YOK<\/strong><\/p>\n<p style=\"text-align: justify;\">\u2019T\u00fcrkiye ile ili\u015fkilere de de\u011finen Salih, bu b\u00f6lgede son derece \u00e7a\u011fda\u015f petrol alanlar\u0131n\u0131n kurulmakta oldu\u011funa i\u015faret ederek, b\u00f6lgesel y\u00f6netim olarak, \u00e7\u0131kar\u0131lan petrol\u00fc Kerk\u00fck- Yumurtal\u0131k boru hatt\u0131ndan T\u00fcrkiye \u00fczerinden d\u00fcnyaya sevk edeceklerini, bu konuda T\u00fcrkiye taraf\u0131nda bir sorun ya\u015fanmas\u0131n\u0131 beklemediklerini kaydetti.<\/p>\n<p style=\"text-align: justify;\"><strong>Ortak \u00e7\u00f6z\u00fcm bulunacak<\/strong><\/p>\n<p style=\"text-align: justify;\">Bir soru \u00fczerine, \u015firket \u00f6demelerinin, merkezi h\u00fck\u00fcmet ile b\u00f6lgesel y\u00f6netim aras\u0131nda tam bir anla\u015fma sa\u011flanamamas\u0131 y\u00fcz\u00fcnden \u015fimdilik en b\u00fcy\u00fck sorun olarak g\u00f6r\u00fcnd\u00fc\u011f\u00fcn\u00fc kaydeden Salih, ileride \u2018\u2019vana kapatma riskinin\u2019\u2019 \u00e7\u0131k\u0131p \u00e7\u0131kmayaca\u011f\u0131n\u0131n sorulmas\u0131 \u00fczerine de, \u2018Vana kapatma riskini \u00f6ng\u00f6rm\u00fcyoruz. Biz merkezi h\u00fck\u00fcmet taraf\u0131ndan takdir ile kar\u015f\u0131lanaca\u011f\u0131m\u0131z\u0131 d\u00fc\u015f\u00fcn\u00fcyoruz ve ileride elbette merkezi h\u00fck\u00fcmet ile de ortak \u00e7\u00f6z\u00fcm bulunacak\u2019\u2019 yan\u0131t\u0131n\u0131 verdi.<\/p>\n<p style=\"text-align: justify;\"><strong>TAR\u0130H\u0130 B\u0130R ADIM ATTIK<\/strong><\/p>\n<p style=\"text-align: justify;\">Irak Cumhurba\u015fkan\u0131 Talabani, K.Irak\u2019\u0131n petrol gelirlerinin t\u00fcm Irakl\u0131lar taraf\u0131ndan adil bir bi\u00e7imde payla\u015f\u0131laca\u011f\u0131n\u0131 belirterek, \u201cSadece K.Irak halk\u0131 i\u00e7in de\u011fil, t\u00fcm Irakl\u0131lar i\u00e7in tarihi bir an ya\u015f\u0131yoruz\u201d dedi&#8230;<\/p>\n<p>Irak\u2019\u0131n kuzeyindeki petrol\u00fcn d\u00fcnya pazar\u0131na resmen sunulmas\u0131 dolay\u0131s\u0131yla Erbil\u2019de t\u00f6ren d\u00fczenlendi. T\u00f6rende konu\u015fan Irak Cumhurba\u015fkan\u0131 Celal Talabani, \u2018\u2019Biz b\u00fct\u00fcn herkese, Irak\u2019\u0131n birlik ve beraberli\u011fi i\u00e7in \u00e7al\u0131\u015ft\u0131\u011f\u0131m\u0131z\u0131 ispatlad\u0131k. Bunun da en belirgin \u00f6rne\u011fi, kuzey Irak petrol\u00fcn\u00fc Irak boru hatt\u0131 \u00fczerinden d\u00fcnyaya g\u00f6ndermemizdir\u2019\u2019 dedi. Kuzey Irak\u2019\u0131n petrol gelirlerinin b\u00fct\u00fcn Irakl\u0131lar taraf\u0131ndan adil bir bi\u00e7imde payla\u015f\u0131laca\u011f\u0131n\u0131 vurgulayan Talabani, \u201cTarihi bir ad\u0131m att\u0131k. T\u00fcm Irakl\u0131lar i\u00e7in tarihi bir an ya\u015f\u0131yoruz\u201d dedi.<\/p>\n<p><strong>\u201cIrak halk\u0131na arma\u011fan\u0131m\u0131z\u201d<\/strong><\/p>\n<p>B\u00f6lgesel y\u00f6netimin lideri Mesut Barzani de, \u2018\u2019Bu \u00e7ok \u00f6nemli bir olay. B\u00f6lgesel K\u00fcrt y\u00f6netiminin Irak halk\u0131na bir arma\u011fan\u0131d\u0131r\u2019\u2019 ifadelerini kulland\u0131. Kuzey Irak B\u00f6lgesel Y\u00f6netimi Ba\u015fbakan\u0131 Ne\u00e7irvan Barzani ise konu\u015fmas\u0131nda, Kuzey Irak petrollerinin ihra\u00e7 edilmeye ba\u015flanmas\u0131n\u0131n d\u00fcnya ve b\u00f6lge a\u00e7\u0131s\u0131ndan ta\u015f\u0131d\u0131\u011f\u0131 \u00f6neme dikkati \u00e7ekerek, \u2018\u2019B\u00f6lgemiz ve d\u00fcnya i\u00e7in tarihi bir ad\u0131m at\u0131yoruz\u2019\u2019 dedi.<\/p>\n<p><strong>\u201cPetrol\u00fcn lanetini arkada b\u0131rakt\u0131k\u201d<\/strong><\/p>\n<p>Kuzey Irak B\u00f6lgesel Y\u00f6netimi Tabii Kaynaklar Bakan\u0131 Dr. A\u015fti Havrami ise tarihte ilk kez, Irak\u2019\u0131n kuzeyindeki halk\u0131n, do\u011fal kaynaklar\u0131 hakk\u0131nda karar verebildi\u011fini ifade ederek, \u2018\u2019Bug\u00fcn, sa\u011flad\u0131\u011f\u0131m\u0131z ba\u015far\u0131larla petrol\u00fcn lanetini arkam\u0131zda b\u0131rakaca\u011f\u0131z. Art\u0131k petrol bizim i\u00e7in bir refah ve denge unsurudur\u2019\u2019 diye konu\u015ftu. Tavke ve Taq Taq petrol sahalar\u0131ndan yap\u0131lacak ihracat\u0131n 4 y\u0131l i\u00e7inde g\u00fcnl\u00fck 1 milyon varile \u00e7\u0131kmas\u0131n\u0131n beklendi\u011fini belirten Havrami, bu durumun, Irak\u2019\u0131n toplam petrol ihracat\u0131n\u0131, y\u00fczde 50 art\u0131raca\u011f\u0131n\u0131 s\u00f6yledi.<br \/>\n<strong><br \/>\nR\u00dcYA GER\u00c7EK OLDU<br \/>\n<\/strong><br \/>\nErbil\u2019de d\u00fcn bir r\u00fcya ger\u00e7ekle\u015fti. Kuzey Irak petrolleri Irak Cumhurba\u015fkan\u0131 Celal Talabani ile Kuzey Irak B\u00f6lgesel Y\u00f6netimi\u2019nin Ba\u015fkan\u0131 Mesut Barzani\u2019nin \u201cbar\u0131\u015f vanas\u0131n\u0131\u2019 \u00e7evirmesi ile T\u00fcrkiye \u00fczerinden d\u00fcnyaya a\u00e7\u0131lmaya ba\u015fland\u0131. Kuzey Irak\u2019ta bu a\u00e7\u0131l\u0131m\u0131n Irak\u2019\u0131n kuzeyi ile T\u00fcrkiye aras\u0131ndaki ili\u015fkilere yans\u0131mas\u0131 umudu do\u011fdu.\n<\/p>\n<p style=\"text-align: justify;\"><span style=\"color: #888888;\">Kaynak : Bug\u00fcn<\/span><\/p>\n<p style=\"text-align: justify;\">\u00a0<\/p>\n","protected":false},"excerpt":{"rendered":"<p style=\"text-align: center;\">\n<p style=\"text-align: justify;\">Irak Cumhurba\u015fkan\u0131 Talabani, \u201cSadece K.Irak halk\u0131 i\u00e7in de\u011fil, t\u00fcm Irakl\u0131lar i\u00e7in tarihi bir an ya\u015f\u0131yoruz\u201d dedi.<\/p>\n<p style=\"text-align: justify;\">K.Irak&#8217;la ilgili s\u0131radaki ad\u0131m Irak\u2019\u0131n kuzeyinden \u00e7\u0131kar\u0131lan petrol\u00fcn Kerk\u00fck-Yumurtal\u0131k hatt\u0131yla T\u00fcrkiye \u00fczerinden ihracat\u0131na ba\u015fland\u0131. \u0130lk a\u015famada g\u00fcnl\u00fck 100 bin varil olan petrol ihracat\u0131nda hedef g\u00fcnl\u00fck 1 milyon varil&#8230;<\/p>\n<p style=\"text-align: justify;\">Irak\u2019\u0131n kuzeyinden <\/p>\n","protected":false},"author":1,"featured_media":0,"comment_status":"open","ping_status":"closed","sticky":false,"template":"","format":"standard","meta":{"footnotes":""},"categories":[105],"tags":[],"class_list":["post-9459","post","type-post","status-publish","format-standard","hentry","category-gundem","odd"],"_links":{"self":[{"href":"http:\/\/www.korhanyilmaz.com\/index.php?rest_route=\/wp\/v2\/posts\/9459","targetHints":{"allow":["GET"]}}],"collection":[{"href":"http:\/\/www.korhanyilmaz.com\/index.php?rest_route=\/wp\/v2\/posts"}],"about":[{"href":"http:\/\/www.korhanyilmaz.com\/index.php?rest_route=\/wp\/v2\/types\/post"}],"author":[{"embeddable":true,"href":"http:\/\/www.korhanyilmaz.com\/index.php?rest_route=\/wp\/v2\/users\/1"}],"replies":[{"embeddable":true,"href":"http:\/\/www.korhanyilmaz.com\/index.php?rest_route=%2Fwp%2Fv2%2Fcomments&post=9459"}],"version-history":[{"count":0,"href":"http:\/\/www.korhanyilmaz.com\/index.php?rest_route=\/wp\/v2\/posts\/9459\/revisions"}],"wp:attachment":[{"href":"http:\/\/www.korhanyilmaz.com\/index.php?rest_route=%2Fwp%2Fv2%2Fmedia&parent=9459"}],"wp:term":[{"taxonomy":"category","embeddable":true,"href":"http:\/\/www.korhanyilmaz.com\/index.php?rest_route=%2Fwp%2Fv2%2Fcategories&post=9459"},{"taxonomy":"post_tag","embeddable":true,"href":"http:\/\/www.korhanyilmaz.com\/index.php?rest_route=%2Fwp%2Fv2%2Ftags&post=9459"}],"curies":[{"name":"wp","href":"https:\/\/api.w.org\/{rel}","templated":true}]}}