{"id":9443,"date":"2009-06-01T15:44:37","date_gmt":"2009-06-01T12:44:37","guid":{"rendered":"http:\/\/www.korhanyilmaz.com\/?p=9443"},"modified":"2009-06-01T15:44:37","modified_gmt":"2009-06-01T12:44:37","slug":"dusen-ucaktaki-turk-yolcu","status":"publish","type":"post","link":"http:\/\/www.korhanyilmaz.com\/?p=9443","title":{"rendered":"D\u00fc\u015fen u\u00e7aktaki T\u00fcrk yolcu"},"content":{"rendered":"<p style=\"text-align: center;\"><img loading=\"lazy\" decoding=\"async\" class=\"size-full wp-image-9444  aligncenter\" src=\"http:\/\/www.korhanyilmaz.com\/wp-content\/uploads\/2009\/06\/020620090353076052455_3.jpg\" alt=\"\" width=\"343\" height=\"219\" \/><\/p>\n<p style=\"text-align: justify;\"><strong>\u00dc\u00e7 dil bilen arp sanat\u00e7\u0131s\u0131 Necipo\u011flu da u\u00e7aktayd\u0131.<\/strong><\/p>\n<p style=\"text-align: justify;\">BREZ\u0130LYA\u2019DAN Paris\u2019e giderken Atlas Okyanusu\u2019na d\u00fc\u015fen Air France\u2019a ait u\u00e7akta d\u00fcnyaca \u00fcnl\u00fc T\u00fcrk arp sanat\u00e7\u0131s\u0131 Fatma Ceren Necipo\u011flu\u2019nun da oldu\u011fu ortaya \u00e7\u0131kt\u0131. Eski\u015fehir Anadolu \u00dcniversitesi Devlet Konservatuvar\u0131 \u00f6\u011fretim g\u00f6revlisi olan Necipo\u011flu, 28-29 May\u0131s\u2019ta d\u00fczenlenen IV. Rio Arp Festivali\u2019ne kat\u0131lmak i\u00e7in Rio de Janeiro\u2019ya gitmi\u015fti.<\/p>\n<p style=\"text-align: justify;\">Anadolu \u00dcniversitesi Rekt\u00f6r\u00fc Prof. Dr. Fevzi S\u00fcrmeli, Ceren Necipo\u011flu\u2019nun bir davet \u00fczerine Brezilya\u2019ya gitti\u011fini ve 28 May\u0131s\u2019ta Rio de Jenerio Silahl\u0131 Kuvvetler M\u00fczesi\u2019nde arp konseri verdi\u011fini bildirdi.<\/p>\n<p style=\"text-align: justify;\">Rekt\u00f6r S\u00fcrmeli, \u201cYolculardan birinin \u00f6\u011fretim g\u00f6revlimiz Necipo\u011flu oldu\u011funu \u00f6\u011frendik. Ailesi ve biz \u015fu ana kadar kendisinden haber alamad\u0131k. \u0130n\u015fallah hay\u0131rl\u0131 haberler al\u0131r\u0131z\u201d dedi.<!--more--><\/p>\n<p style=\"text-align: justify;\">A\u00dc Devlet Konservatuvar\u0131 Piyano Anasanat Dal\u0131 Ba\u015fkan\u0131 Do\u00e7. Dr. Selra Balkarl\u0131 Can, \u00e7ok ba\u015far\u0131l\u0131 ve disiplinli olan Ceren Necipo\u011flu\u2019nun s\u0131rf 4 \u00f6\u011frencisinin final s\u0131nav\u0131n\u0131 yapmak i\u00e7in erken d\u00f6nd\u00fc\u011f\u00fcn\u00fc bildirdi. Prof. Ya\u015far Ho\u015fcan da Necipo\u011flu hakk\u0131nda \u015fu bilgiyi verdi: \u201cLojmanda kal\u0131yordu, \u00e7ok \u00e7al\u0131\u015fkand\u0131. Kalbimizin bir yan\u0131 ondan g\u00fczel haber alaca\u011f\u0131m\u0131z\u0131 s\u00f6yl\u00fcyor. Bu iyi dileklerle onunla birlikte olmay\u0131 hayal ediyoruz.\u201d<\/p>\n<p style=\"text-align: justify;\"><strong>SON R\u00d6PORTAJINDA NE DED\u0130?<\/strong><\/p>\n<p style=\"text-align: justify;\">\u2018\u00c7ok \u00f6zel iki eser seslendirece\u011fim\u2019<\/p>\n<p style=\"text-align: justify;\">CEREN Necipo\u011flu, Brezilya\u2019ya gitmeden \u00f6nce verdi\u011fi bir r\u00f6portajda, festivalde T\u00fcrk besteci Hasan U\u00e7arsu\u2019nun ya\u015fad\u0131\u011f\u0131 1999 depreminden etkilenerek yazd\u0131\u011f\u0131 \u201cMavi Ay Gri, Sar\u0131 Gece Duvar\u201d isimli eserini seslendirece\u011fini s\u00f6ylemi\u015fti. Necipo\u011flu, ayr\u0131ca festivalde T\u00fcrk m\u00fczi\u011finin \u00f6nemli eserlerinden \u2019Sultan-i Yeg\u00e2h Saz Semaisi\u2019 ve \u2019Nivahend Saz Semaisi\u2019ni de arp ile \u00e7alaca\u011f\u0131n\u0131 bildirmi\u015fti. Necipo\u011flu r\u00f6portajda \u201cBesteciler Garrett Bymes ile Danyal Mant\u0131\u2019n\u0131n Sultan-i Yegah Semaisi bana ithafen bestelendi. Rio\u2019da verece\u011fim konserin ayn\u0131s\u0131n\u0131 Eski\u015fehir\u2019de verdim. Programda hem T\u00fcrkiye hem de Brezilya a\u00e7\u0131s\u0131ndan bir\u00e7ok ilk seslendirili\u015f yer al\u0131yor\u201d demi\u015fti.<\/p>\n<p style=\"text-align: justify;\"><strong>FATMA CEREN NEC\u0130PO\u011eLU K\u0130MD\u0130R?<\/strong><\/p>\n<p style=\"text-align: justify;\">D\u00fcnyaca \u00fcnl\u00fc arp sanat\u00e7\u0131s\u0131yd\u0131<\/p>\n<p style=\"text-align: justify;\">CEREN Necipo\u011flu m\u00fczik \u00e7al\u0131\u015fmalar\u0131na \u0130stanbul Devlet Konservatuvar\u0131\u2019nda ba\u015flad\u0131. Konservatuvar\u0131n Arp Sanat Dal\u0131 \u0130leri Devresi\u2019nden ve \u0130stanbul Alman Lisesi ve Bo\u011fazi\u00e7i \u00dcniversitesi M\u00fctercim-Terc\u00fcmanl\u0131k B\u00f6l\u00fcmleri\u2019nden mezun oldu. Bir s\u00fcre arpist \u015eirin Pancaro\u011flu ile \u00e7al\u0131\u015ft\u0131ktan sonra burs kazanarak gitti\u011fi ABD\u2019de \u00f6nce Louisiana Devlet \u00dcniversitesi\u2019ne, ard\u0131ndan Indiana \u00dcniversitesi M\u00fczik Fak\u00fcltesi\u2019nde d\u00fcnyaca \u00fcnl\u00fc arpist ve pedagog Susann McDonald\u2019\u0131n s\u0131n\u0131f\u0131na bursla kabul edilerek arp dal\u0131nda master derecesini elde etti. 2002 \u0130svi\u00e7re\u2019de yap\u0131lan D\u00fcnya Arp Kongresi\u2019ne davet edilen Necipo\u011flu\u2019nun buradaki performans\u0131 \u201cDinamik, \u00fcst\u00fcn bir icra\u201d olarak nitelendi.<\/p>\n<p style=\"text-align: justify;\">Ayr\u0131ca 2004\u2019te Necipo\u011flu\u2019nun, Byrnes\u2019\u00fcn kendisine ithaf etti\u011fi solo arp yap\u0131t\u0131 \u201cVisions in Twilight\u201d uluslararas\u0131 en sayg\u0131n arp yar\u0131\u015fmalar\u0131ndan USA International Harp Competition\u2019\u0131n \u00e7a\u011fda\u015f yap\u0131t kategorisine zorunlu eser se\u00e7ildi. 2002\u2019de Fransa\u2019da Academie Musicale de Villecroze\u2019de arpist Marie-Claire Jamet\u2019nin verdi\u011fi ustal\u0131k kurslar\u0131na d\u00fcnya \u00fczerinde davet edilen 12 gen\u00e7 arp\u00e7\u0131dan biri olan Necipo\u011flu, 2002\u2019de Anadolu \u00dcniversitesi Devlet Konservatuvar\u0131\u2019nda arp sanat dal\u0131 kurucu \u00f6\u011fretim eleman\u0131 oldu. \u00c7ok aranan bir orkestra arpisti olan Necipo\u011flu, BBDSO, EBBSO ve A\u00dc Senfoni Orkestralar\u0131 ile solist olarak konserler verdi, TRT yap\u0131m\u0131 \u201cAnadolu Ninnileri Belgeseli\u201d i\u00e7in kay\u0131t yapt\u0131, Cumhuriyet\u2019in 80. y\u0131l\u0131 kutlama etkinlikleri kapsam\u0131nda bir Trakya turnesi ger\u00e7ekle\u015ftirdi, BBDSO birinci fl\u00fct\u00e7\u00fcs\u00fc Sibel Ayhan\u2019la konserler verdi.<\/p>\n<p style=\"text-align: justify;\"><span style=\"color: #888888;\">Kaynak : Vatan<\/span><\/p>\n","protected":false},"excerpt":{"rendered":"<p style=\"text-align: center;\">\n<p style=\"text-align: justify;\">\u00dc\u00e7 dil bilen arp sanat\u00e7\u0131s\u0131 Necipo\u011flu da u\u00e7aktayd\u0131.<\/p>\n<p style=\"text-align: justify;\">BREZ\u0130LYA\u2019DAN Paris\u2019e giderken Atlas Okyanusu\u2019na d\u00fc\u015fen Air France\u2019a ait u\u00e7akta d\u00fcnyaca \u00fcnl\u00fc T\u00fcrk arp sanat\u00e7\u0131s\u0131 Fatma Ceren Necipo\u011flu\u2019nun da oldu\u011fu ortaya \u00e7\u0131kt\u0131. Eski\u015fehir Anadolu \u00dcniversitesi Devlet Konservatuvar\u0131 \u00f6\u011fretim g\u00f6revlisi olan Necipo\u011flu, 28-29 May\u0131s\u2019ta d\u00fczenlenen IV. Rio Arp Festivali\u2019ne kat\u0131lmak i\u00e7in <\/p>\n","protected":false},"author":1,"featured_media":0,"comment_status":"open","ping_status":"closed","sticky":false,"template":"","format":"standard","meta":{"footnotes":""},"categories":[105],"tags":[],"class_list":["post-9443","post","type-post","status-publish","format-standard","hentry","category-gundem","odd"],"_links":{"self":[{"href":"http:\/\/www.korhanyilmaz.com\/index.php?rest_route=\/wp\/v2\/posts\/9443","targetHints":{"allow":["GET"]}}],"collection":[{"href":"http:\/\/www.korhanyilmaz.com\/index.php?rest_route=\/wp\/v2\/posts"}],"about":[{"href":"http:\/\/www.korhanyilmaz.com\/index.php?rest_route=\/wp\/v2\/types\/post"}],"author":[{"embeddable":true,"href":"http:\/\/www.korhanyilmaz.com\/index.php?rest_route=\/wp\/v2\/users\/1"}],"replies":[{"embeddable":true,"href":"http:\/\/www.korhanyilmaz.com\/index.php?rest_route=%2Fwp%2Fv2%2Fcomments&post=9443"}],"version-history":[{"count":0,"href":"http:\/\/www.korhanyilmaz.com\/index.php?rest_route=\/wp\/v2\/posts\/9443\/revisions"}],"wp:attachment":[{"href":"http:\/\/www.korhanyilmaz.com\/index.php?rest_route=%2Fwp%2Fv2%2Fmedia&parent=9443"}],"wp:term":[{"taxonomy":"category","embeddable":true,"href":"http:\/\/www.korhanyilmaz.com\/index.php?rest_route=%2Fwp%2Fv2%2Fcategories&post=9443"},{"taxonomy":"post_tag","embeddable":true,"href":"http:\/\/www.korhanyilmaz.com\/index.php?rest_route=%2Fwp%2Fv2%2Ftags&post=9443"}],"curies":[{"name":"wp","href":"https:\/\/api.w.org\/{rel}","templated":true}]}}