{"id":9434,"date":"2009-06-02T08:37:29","date_gmt":"2009-06-02T05:37:29","guid":{"rendered":"http:\/\/www.korhanyilmaz.com\/?p=9434"},"modified":"2009-06-02T08:37:29","modified_gmt":"2009-06-02T05:37:29","slug":"kazada-korkunc-suphe-neden-ekonomik-kriz-mi","status":"publish","type":"post","link":"http:\/\/www.korhanyilmaz.com\/?p=9434","title":{"rendered":"Kazada korkun\u00e7 \u015f\u00fcphe: Neden ekonomik kriz mi?"},"content":{"rendered":"<p style=\"text-align: center;\"><img loading=\"lazy\" decoding=\"async\" class=\"aligncenter size-full wp-image-9435\" src=\"http:\/\/www.korhanyilmaz.com\/wp-content\/uploads\/2009\/06\/020620090322124592517.jpg\" alt=\"\" width=\"329\" height=\"210\" \/><\/p>\n<p style=\"text-align: justify;\">AIR France yetkilileri, Brezilya a\u00e7\u0131klar\u0131nda ya\u015fanan kazada u\u00e7a\u011f\u0131n f\u0131rt\u0131nan\u0131n i\u00e7inde kalmas\u0131 nedeniyle d\u00fc\u015ft\u00fc\u011f\u00fc tahmininde bulunurken, havac\u0131l\u0131k uzmanlar\u0131 kazan\u0131n as\u0131l sebebinin \u201cekonomik kriz\u201d olabilece\u011fine dikkat \u00e7ekiyor. Uzmanlar\u0131n en \u00e7ok \u00fczerinde durdu\u011fu nokta, u\u00e7a\u011f\u0131n rotas\u0131 \u00fczerindeki f\u0131rt\u0131nan\u0131n nas\u0131l olup da tespit edilemedi\u011fi&#8230; \u00c7\u00fcnk\u00fc bu tip u\u00e7u\u015flarda rota \u00fczerindeki hava \u015fartlar\u0131 uydular arac\u0131l\u0131\u011f\u0131yla tespit ediliyor ve gerekli g\u00f6r\u00fcl\u00fcrse rota de\u011fi\u015ftiriliyor. G\u00fc\u00e7l\u00fc f\u0131rt\u0131nalarla kar\u015f\u0131la\u015f\u0131ld\u0131\u011f\u0131nda ise do\u011frudan f\u0131rt\u0131nan\u0131n i\u00e7inden ge\u00e7mek yerine \u00e7evresinden dola\u015f\u0131l\u0131yor. Bu da mesafeyi uzatt\u0131\u011f\u0131 i\u00e7in fazladan yak\u0131t masraf\u0131na yol a\u00e7\u0131yor.<\/p>\n<p style=\"text-align: justify;\"><strong>Ama\u00e7 yak\u0131t tasarrufu muydu?<\/strong><\/p>\n<p style=\"text-align: justify;\">Havac\u0131l\u0131k sitelerinde yap\u0131lan yorumlara g\u00f6re, pilotlar f\u0131rt\u0131nay\u0131 g\u00f6rm\u00fc\u015f olmalar\u0131na ra\u011fmen, \u015firketleri taraf\u0131ndan tasarrufa zorland\u0131klar\u0131 i\u00e7in yak\u0131t masraf\u0131ndan ka\u00e7\u0131narak, rota de\u011fi\u015ftirmemeye karar vermi\u015f olabilir. Uzun s\u00fcredir havayolu \u015firketleri azalan yolcu say\u0131s\u0131 ve artan maliyetler nedeniyle sert tedbirler al\u0131yordu. Yolcu oran\u0131 y\u00fczde 9.4 azalan Air France da bu y\u0131l 200 milyon euro zarar edece\u011fi tahmininde bulunmu\u015ftu. \u015eirket nisanda da personelini 3 bin ki\u015fi azaltaca\u011f\u0131n\u0131 a\u00e7\u0131klam\u0131\u015ft\u0131.<\/p>\n<p style=\"text-align: justify;\"><span style=\"color: #888888;\">Kaynak : Vatan<\/span><\/p>\n","protected":false},"excerpt":{"rendered":"<p style=\"text-align: center;\">\n<p style=\"text-align: justify;\">AIR France yetkilileri, Brezilya a\u00e7\u0131klar\u0131nda ya\u015fanan kazada u\u00e7a\u011f\u0131n f\u0131rt\u0131nan\u0131n i\u00e7inde kalmas\u0131 nedeniyle d\u00fc\u015ft\u00fc\u011f\u00fc tahmininde bulunurken, havac\u0131l\u0131k uzmanlar\u0131 kazan\u0131n as\u0131l sebebinin \u201cekonomik kriz\u201d olabilece\u011fine dikkat \u00e7ekiyor. Uzmanlar\u0131n en \u00e7ok \u00fczerinde durdu\u011fu nokta, u\u00e7a\u011f\u0131n rotas\u0131 \u00fczerindeki f\u0131rt\u0131nan\u0131n nas\u0131l olup da tespit edilemedi\u011fi&#8230; \u00c7\u00fcnk\u00fc bu tip u\u00e7u\u015flarda rota \u00fczerindeki hava \u015fartlar\u0131 uydular arac\u0131l\u0131\u011f\u0131yla <\/p>\n","protected":false},"author":1,"featured_media":0,"comment_status":"open","ping_status":"closed","sticky":false,"template":"","format":"standard","meta":{"footnotes":""},"categories":[105],"tags":[],"class_list":["post-9434","post","type-post","status-publish","format-standard","hentry","category-gundem","odd"],"_links":{"self":[{"href":"http:\/\/www.korhanyilmaz.com\/index.php?rest_route=\/wp\/v2\/posts\/9434","targetHints":{"allow":["GET"]}}],"collection":[{"href":"http:\/\/www.korhanyilmaz.com\/index.php?rest_route=\/wp\/v2\/posts"}],"about":[{"href":"http:\/\/www.korhanyilmaz.com\/index.php?rest_route=\/wp\/v2\/types\/post"}],"author":[{"embeddable":true,"href":"http:\/\/www.korhanyilmaz.com\/index.php?rest_route=\/wp\/v2\/users\/1"}],"replies":[{"embeddable":true,"href":"http:\/\/www.korhanyilmaz.com\/index.php?rest_route=%2Fwp%2Fv2%2Fcomments&post=9434"}],"version-history":[{"count":0,"href":"http:\/\/www.korhanyilmaz.com\/index.php?rest_route=\/wp\/v2\/posts\/9434\/revisions"}],"wp:attachment":[{"href":"http:\/\/www.korhanyilmaz.com\/index.php?rest_route=%2Fwp%2Fv2%2Fmedia&parent=9434"}],"wp:term":[{"taxonomy":"category","embeddable":true,"href":"http:\/\/www.korhanyilmaz.com\/index.php?rest_route=%2Fwp%2Fv2%2Fcategories&post=9434"},{"taxonomy":"post_tag","embeddable":true,"href":"http:\/\/www.korhanyilmaz.com\/index.php?rest_route=%2Fwp%2Fv2%2Ftags&post=9434"}],"curies":[{"name":"wp","href":"https:\/\/api.w.org\/{rel}","templated":true}]}}